{"id":39360,"date":"2026-08-14T11:12:00","date_gmt":"2026-08-14T09:12:00","guid":{"rendered":"https:\/\/euapp01.newsmemory.com\/lamarseillaise\/news\/?p=39360"},"modified":"2026-08-14T11:35:42","modified_gmt":"2026-08-14T09:35:42","slug":"zinedine-zidane-devoile-son-staff","status":"publish","type":"post","link":"https:\/\/euapp01.newsmemory.com\/lamarseillaise\/news\/2026\/08\/14\/zinedine-zidane-devoile-son-staff\/","title":{"rendered":"Zin\u00e9dine Zidane d\u00e9voile son staff"},"content":{"rendered":"<div class=\"paragraph\">\n<p>Sans surprise, David Bettoni sera son adjoint. L\u2019ancien joueur du FC Istres a \u00e9t\u00e9 l\u2019adjoint de Zizou au R\u00e9al, il est logique de le retrouver chez les Bleus. Pour entra\u00eener les gardiens de but, Fabien Barthez va succ\u00e9der \u00e0 Franck Raviot. Pour le m\u00e9dical, c\u2019est l\u2019ancien gardien de but pensionnaire du centre de formation du FC Martigues Herv\u00e9 Collado qui sera le m\u00e9decin en chef.<\/p>\n<\/p><\/div>\n","protected":false},"excerpt":{"rendered":"Sans surprise, David Bettoni sera son adjoint. L&rsquo;ancien joueur du FC Istres a &eacute;t&eacute; l&rsquo;adjoint de Zizou au R&eacute;al, il est logique de le retrouver chez les Bleus. Pour entra&icirc;ner les gardiens de but, Fabien Barthez va &#8230;","protected":false},"author":1,"featured_media":39361,"comment_status":"open","ping_status":"open","sticky":false,"template":"","format":"standard","meta":{"footnotes":""},"categories":[7],"tags":[999,6254,1159,4885,13,572,4066],"news-destination":[],"news-source":[475],"is_homepage":[],"ta_other":[],"class_list":["post-39360","post","type-post","status-publish","format-standard","has-post-thumbnail","hentry","category-sports","tag-equipe-de-france","tag-fabien-barthez","tag-fc-martigues","tag-foot","tag-football","tag-france","tag-zinedine-zidane","news-source-website"],"_links":{"self":[{"href":"https:\/\/euapp01.newsmemory.com\/lamarseillaise\/news\/wp-json\/wp\/v2\/posts\/39360","targetHints":{"allow":["GET"]}}],"collection":[{"href":"https:\/\/euapp01.newsmemory.com\/lamarseillaise\/news\/wp-json\/wp\/v2\/posts"}],"about":[{"href":"https:\/\/euapp01.newsmemory.com\/lamarseillaise\/news\/wp-json\/wp\/v2\/types\/post"}],"author":[{"embeddable":true,"href":"https:\/\/euapp01.newsmemory.com\/lamarseillaise\/news\/wp-json\/wp\/v2\/users\/1"}],"replies":[{"embeddable":true,"href":"https:\/\/euapp01.newsmemory.com\/lamarseillaise\/news\/wp-json\/wp\/v2\/comments?post=39360"}],"version-history":[{"count":1,"href":"https:\/\/euapp01.newsmemory.com\/lamarseillaise\/news\/wp-json\/wp\/v2\/posts\/39360\/revisions"}],"predecessor-version":[{"id":39362,"href":"https:\/\/euapp01.newsmemory.com\/lamarseillaise\/news\/wp-json\/wp\/v2\/posts\/39360\/revisions\/39362"}],"wp:featuredmedia":[{"embeddable":true,"href":"https:\/\/euapp01.newsmemory.com\/lamarseillaise\/news\/wp-json\/wp\/v2\/media\/39361"}],"wp:attachment":[{"href":"https:\/\/euapp01.newsmemory.com\/lamarseillaise\/news\/wp-json\/wp\/v2\/media?parent=39360"}],"wp:term":[{"taxonomy":"category","embeddable":true,"href":"https:\/\/euapp01.newsmemory.com\/lamarseillaise\/news\/wp-json\/wp\/v2\/categories?post=39360"},{"taxonomy":"post_tag","embeddable":true,"href":"https:\/\/euapp01.newsmemory.com\/lamarseillaise\/news\/wp-json\/wp\/v2\/tags?post=39360"},{"taxonomy":"news-destination","embeddable":true,"href":"https:\/\/euapp01.newsmemory.com\/lamarseillaise\/news\/wp-json\/wp\/v2\/news-destination?post=39360"},{"taxonomy":"news-source","embeddable":true,"href":"https:\/\/euapp01.newsmemory.com\/lamarseillaise\/news\/wp-json\/wp\/v2\/news-source?post=39360"},{"taxonomy":"is_homepage","embeddable":true,"href":"https:\/\/euapp01.newsmemory.com\/lamarseillaise\/news\/wp-json\/wp\/v2\/is_homepage?post=39360"},{"taxonomy":"ta_other","embeddable":true,"href":"https:\/\/euapp01.newsmemory.com\/lamarseillaise\/news\/wp-json\/wp\/v2\/ta_other?post=39360"}],"curies":[{"name":"wp","href":"https:\/\/api.w.org\/{rel}","templated":true}]}}