{"id":39357,"date":"2026-08-14T10:12:00","date_gmt":"2026-08-14T08:12:00","guid":{"rendered":"https:\/\/euapp01.newsmemory.com\/lamarseillaise\/news\/?p=39357"},"modified":"2026-08-14T10:42:33","modified_gmt":"2026-08-14T08:42:33","slug":"une-nouvelle-retrospective-de-gilbert-ganteaume","status":"publish","type":"post","link":"https:\/\/euapp01.newsmemory.com\/lamarseillaise\/news\/2026\/08\/14\/une-nouvelle-retrospective-de-gilbert-ganteaume\/","title":{"rendered":"Une nouvelle r\u00e9trospective de Gilbert Ganteaume"},"content":{"rendered":"<div class=\"paragraph\">\n<p>Des bateaux, des grues, des falaises&#8230; Une trentaine de tableaux de l\u2019artiste ciotaden Gilbert Ganteaume habillent les murs de la Chapelle des p\u00e9nitents bleus \u00e0 La Ciotat. L\u2019exposition \u00ab\u00a0N\u00e9 de l\u2019acier\u00a0\u00bb, programm\u00e9e depuis le 7\u00a0ao\u00fbt et jusqu\u2019au 5\u00a0septembre, a \u00e9t\u00e9 pens\u00e9e par l\u2019association Ganteaume, Artiste de la Mati\u00e8re (GAM). Elle raconte l\u2019\u0153uvre du peintre de 94\u00a0ans, \u00e0 travers une r\u00e9trospective d\u00e9coup\u00e9e en quatre volets. Le premier porte sur sa naissance dans les chantiers navals, le second sur son engagement syndical, le troisi\u00e8me sur la singularit\u00e9 de son \u0153uvre artistique et le dernier sur son attachement \u00e0 La\u00a0Ciotat. <i>\u00ab<\/i><i>\u00a0<\/i><i>Il est profond\u00e9ment \u00e9pris de sa ville. C\u2019est une des sources d\u2019inspiration de ses peintures. Son \u0153uvre est impr\u00e9gn\u00e9e de l\u2019histoire de La<\/i><i>\u00a0<\/i><i>Ciotat, sous l\u2019angle des luttes sociales des habitants<\/i><i>\u00a0<\/i>\u00bb, explique Marc Le\u00a0Chartier, secr\u00e9taire de l\u2019association GAM. D\u00e8s le plus jeune \u00e2ge, l\u2019artiste apprend des techniques de traitement de l\u2019acier sur les chantiers navals. <i>\u00ab<\/i><i>\u00a0<\/i><i>Il utilise son savoir initial pour le r\u00e9injecter dans la production artistique de ses \u0153uvres<\/i><i>\u00a0<\/i><i>\u00bb<\/i>, poursuit-il.<\/p>\n<p>Du chantier \u00e0 la peinture<\/p>\n<p>Gilbert Ganteaume est n\u00e9 \u00e0 la cit\u00e9 ouvri\u00e8re de La\u00a0Ciotat en 1932. Il entre au chantier naval comme apprenti, \u00e0 14\u00a0ans, en 1946. <i>\u00ab<\/i><i>\u00a0<\/i><i>\u00c0 cette \u00e9poque, quand l\u2019\u00e9cole \u00e9tait finie, les gar\u00e7ons allaient \u00e0 l\u2019\u00e9cole des chantiers. Leur chemin \u00e9tait trac\u00e9. En trois ans, on essayait de voir leurs capacit\u00e9s et dans quelle section on les mettait<\/i><i>\u00a0<\/i><i>\u00bb<\/i>, raconte la fille du peintre, Christiane Ganteaume. Il devient traceur, ayant d\u00e9j\u00e0 des dispositions pour la g\u00e9om\u00e9trie et l\u2019espace. Puis, il se syndicalise. <i>\u00ab<\/i><i>\u00a0<\/i><i>Les injustices l\u2019ont pouss\u00e9 \u00e0 devenir syndicaliste pour d\u00e9fendre ses coll\u00e8gues<\/i><i>\u00a0<\/i><i>\u00bb<\/i>, relate celle qui est aussi la pr\u00e9sidente de l\u2019association GAM. La peinture, elle, viendra plus tard, dans les ann\u00e9es\u00a060. <i>\u00ab<\/i><i>\u00a0<\/i><i>Il n\u2019osait pas, il avait peur qu\u2019on se moque de lui, surtout au chantier. Selon la l\u00e9gende, et elle est vraie, ma m\u00e8re lui a offert deux pinceaux et trois tubes de peinture pour No\u00ebl, pour qu\u2019il commence \u00e0 peindre. Elle ne se doutait pas qu\u2019il ne s\u2019arr\u00eaterait plus apr\u00e8s<\/i><i>\u00a0<\/i><i>\u00bb<\/i>, confie Christiane Ganteaume<i>. <\/i>Fond\u00e9e il y a deux ans, l\u2019association GAM a pour objectif de promouvoir l\u2019\u0153uvre de Gilbert Ganteaume. <i>\u00ab<\/i><i>\u00a0<\/i><i>Le but c\u2019est de faire conna\u00eetre son \u0153uvre et son r\u00f4le dans l\u2019histoire de La<\/i><i>\u00a0<\/i><i>Ciotat, c\u2019est un travail important<\/i><i>\u00a0<\/i><i>\u00bb<\/i>, soutient la pr\u00e9sidente de l\u2019association.<\/p>\n<\/p><\/div>\n","protected":false},"excerpt":{"rendered":"Des bateaux, des grues, des falaises&#8230; Une trentaine de tableaux de l&rsquo;artiste ciotaden Gilbert Ganteaume habillent les murs de la Chapelle des p&eacute;nitents bleus &agrave; La Ciotat. L&rsquo;exposition &laquo;&nbsp;N&eacute; de &#8230;","protected":false},"author":1,"featured_media":39358,"comment_status":"open","ping_status":"open","sticky":false,"template":"","format":"standard","meta":{"footnotes":""},"categories":[32],"tags":[992,2458,10,6085,279,280,743,378,3580,2349,988,2001],"news-destination":[],"news-source":[475],"is_homepage":[],"ta_other":[],"class_list":["post-39357","post","type-post","status-publish","format-standard","has-post-thumbnail","hentry","category-culture","tag-artiste","tag-beaux-arts","tag-bouches-du-rhone","tag-cest-lete","tag-exposition","tag-histoire","tag-la-ciotat","tag-local","tag-peintre","tag-tableaux","tag-week-end","tag-weekend","news-source-website"],"_links":{"self":[{"href":"https:\/\/euapp01.newsmemory.com\/lamarseillaise\/news\/wp-json\/wp\/v2\/posts\/39357","targetHints":{"allow":["GET"]}}],"collection":[{"href":"https:\/\/euapp01.newsmemory.com\/lamarseillaise\/news\/wp-json\/wp\/v2\/posts"}],"about":[{"href":"https:\/\/euapp01.newsmemory.com\/lamarseillaise\/news\/wp-json\/wp\/v2\/types\/post"}],"author":[{"embeddable":true,"href":"https:\/\/euapp01.newsmemory.com\/lamarseillaise\/news\/wp-json\/wp\/v2\/users\/1"}],"replies":[{"embeddable":true,"href":"https:\/\/euapp01.newsmemory.com\/lamarseillaise\/news\/wp-json\/wp\/v2\/comments?post=39357"}],"version-history":[{"count":1,"href":"https:\/\/euapp01.newsmemory.com\/lamarseillaise\/news\/wp-json\/wp\/v2\/posts\/39357\/revisions"}],"predecessor-version":[{"id":39359,"href":"https:\/\/euapp01.newsmemory.com\/lamarseillaise\/news\/wp-json\/wp\/v2\/posts\/39357\/revisions\/39359"}],"wp:featuredmedia":[{"embeddable":true,"href":"https:\/\/euapp01.newsmemory.com\/lamarseillaise\/news\/wp-json\/wp\/v2\/media\/39358"}],"wp:attachment":[{"href":"https:\/\/euapp01.newsmemory.com\/lamarseillaise\/news\/wp-json\/wp\/v2\/media?parent=39357"}],"wp:term":[{"taxonomy":"category","embeddable":true,"href":"https:\/\/euapp01.newsmemory.com\/lamarseillaise\/news\/wp-json\/wp\/v2\/categories?post=39357"},{"taxonomy":"post_tag","embeddable":true,"href":"https:\/\/euapp01.newsmemory.com\/lamarseillaise\/news\/wp-json\/wp\/v2\/tags?post=39357"},{"taxonomy":"news-destination","embeddable":true,"href":"https:\/\/euapp01.newsmemory.com\/lamarseillaise\/news\/wp-json\/wp\/v2\/news-destination?post=39357"},{"taxonomy":"news-source","embeddable":true,"href":"https:\/\/euapp01.newsmemory.com\/lamarseillaise\/news\/wp-json\/wp\/v2\/news-source?post=39357"},{"taxonomy":"is_homepage","embeddable":true,"href":"https:\/\/euapp01.newsmemory.com\/lamarseillaise\/news\/wp-json\/wp\/v2\/is_homepage?post=39357"},{"taxonomy":"ta_other","embeddable":true,"href":"https:\/\/euapp01.newsmemory.com\/lamarseillaise\/news\/wp-json\/wp\/v2\/ta_other?post=39357"}],"curies":[{"name":"wp","href":"https:\/\/api.w.org\/{rel}","templated":true}]}}