{"id":39354,"date":"2026-08-14T09:35:00","date_gmt":"2026-08-14T07:35:00","guid":{"rendered":"https:\/\/euapp01.newsmemory.com\/lamarseillaise\/news\/?p=39354"},"modified":"2026-08-21T08:11:15","modified_gmt":"2026-08-21T06:11:15","slug":"les-visages-oublies-de-la-liberation-de-la-region","status":"publish","type":"post","link":"https:\/\/euapp01.newsmemory.com\/lamarseillaise\/news\/2026\/08\/14\/les-visages-oublies-de-la-liberation-de-la-region\/","title":{"rendered":"Les visages oubli\u00e9s de la Lib\u00e9ration de la r\u00e9gion"},"content":{"rendered":"<div class=\"paragraph\">\n<p>Alors qu\u2019Hitler est lourdement d\u00e9stabilis\u00e9 par le d\u00e9barquement des alli\u00e9s en Provence dans la nuit du 14\u00a0au 15\u00a0ao\u00fbt 1944, il ordonne le 18\u00a0ao\u00fbt \u00e0 ses arm\u00e9es de d\u00e9fendre Marseille et Toulon \u00ab\u00a0<i>jusqu\u2019\u00e0 la derni\u00e8re cartouche<\/i>\u00a0\u00bb. D\u2019apr\u00e8s Robert Mencherini, historien regrett\u00e9, cette d\u00e9cision est tout sauf un hasard\u00a0: \u00ab<i>\u00a0<\/i><i>Ces deux ports en eau profonde constituent des enjeux strat\u00e9giques pour l\u2019approvisionnement des arm\u00e9es alli\u00e9es en marche vers l\u2019Allemagne<\/i>\u00a0\u00bb, expliquait-il. Apr\u00e8s Toulon, le port de Marseille est finalement lib\u00e9r\u00e9 le 28\u00a0ao\u00fbt 1944, par l\u2019arm\u00e9e\u00a0B. \u00ab\u00a0<i>Command\u00e9e par le g\u00e9n\u00e9ral de Lattre de Tassigny mais plac\u00e9e, pour le d\u00e9barquement, sous direction am\u00e9ricaine, elle regroupe environ 260<\/i><i>\u00a0<\/i><i>000<\/i><i>\u00a0<\/i><i>hommes<\/i>\u00a0\u00bb, pr\u00e9cisait Robert Mencherini. \u00ab<i>\u00a0<\/i><i>Elle compte, aux c\u00f4t\u00e9s des &#8220;<\/i><i>Fran\u00e7ais libres<\/i><i>&#8220;<\/i>, <i>une majorit\u00e9 de soldats africains<\/i>\u00a0\u00bb, pr\u00e9cisait l\u2019historien, notamment des tirailleurs s\u00e9n\u00e9galais, alg\u00e9riens ou encore marocains, alors appel\u00e9s les soldats \u00ab\u00a0indig\u00e8nes\u00a0\u00bb.<\/p>\n<p>\u00ab\u00a0<i>Tout l\u2019empire colonial s\u2019est massivement engag\u00e9 dans l\u2019arm\u00e9e, notamment les Europ\u00e9ens d\u2019Afrique du Nord<\/i>\u00a0\u00bb, souligne Gr\u00e9goire Georges-Picot, historien du Groupe Marat. Fond\u00e9e en 1998 par d\u2019anciens r\u00e9sistants et historiens, l\u2019association s\u2019est donn\u00e9 pour mission de mettre en lumi\u00e8re l\u2019histoire des soldats de l\u2019empire colonial, venus au secours des insurg\u00e9s marseillais en ao\u00fbt\u00a01944. \u00ab\u00a0<i>Lors du d\u00e9fil\u00e9 de la victoire, sur les photos de l\u2019\u00e9poque, les soldats coloniaux sont au premier rang<\/i>\u00a0\u00bb, rappelle l\u2019historien. Mais cette \u00ab\u00a0<i>m\u00e9moire imm\u00e9diate en sortie de guerre<\/i>\u00a0\u00bb s\u2019efface peu \u00e0 peu \u00e0 mesure que les anciennes colonies acc\u00e8dent \u00e0 l\u2019ind\u00e9pendance, une \u00ab\u00a0<i>phase d\u2019occultation<\/i>\u00a0\u00bb qui dure pr\u00e8s de quarante ans, selon lui. \u00ab\u00a0<i>C\u2019est \u00e0 la fin des ann\u00e9es<\/i><i>\u00a0<\/i><i>1980 que le sujet revient. Les jeunes issus de l\u2019immigration se mettent en qu\u00eate de leurs racines, et les historiens commencent \u00e0 documenter cette histoire qui ressurgit<\/i><i>\u00a0<\/i>\u00bb, r\u00e9v\u00e8le Gr\u00e9goire Georges-Picot.<\/p>\n<\/p><\/div>\n<div class=\"intext\"> Une m\u00e9moire longtemps occult\u00e9e\n              <\/div>\n<div class=\"paragraph\">\n<p>Pour l\u2019historien du Groupe Marat, la reconnaissance du combat de ces soldats est \u00ab\u00a0<i>aujourd\u2019hui fondamentale<\/i><i>\u00a0<\/i>\u00bb. Il insiste cependant sur le r\u00f4le d\u00e9cisif jou\u00e9 par la r\u00e9sistance marseillaise dans la Lib\u00e9ration. \u00ab<i>\u00a0<\/i><i>On c\u00e9l\u00e8bre la lib\u00e9ration de Marseille comme une op\u00e9ration purement militaire. Mais on a tendance \u00e0 oublier que, d\u00e8s le lendemain du d\u00e9barquement du 15<\/i><i>\u00a0<\/i><i>ao\u00fbt, \u00e0 100<\/i><i>\u00a0<\/i><i>kilom\u00e8tres de Marseille, la ville se soul\u00e8ve d\u00e9j\u00e0. Pendant une semaine, les r\u00e9sistants tiennent t\u00eate \u00e0 une arm\u00e9e allemande, seuls<\/i>\u00a0\u00bb, pr\u00e9cise-t-il. \u00ab\u00a0<i>La bataille de Marseille a \u00e9t\u00e9 terriblement meurtri\u00e8re<\/i><i>\u00a0<\/i><i>: 577<\/i><i>\u00a0<\/i><i>personnes sont tu\u00e9es en dix jours. Le point d\u2019orgue des morts sont les 21<\/i><i>\u00a0<\/i><i>et 22<\/i><i>\u00a0<\/i><i>ao\u00fbt, avant m\u00eame l\u2019arriv\u00e9e de l\u2019arm\u00e9e fran\u00e7aise. C\u2019est une insurrection<\/i><i>\u00a0<\/i><i>! Aussi bien \u00e0 l\u2019Estaque qu\u2019au boulevard Michelet, du c\u00f4t\u00e9 de la Valbarelle, dans les quartiers Saint-Barnab\u00e9, Saint-Julien &#8230; Partout<\/i>\u00a0\u00bb, d\u00e9peint l\u2019historien.<\/p>\n<p>Apr\u00e8s six ans de travail, le Groupe Marat a identifi\u00e9 ces 577\u00a0personnes tomb\u00e9es au combat dans une liste aujourd\u2019hui affich\u00e9e devant le char Jeanne-d\u2019Arc devant Notre-Dame de la Garde. Fier de ce travail, Gr\u00e9goire Georges-Picot se souvient encore avoir assist\u00e9 \u00e0 la d\u00e9couverte, par un jeune homme, du pr\u00e9nom de son oncle sur cette liste. Pour l\u2019association, \u00ab\u00a0<i>l\u2019id\u00e9e est de r\u00e9unir la m\u00e9moire r\u00e9sistante et la m\u00e9moire militaire<\/i>\u00a0\u00bb. \u00ab<i>\u00a0<\/i><i>Deux m\u00e9moires qui s\u2019excluent l\u2019une de l\u2019autre, alors que la lib\u00e9ration de Marseille est pr\u00e9cis\u00e9ment la conjonction des deux. Si la population marseillaise ne s\u2019\u00e9tait pas insurg\u00e9e aux c\u00f4t\u00e9s des r\u00e9sistants pour rendre la vie infernale aux Allemands, la lib\u00e9ration de Marseille n\u2019aurait pas \u00e9t\u00e9 aussi simple<\/i>\u00a0\u00bb, conclut l\u2019historien.<\/p>\n<p><b>Andr\u00e9a Goyard-de Castro<\/b><\/p>\n<\/p><\/div>\n","protected":false},"excerpt":{"rendered":"Alors qu&rsquo;Hitler est lourdement d&eacute;stabilis&eacute; par le d&eacute;barquement des alli&eacute;s en Provence dans la nuit du 14&nbsp;au 15&nbsp;ao&ucirc;t 1944, il ordonne le 18&nbsp;ao&ucirc;t &agrave; ses arm&eacute;es de &#8230;","protected":false},"author":1,"featured_media":39355,"comment_status":"open","ping_status":"open","sticky":false,"template":"","format":"standard","meta":{"footnotes":""},"categories":[3926,3925,20],"tags":[6246,2899,1351,10,408,6015,618,724,1647,16,920,97,714,222,1729,4253,2157,597,31],"news-destination":[3944],"news-source":[475],"is_homepage":[],"ta_other":[],"class_list":["post-39354","post","type-post","status-publish","format-standard","has-post-thumbnail","hentry","category-accueil-merge","category-accueil-third","category-societe","tag-15-aout","tag-allies","tag-armee","tag-bouches-du-rhone","tag-combat","tag-debarquement-de-provence","tag-devoir-de-memoire","tag-guerre","tag-liberation","tag-marseille","tag-memoire","tag-patrimoine","tag-region-sud","tag-region-sud-paca","tag-resistance","tag-resistants","tag-soldats","tag-toulon","tag-var","news-destination-homepage","news-source-website"],"_links":{"self":[{"href":"https:\/\/euapp01.newsmemory.com\/lamarseillaise\/news\/wp-json\/wp\/v2\/posts\/39354","targetHints":{"allow":["GET"]}}],"collection":[{"href":"https:\/\/euapp01.newsmemory.com\/lamarseillaise\/news\/wp-json\/wp\/v2\/posts"}],"about":[{"href":"https:\/\/euapp01.newsmemory.com\/lamarseillaise\/news\/wp-json\/wp\/v2\/types\/post"}],"author":[{"embeddable":true,"href":"https:\/\/euapp01.newsmemory.com\/lamarseillaise\/news\/wp-json\/wp\/v2\/users\/1"}],"replies":[{"embeddable":true,"href":"https:\/\/euapp01.newsmemory.com\/lamarseillaise\/news\/wp-json\/wp\/v2\/comments?post=39354"}],"version-history":[{"count":1,"href":"https:\/\/euapp01.newsmemory.com\/lamarseillaise\/news\/wp-json\/wp\/v2\/posts\/39354\/revisions"}],"predecessor-version":[{"id":39356,"href":"https:\/\/euapp01.newsmemory.com\/lamarseillaise\/news\/wp-json\/wp\/v2\/posts\/39354\/revisions\/39356"}],"wp:featuredmedia":[{"embeddable":true,"href":"https:\/\/euapp01.newsmemory.com\/lamarseillaise\/news\/wp-json\/wp\/v2\/media\/39355"}],"wp:attachment":[{"href":"https:\/\/euapp01.newsmemory.com\/lamarseillaise\/news\/wp-json\/wp\/v2\/media?parent=39354"}],"wp:term":[{"taxonomy":"category","embeddable":true,"href":"https:\/\/euapp01.newsmemory.com\/lamarseillaise\/news\/wp-json\/wp\/v2\/categories?post=39354"},{"taxonomy":"post_tag","embeddable":true,"href":"https:\/\/euapp01.newsmemory.com\/lamarseillaise\/news\/wp-json\/wp\/v2\/tags?post=39354"},{"taxonomy":"news-destination","embeddable":true,"href":"https:\/\/euapp01.newsmemory.com\/lamarseillaise\/news\/wp-json\/wp\/v2\/news-destination?post=39354"},{"taxonomy":"news-source","embeddable":true,"href":"https:\/\/euapp01.newsmemory.com\/lamarseillaise\/news\/wp-json\/wp\/v2\/news-source?post=39354"},{"taxonomy":"is_homepage","embeddable":true,"href":"https:\/\/euapp01.newsmemory.com\/lamarseillaise\/news\/wp-json\/wp\/v2\/is_homepage?post=39354"},{"taxonomy":"ta_other","embeddable":true,"href":"https:\/\/euapp01.newsmemory.com\/lamarseillaise\/news\/wp-json\/wp\/v2\/ta_other?post=39354"}],"curies":[{"name":"wp","href":"https:\/\/api.w.org\/{rel}","templated":true}]}}