{"id":39351,"date":"2026-08-14T08:59:00","date_gmt":"2026-08-14T06:59:00","guid":{"rendered":"https:\/\/euapp01.newsmemory.com\/lamarseillaise\/news\/?p=39351"},"modified":"2026-08-21T08:11:15","modified_gmt":"2026-08-21T06:11:15","slug":"om-nayef-aguerd-dit-non-a-la-real-sociedad","status":"publish","type":"post","link":"https:\/\/euapp01.newsmemory.com\/lamarseillaise\/news\/2026\/08\/14\/om-nayef-aguerd-dit-non-a-la-real-sociedad\/","title":{"rendered":"OM : Nayef Aguerd dit non \u00e0 la Real Sociedad"},"content":{"rendered":"<div class=\"paragraph\">\n<p>Il y a eu le pr\u00e9c\u00e9dent Pierre-Emile H\u00f6jbjerg. Le Danois a refus\u00e9 de partir \u00e0 Newcastle, alors que l\u2019OM et les \u00abMagpies\u00bb \u00e9taient d\u2019accord. Il y a d\u00e9sormais le cas Nayef Aguerd. Avec pour le Marocain un \u00e9l\u00e9ment suppl\u00e9mentaire, puisqu\u2019il a fait le voyage au Pays Basque, il a rencontr\u00e9 les dirigeants de la Real Sociedad et a pass\u00e9 la visite m\u00e9dicale pr\u00e9alable \u00e0 toute signature de contrat, jeudi apr\u00e8s-midi. Pour finalement dire non.<\/p>\n<p>L\u2019OM comptait le pr\u00eater, avec une option d\u2019achat obligatoire dans la foul\u00e9e. Ce qui aurait permis de faire entrer autour de 20 millions, en deux temps, d\u2019euros dans les caisses du club.<\/p>\n<p>Comme pour Pierre-Emile H\u00f6jbjerg, c\u2019est un retour \u00e0 la case d\u00e9part pour ce dossier.<\/p>\n<\/p><\/div>\n","protected":false},"excerpt":{"rendered":"Il y a eu le pr&eacute;c&eacute;dent Pierre-Emile H&ouml;jbjerg. Le Danois a refus&eacute; de partir &agrave; Newcastle, alors que l&rsquo;OM et les &laquo;Magpies&raquo; &eacute;taient d&rsquo;accord. Il y a d&eacute;sormais le cas Nayef Aguerd. &#8230;","protected":false},"author":1,"featured_media":39352,"comment_status":"open","ping_status":"open","sticky":false,"template":"","format":"standard","meta":{"footnotes":""},"categories":[3926,3925,7],"tags":[10,1220,13,16,1152,14],"news-destination":[3944],"news-source":[475],"is_homepage":[],"ta_other":[],"class_list":["post-39351","post","type-post","status-publish","format-standard","has-post-thumbnail","hentry","category-accueil-merge","category-accueil-third","category-sports","tag-bouches-du-rhone","tag-espagne","tag-football","tag-marseille","tag-mercato","tag-om","news-destination-homepage","news-source-website"],"_links":{"self":[{"href":"https:\/\/euapp01.newsmemory.com\/lamarseillaise\/news\/wp-json\/wp\/v2\/posts\/39351","targetHints":{"allow":["GET"]}}],"collection":[{"href":"https:\/\/euapp01.newsmemory.com\/lamarseillaise\/news\/wp-json\/wp\/v2\/posts"}],"about":[{"href":"https:\/\/euapp01.newsmemory.com\/lamarseillaise\/news\/wp-json\/wp\/v2\/types\/post"}],"author":[{"embeddable":true,"href":"https:\/\/euapp01.newsmemory.com\/lamarseillaise\/news\/wp-json\/wp\/v2\/users\/1"}],"replies":[{"embeddable":true,"href":"https:\/\/euapp01.newsmemory.com\/lamarseillaise\/news\/wp-json\/wp\/v2\/comments?post=39351"}],"version-history":[{"count":1,"href":"https:\/\/euapp01.newsmemory.com\/lamarseillaise\/news\/wp-json\/wp\/v2\/posts\/39351\/revisions"}],"predecessor-version":[{"id":39353,"href":"https:\/\/euapp01.newsmemory.com\/lamarseillaise\/news\/wp-json\/wp\/v2\/posts\/39351\/revisions\/39353"}],"wp:featuredmedia":[{"embeddable":true,"href":"https:\/\/euapp01.newsmemory.com\/lamarseillaise\/news\/wp-json\/wp\/v2\/media\/39352"}],"wp:attachment":[{"href":"https:\/\/euapp01.newsmemory.com\/lamarseillaise\/news\/wp-json\/wp\/v2\/media?parent=39351"}],"wp:term":[{"taxonomy":"category","embeddable":true,"href":"https:\/\/euapp01.newsmemory.com\/lamarseillaise\/news\/wp-json\/wp\/v2\/categories?post=39351"},{"taxonomy":"post_tag","embeddable":true,"href":"https:\/\/euapp01.newsmemory.com\/lamarseillaise\/news\/wp-json\/wp\/v2\/tags?post=39351"},{"taxonomy":"news-destination","embeddable":true,"href":"https:\/\/euapp01.newsmemory.com\/lamarseillaise\/news\/wp-json\/wp\/v2\/news-destination?post=39351"},{"taxonomy":"news-source","embeddable":true,"href":"https:\/\/euapp01.newsmemory.com\/lamarseillaise\/news\/wp-json\/wp\/v2\/news-source?post=39351"},{"taxonomy":"is_homepage","embeddable":true,"href":"https:\/\/euapp01.newsmemory.com\/lamarseillaise\/news\/wp-json\/wp\/v2\/is_homepage?post=39351"},{"taxonomy":"ta_other","embeddable":true,"href":"https:\/\/euapp01.newsmemory.com\/lamarseillaise\/news\/wp-json\/wp\/v2\/ta_other?post=39351"}],"curies":[{"name":"wp","href":"https:\/\/api.w.org\/{rel}","templated":true}]}}