{"id":39342,"date":"2026-08-14T08:42:00","date_gmt":"2026-08-14T06:42:00","guid":{"rendered":"https:\/\/euapp01.newsmemory.com\/lamarseillaise\/news\/?p=39342"},"modified":"2026-08-21T08:11:15","modified_gmt":"2026-08-21T06:11:15","slug":"les-abeilles-eprouvees-la-production-menacee","status":"publish","type":"post","link":"https:\/\/euapp01.newsmemory.com\/lamarseillaise\/news\/2026\/08\/14\/les-abeilles-eprouvees-la-production-menacee\/","title":{"rendered":"Les abeilles \u00e9prouv\u00e9es, la production menac\u00e9e"},"content":{"rendered":"<div class=\"paragraph\">\n<p>Panique dans les ruches. \u00ab<i>\u00a0<\/i><i>En plein soleil, il ferait 50 degr\u00e9s dans une ruche si les abeilles ne maintenaient pas une temp\u00e9rature de 34-35 degr\u00e9s, compatible avec le d\u00e9veloppement du couvain<\/i> [les \u0153ufs et les larves, Ndlr.]. <i>Pour y parvenir, elles vont chercher de l\u2019eau et ventilent l\u2019entr\u00e9e et l\u2019int\u00e9rieur de la ruche par battements d\u2019ailes<\/i><i>\u00a0<\/i>\u00bb, d\u00e9crit Gilbert Martin, pr\u00e9sident du syndicat d\u2019apiculture du Gard. Une activit\u00e9 qui les \u00e9puise et r\u00e9duit le nombre d\u2019abeilles disponibles pour le butinage. \u00ab<i>\u00a0<\/i><i>\u00c7a leur prend pas mal d\u2019\u00e9nergie, du coup elles puisent sur leurs r\u00e9serves. J\u2019ai des coll\u00e8gues qui ont commenc\u00e9 \u00e0 nourrir, chose qu\u2019on ne voyait jamais \u00e0 cette \u00e9poque.<\/i><i>\u00a0<\/i>\u00bb En cas de chaleur extr\u00eame et prolong\u00e9e, les colonies peuvent en effet subir un stress thermique, une surconsommation des r\u00e9serves en eau et en nourriture, ainsi qu\u2019une augmentation de la mortalit\u00e9. \u00ab<i>\u00a0<\/i><i>On essaie de mettre les ruchers \u00e0 l\u2019ombre quand c\u2019est possible. On isole bien les toits. On les aide comme \u00e7a, mais ce n\u2019est pas suffisant<\/i><i>\u00a0<\/i>\u00bb, d\u00e9plore l\u2019apiculteur n\u00eemois.<\/p>\n<\/p><\/div>\n<div class=\"intext\"> \u00ab\u00a0J\u2019ai des colonies o\u00f9 il n\u2019y a plus de couvain\u00a0\u00bb\n              <\/div>\n<div class=\"paragraph\">\n<p>\u00c0 cela s\u2019ajoute la rar\u00e9faction des ressources florales, victimes de la s\u00e9cheresse. \u00ab<i>\u00a0<\/i><i>Les miell\u00e9es de printemps ont march\u00e9 jusqu\u2019\u00e0 d\u00e9but juin, et puis il y a eu la canicule du mois de mai, o\u00f9 les sols se sont ass\u00e9ch\u00e9s. Rebelote au mois de juin, avec une s\u00e9cheresse de surface tr\u00e8s importante. Dans ces cas-l\u00e0, les fleurs ne produisent plus de nectar. Les abeilles ne peuvent donc pas le r\u00e9colter et le transformer en miel<\/i><i>\u00a0<\/i>\u00bb<i>,<\/i> explique Gilbert Martin. Les apiculteurs s\u2019inqui\u00e8tent notamment des cons\u00e9quences de la canicule sur le tournesol et la lavande, miell\u00e9es estivales majeures en France, r\u00e9colt\u00e9es entre juillet et ao\u00fbt. \u00ab<i>\u00a0<\/i><i>Chaque ann\u00e9e, la saison commence de plus en plus t\u00f4t, mais elle s\u2019arr\u00eate aussi de plus en plus t\u00f4t. Les miels de printemps sont corrects<\/i><i>\u00a0<\/i><i>: la bruy\u00e8re blanche a bien march\u00e9, le miel de garrigue aussi, le ch\u00e2taignier&#8230; Mais pour ce qui est des miels d\u2019\u00e9t\u00e9<\/i><i>\u00a0<\/i><i>: lavande et tournesol notamment, c\u2019est catastrophique<\/i><i>\u00a0<\/i>\u00bb, assure le pr\u00e9sident du syndicat d\u2019apiculture du Gard. \u00ab<i>\u00a0<\/i><i>Du moment qu\u2019il n\u2019y a plus d\u2019apport de nectar ni de pollen, la reine arr\u00eate de pondre. Moi j\u2019ai des colonies o\u00f9 il n\u2019y a plus de couvain. Les populations vont diminuer<\/i><i>\u00a0<\/i>\u00bb<i>,<\/i> s\u2019inqui\u00e8te-t-il. \u00ab\u00a0<i>On va perdre un tiers de la r\u00e9colte<\/i><i>\u00a0<\/i>\u00bb<i>, <\/i>pr\u00e9dit-il.<\/p>\n<p>Si l\u2019heure n\u2019est encore qu\u2019aux pr\u00e9visions s\u2019agissant de la r\u00e9colte 2026,<i> <\/i>\u00ab<i>\u00a0<\/i><i>c\u2019est s\u00fbr qu\u2019on aura une baisse de production. L\u2019ann\u00e9e derni\u00e8re, en France, on \u00e9tait \u00e0 25<\/i><i>\u00a0<\/i><i>000<\/i><i>\u00a0<\/i><i>tonnes. C\u2019\u00e9tait une ann\u00e9e relativement correcte. L\u00e0, je pense qu\u2019on va retomber dans les 10<\/i><i>\u00a0<\/i><i>000<\/i><i>\u00a0<\/i><i>tonnes<\/i><i>\u00a0<\/i>\u00bb<i>, <\/i>estime Gilbert Martin.<\/p>\n<\/p><\/div>\n","protected":false},"excerpt":{"rendered":"Panique dans les ruches. &laquo;&nbsp;En plein soleil, il ferait 50 degr&eacute;s dans une ruche si les abeilles ne maintenaient pas une temp&eacute;rature de 34-35 degr&eacute;s, compatible avec le d&eacute;veloppement du couvain [les &oelig;ufs et &#8230;","protected":false},"author":1,"featured_media":39343,"comment_status":"open","ping_status":"open","sticky":false,"template":"","format":"standard","meta":{"footnotes":""},"categories":[3926,3925,333],"tags":[5223,2809,372,373,238,239,5338,284,563,419,1397],"news-destination":[3944],"news-source":[475],"is_homepage":[],"ta_other":[],"class_list":["post-39342","post","type-post","status-publish","format-standard","has-post-thumbnail","hentry","category-accueil-merge","category-accueil-third","category-environnement","tag-abeilles","tag-apiculture","tag-canicule","tag-chaleur","tag-gard","tag-herault","tag-miel","tag-occitanie","tag-production","tag-rechauffement-climatique","tag-secheresse","news-destination-homepage","news-source-website"],"_links":{"self":[{"href":"https:\/\/euapp01.newsmemory.com\/lamarseillaise\/news\/wp-json\/wp\/v2\/posts\/39342","targetHints":{"allow":["GET"]}}],"collection":[{"href":"https:\/\/euapp01.newsmemory.com\/lamarseillaise\/news\/wp-json\/wp\/v2\/posts"}],"about":[{"href":"https:\/\/euapp01.newsmemory.com\/lamarseillaise\/news\/wp-json\/wp\/v2\/types\/post"}],"author":[{"embeddable":true,"href":"https:\/\/euapp01.newsmemory.com\/lamarseillaise\/news\/wp-json\/wp\/v2\/users\/1"}],"replies":[{"embeddable":true,"href":"https:\/\/euapp01.newsmemory.com\/lamarseillaise\/news\/wp-json\/wp\/v2\/comments?post=39342"}],"version-history":[{"count":1,"href":"https:\/\/euapp01.newsmemory.com\/lamarseillaise\/news\/wp-json\/wp\/v2\/posts\/39342\/revisions"}],"predecessor-version":[{"id":39344,"href":"https:\/\/euapp01.newsmemory.com\/lamarseillaise\/news\/wp-json\/wp\/v2\/posts\/39342\/revisions\/39344"}],"wp:featuredmedia":[{"embeddable":true,"href":"https:\/\/euapp01.newsmemory.com\/lamarseillaise\/news\/wp-json\/wp\/v2\/media\/39343"}],"wp:attachment":[{"href":"https:\/\/euapp01.newsmemory.com\/lamarseillaise\/news\/wp-json\/wp\/v2\/media?parent=39342"}],"wp:term":[{"taxonomy":"category","embeddable":true,"href":"https:\/\/euapp01.newsmemory.com\/lamarseillaise\/news\/wp-json\/wp\/v2\/categories?post=39342"},{"taxonomy":"post_tag","embeddable":true,"href":"https:\/\/euapp01.newsmemory.com\/lamarseillaise\/news\/wp-json\/wp\/v2\/tags?post=39342"},{"taxonomy":"news-destination","embeddable":true,"href":"https:\/\/euapp01.newsmemory.com\/lamarseillaise\/news\/wp-json\/wp\/v2\/news-destination?post=39342"},{"taxonomy":"news-source","embeddable":true,"href":"https:\/\/euapp01.newsmemory.com\/lamarseillaise\/news\/wp-json\/wp\/v2\/news-source?post=39342"},{"taxonomy":"is_homepage","embeddable":true,"href":"https:\/\/euapp01.newsmemory.com\/lamarseillaise\/news\/wp-json\/wp\/v2\/is_homepage?post=39342"},{"taxonomy":"ta_other","embeddable":true,"href":"https:\/\/euapp01.newsmemory.com\/lamarseillaise\/news\/wp-json\/wp\/v2\/ta_other?post=39342"}],"curies":[{"name":"wp","href":"https:\/\/api.w.org\/{rel}","templated":true}]}}