{"id":39339,"date":"2026-08-14T08:10:00","date_gmt":"2026-08-14T06:10:00","guid":{"rendered":"https:\/\/euapp01.newsmemory.com\/lamarseillaise\/news\/?p=39339"},"modified":"2026-08-14T10:04:39","modified_gmt":"2026-08-14T08:04:39","slug":"la-genealogie-pour-tous-a-draguignan","status":"publish","type":"post","link":"https:\/\/euapp01.newsmemory.com\/lamarseillaise\/news\/2026\/08\/14\/la-genealogie-pour-tous-a-draguignan\/","title":{"rendered":"La g\u00e9n\u00e9alogie pour tous \u00e0 Draguignan"},"content":{"rendered":"<div class=\"paragraph\">\n<p>Il permettra aux amateurs de g\u00e9n\u00e9alogie familiale de se perfectionner et de d\u00e9couvrir de nouvelles pistes de recherche.<\/p>\n<p>Des sessions sp\u00e9cifiques seront propos\u00e9es pour aider les usagers \u00e0 devenir plus autonomes dans les recherches fonci\u00e8res.<br \/>Ces ateliers gratuits se d\u00e9rouleront dans les locaux des Archives d\u00e9partementales du Var, au p\u00f4le culturel Chabran. L\u2019inscription se fait par simple demande envoy\u00e9e \u00e0 ad83@var.fr. Le premier atelier aura lieu le vendredi 25\u00a0septembre \u00e0 14h. Il est destin\u00e9 aux personnes d\u00e9sireuses de se lancer dans une g\u00e9n\u00e9alogie familiale. Une m\u00e9thodologie de travail sera \u00e9galement propos\u00e9e aux participants.<\/p>\n<\/p><\/div>\n","protected":false},"excerpt":{"rendered":"Il permettra aux amateurs de g&eacute;n&eacute;alogie familiale de se perfectionner et de d&eacute;couvrir de nouvelles pistes de recherche.Des sessions sp&eacute;cifiques seront propos&eacute;es pour aider les usagers &agrave; devenir plus &#8230;","protected":false},"author":1,"featured_media":39340,"comment_status":"open","ping_status":"open","sticky":false,"template":"","format":"standard","meta":{"footnotes":""},"categories":[20],"tags":[1280,1906,130,395,754,1868,6253,1083,1592,31],"news-destination":[],"news-source":[475],"is_homepage":[],"ta_other":[],"class_list":["post-39339","post","type-post","status-publish","format-standard","has-post-thumbnail","hentry","category-societe","tag-archives","tag-archives-departementales","tag-ateliers","tag-draguignan","tag-familles","tag-foncier","tag-genealogie","tag-gratuit","tag-recherche","tag-var","news-source-website"],"_links":{"self":[{"href":"https:\/\/euapp01.newsmemory.com\/lamarseillaise\/news\/wp-json\/wp\/v2\/posts\/39339","targetHints":{"allow":["GET"]}}],"collection":[{"href":"https:\/\/euapp01.newsmemory.com\/lamarseillaise\/news\/wp-json\/wp\/v2\/posts"}],"about":[{"href":"https:\/\/euapp01.newsmemory.com\/lamarseillaise\/news\/wp-json\/wp\/v2\/types\/post"}],"author":[{"embeddable":true,"href":"https:\/\/euapp01.newsmemory.com\/lamarseillaise\/news\/wp-json\/wp\/v2\/users\/1"}],"replies":[{"embeddable":true,"href":"https:\/\/euapp01.newsmemory.com\/lamarseillaise\/news\/wp-json\/wp\/v2\/comments?post=39339"}],"version-history":[{"count":1,"href":"https:\/\/euapp01.newsmemory.com\/lamarseillaise\/news\/wp-json\/wp\/v2\/posts\/39339\/revisions"}],"predecessor-version":[{"id":39341,"href":"https:\/\/euapp01.newsmemory.com\/lamarseillaise\/news\/wp-json\/wp\/v2\/posts\/39339\/revisions\/39341"}],"wp:featuredmedia":[{"embeddable":true,"href":"https:\/\/euapp01.newsmemory.com\/lamarseillaise\/news\/wp-json\/wp\/v2\/media\/39340"}],"wp:attachment":[{"href":"https:\/\/euapp01.newsmemory.com\/lamarseillaise\/news\/wp-json\/wp\/v2\/media?parent=39339"}],"wp:term":[{"taxonomy":"category","embeddable":true,"href":"https:\/\/euapp01.newsmemory.com\/lamarseillaise\/news\/wp-json\/wp\/v2\/categories?post=39339"},{"taxonomy":"post_tag","embeddable":true,"href":"https:\/\/euapp01.newsmemory.com\/lamarseillaise\/news\/wp-json\/wp\/v2\/tags?post=39339"},{"taxonomy":"news-destination","embeddable":true,"href":"https:\/\/euapp01.newsmemory.com\/lamarseillaise\/news\/wp-json\/wp\/v2\/news-destination?post=39339"},{"taxonomy":"news-source","embeddable":true,"href":"https:\/\/euapp01.newsmemory.com\/lamarseillaise\/news\/wp-json\/wp\/v2\/news-source?post=39339"},{"taxonomy":"is_homepage","embeddable":true,"href":"https:\/\/euapp01.newsmemory.com\/lamarseillaise\/news\/wp-json\/wp\/v2\/is_homepage?post=39339"},{"taxonomy":"ta_other","embeddable":true,"href":"https:\/\/euapp01.newsmemory.com\/lamarseillaise\/news\/wp-json\/wp\/v2\/ta_other?post=39339"}],"curies":[{"name":"wp","href":"https:\/\/api.w.org\/{rel}","templated":true}]}}