{"id":39336,"date":"2026-08-14T08:21:00","date_gmt":"2026-08-14T06:21:00","guid":{"rendered":"https:\/\/euapp01.newsmemory.com\/lamarseillaise\/news\/?p=39336"},"modified":"2026-08-14T10:04:39","modified_gmt":"2026-08-14T08:04:39","slug":"la-region-soutien-fibre-excellence","status":"publish","type":"post","link":"https:\/\/euapp01.newsmemory.com\/lamarseillaise\/news\/2026\/08\/14\/la-region-soutien-fibre-excellence\/","title":{"rendered":"La R\u00e9gion soutien Fibre Excellence"},"content":{"rendered":"<div class=\"paragraph\">\n<p>La collectivit\u00e9 assure dans cette r\u00e9ponse qu\u2019elle \u00ab\u00a0<i>s\u2019est toujours tenue aux c\u00f4t\u00e9s de l\u2019usine Fibre Excellence de Tarascon et de ses salari\u00e9s, et elle continuera \u00e0 le faire<\/i><i>\u00a0<\/i>\u00bb. Concernant la demande du syndicat sur la <a href=\"https:\/\/www.lamarseillaise.fr\/social\/fibre-excellence-la-cgt-appelle-les-elus-a-reagir-GP20586275\">recherche d\u2019industriels pour reprendre l\u2019activit\u00e9<\/a>, il est affirm\u00e9 que \u00ab\u00a0<i>l\u2019ensemble des outils de la R\u00e9gion est mobilis\u00e9 pour accompagner l\u2019avenir du site<\/i>\u00a0\u00bb. Et qu\u2019elle reste disponible pour \u00e9changer avec les repr\u00e9sentants des salari\u00e9s et les acteurs concern\u00e9s autour de l\u2019avenir du site. Une attention est aussi port\u00e9e \u00e0 la possible d\u00e9pollution de la structure. La R\u00e9gion \u00ab\u00a0<i>veillerait \u00e0 ce que l\u2019ensemble des responsabilit\u00e9s soient clairement \u00e9tablies, notamment les anciens actionnaires, le cas \u00e9ch\u00e9ant<\/i><i>\u00a0<\/i>\u00bb.<\/p>\n<\/p><\/div>\n","protected":false},"excerpt":{"rendered":"La collectivit&eacute; assure dans cette r&eacute;ponse qu&rsquo;elle &laquo;&nbsp;s&rsquo;est toujours tenue aux c&ocirc;t&eacute;s de l&rsquo;usine Fibre Excellence de Tarascon et de ses salari&eacute;s, et elle continuera &agrave; le &#8230;","protected":false},"author":1,"featured_media":39337,"comment_status":"open","ping_status":"open","sticky":false,"template":"","format":"standard","meta":{"footnotes":""},"categories":[330],"tags":[10,5820,1421,4279,4281,714,222,962,1740],"news-destination":[],"news-source":[475],"is_homepage":[],"ta_other":[],"class_list":["post-39336","post","type-post","status-publish","format-standard","has-post-thumbnail","hentry","category-politique","tag-bouches-du-rhone","tag-conference-de-presse","tag-depollution","tag-fibre-excellence","tag-pate-a-papier","tag-region-sud","tag-region-sud-paca","tag-salaries","tag-tarascon","news-source-website"],"_links":{"self":[{"href":"https:\/\/euapp01.newsmemory.com\/lamarseillaise\/news\/wp-json\/wp\/v2\/posts\/39336","targetHints":{"allow":["GET"]}}],"collection":[{"href":"https:\/\/euapp01.newsmemory.com\/lamarseillaise\/news\/wp-json\/wp\/v2\/posts"}],"about":[{"href":"https:\/\/euapp01.newsmemory.com\/lamarseillaise\/news\/wp-json\/wp\/v2\/types\/post"}],"author":[{"embeddable":true,"href":"https:\/\/euapp01.newsmemory.com\/lamarseillaise\/news\/wp-json\/wp\/v2\/users\/1"}],"replies":[{"embeddable":true,"href":"https:\/\/euapp01.newsmemory.com\/lamarseillaise\/news\/wp-json\/wp\/v2\/comments?post=39336"}],"version-history":[{"count":1,"href":"https:\/\/euapp01.newsmemory.com\/lamarseillaise\/news\/wp-json\/wp\/v2\/posts\/39336\/revisions"}],"predecessor-version":[{"id":39338,"href":"https:\/\/euapp01.newsmemory.com\/lamarseillaise\/news\/wp-json\/wp\/v2\/posts\/39336\/revisions\/39338"}],"wp:featuredmedia":[{"embeddable":true,"href":"https:\/\/euapp01.newsmemory.com\/lamarseillaise\/news\/wp-json\/wp\/v2\/media\/39337"}],"wp:attachment":[{"href":"https:\/\/euapp01.newsmemory.com\/lamarseillaise\/news\/wp-json\/wp\/v2\/media?parent=39336"}],"wp:term":[{"taxonomy":"category","embeddable":true,"href":"https:\/\/euapp01.newsmemory.com\/lamarseillaise\/news\/wp-json\/wp\/v2\/categories?post=39336"},{"taxonomy":"post_tag","embeddable":true,"href":"https:\/\/euapp01.newsmemory.com\/lamarseillaise\/news\/wp-json\/wp\/v2\/tags?post=39336"},{"taxonomy":"news-destination","embeddable":true,"href":"https:\/\/euapp01.newsmemory.com\/lamarseillaise\/news\/wp-json\/wp\/v2\/news-destination?post=39336"},{"taxonomy":"news-source","embeddable":true,"href":"https:\/\/euapp01.newsmemory.com\/lamarseillaise\/news\/wp-json\/wp\/v2\/news-source?post=39336"},{"taxonomy":"is_homepage","embeddable":true,"href":"https:\/\/euapp01.newsmemory.com\/lamarseillaise\/news\/wp-json\/wp\/v2\/is_homepage?post=39336"},{"taxonomy":"ta_other","embeddable":true,"href":"https:\/\/euapp01.newsmemory.com\/lamarseillaise\/news\/wp-json\/wp\/v2\/ta_other?post=39336"}],"curies":[{"name":"wp","href":"https:\/\/api.w.org\/{rel}","templated":true}]}}