{"id":39329,"date":"2026-08-14T07:55:00","date_gmt":"2026-08-14T05:55:00","guid":{"rendered":"https:\/\/euapp01.newsmemory.com\/lamarseillaise\/news\/?p=39329"},"modified":"2026-08-21T08:11:15","modified_gmt":"2026-08-21T06:11:15","slug":"un-atelier-partage-pour-apprendre-a-bricoler-a-forcalquier","status":"publish","type":"post","link":"https:\/\/euapp01.newsmemory.com\/lamarseillaise\/news\/2026\/08\/14\/un-atelier-partage-pour-apprendre-a-bricoler-a-forcalquier\/","title":{"rendered":"Un atelier partag\u00e9 pour apprendre \u00e0 bricoler \u00e0 Forcalquier"},"content":{"rendered":"<div class=\"paragraph\">\n<p>Apprendre \u00e0 construire un four solaire, \u00e0 utiliser une imprimante 3D ou encore \u00e0 faire de la soudure\u00a0: l\u2019atelier partag\u00e9 la Fabrique &#038; Co donne acc\u00e8s aux habitants de Forcalquier et de ses alentours \u00e0 des outils, des machines, des stages et des formations de bricolage en tout genre. L\u2019atelier est n\u00e9 avec l\u2019id\u00e9e de \u00ab\u00a0<i>rendre le bricolage moins genr\u00e9<\/i><i>\u00a0<\/i>\u00bb et que \u00ab\u00a0<i>m\u00eame des gens qui n\u2019ont jamais fait de bricolage, qui ne sont pas \u00e0 l\u2019aise avec les outils, puissent ici trouver l\u2019accompagnement qu\u2019il faut<\/i><i>\u00a0<\/i>\u00bb, explique Fr\u00e9d\u00e9ric Hafner, l\u2019un de ses fondateurs. Les cinq th\u00e8mes d\u00e9velopp\u00e9s par l\u2019association sont le bois, le m\u00e9tal, le num\u00e9rique, la m\u00e9canique et le v\u00e9lo.<\/p>\n<\/p><\/div>\n<div class=\"intext\"> Am\u00e9nager<br \/>\n               <br \/>son camping-car\n              <\/div>\n<div class=\"paragraph\">\n<p>Cinq b\u00e9n\u00e9voles tiennent l\u2019association\u00a0: Aur\u00e9lie pour la menuiserie, Jean-Michel Gr\u00e8s &#8211; qui \u00e9tait candidat DVG aux municipales &#8211; pour le m\u00e9tal, Philippe pour le num\u00e9rique, Sylvain pour le bois et le 3D, et Fr\u00e9d\u00e9ric Hafner pour le v\u00e9lo.<\/p>\n<p>La Fabrique &#038; Co organise \u00e9galement des journ\u00e9es th\u00e9matiques, comme par exemple pour apprendre \u00e0 am\u00e9nager son camping-car avec un lit et des meubles.<\/p>\n<p>L\u2019adh\u00e9sion annuelle co\u00fbte 50\u00a0euros, et la mensuelle 20\u00a0euros. Pour louer l\u2019atelier pendant cinq heures, il faut compter 15\u00a0euros\u00a0; et pour une demi-journ\u00e9e de stage, 20\u00a0euros.<\/p>\n<p>En tant que tiers lieu, l\u2019atelier a \u00e9t\u00e9 subventionn\u00e9 par l\u2019Europe au travers du programme LEADER. Un chantier participatif a \u00e9t\u00e9 mis en place pour am\u00e9nager le local vide, situ\u00e9 dans la zone d\u2019activit\u00e9 de Forcalquier, en\u00a02024.<\/p>\n<p>L\u2019association compte d\u00e9j\u00e0 80\u00a0adh\u00e9rents. Elle fera une journ\u00e9e portes ouvertes le 5\u00a0septembre, pendant la f\u00eate des associations de Forcalquier.<\/p>\n<\/p><\/div>\n<div class=\"paragraph\">\n<p><i>51<\/i><i>\u00a0<\/i><i>rue des Ateliers, Forcalquier.<\/i><\/p>\n<\/p><\/div>\n","protected":false},"excerpt":{"rendered":"Apprendre &agrave; construire un four solaire, &agrave; utiliser une imprimante 3D ou encore &agrave; faire de la soudure&nbsp;: l&rsquo;atelier partag&eacute; la Fabrique &amp; Co donne acc&egrave;s aux habitants de Forcalquier et de ses alentours &#8230;","protected":false},"author":1,"featured_media":39330,"comment_status":"open","ping_status":"open","sticky":false,"template":"","format":"standard","meta":{"footnotes":""},"categories":[3926,3925,20],"tags":[4768,4467,933,168,183,3585,511,776,1852,2541,1418,1468,51,807],"news-destination":[3944],"news-source":[475],"is_homepage":[],"ta_other":[],"class_list":["post-39329","post","type-post","status-publish","format-standard","has-post-thumbnail","hentry","category-accueil-merge","category-accueil-third","category-societe","tag-alpes","tag-alpes-de-haute-provence","tag-apprentissage","tag-association","tag-benevoles","tag-bois","tag-citoyens","tag-construction","tag-fabrication","tag-imprimantes-3d","tag-metal","tag-numerique","tag-societe","tag-velo","news-destination-homepage","news-source-website"],"_links":{"self":[{"href":"https:\/\/euapp01.newsmemory.com\/lamarseillaise\/news\/wp-json\/wp\/v2\/posts\/39329","targetHints":{"allow":["GET"]}}],"collection":[{"href":"https:\/\/euapp01.newsmemory.com\/lamarseillaise\/news\/wp-json\/wp\/v2\/posts"}],"about":[{"href":"https:\/\/euapp01.newsmemory.com\/lamarseillaise\/news\/wp-json\/wp\/v2\/types\/post"}],"author":[{"embeddable":true,"href":"https:\/\/euapp01.newsmemory.com\/lamarseillaise\/news\/wp-json\/wp\/v2\/users\/1"}],"replies":[{"embeddable":true,"href":"https:\/\/euapp01.newsmemory.com\/lamarseillaise\/news\/wp-json\/wp\/v2\/comments?post=39329"}],"version-history":[{"count":1,"href":"https:\/\/euapp01.newsmemory.com\/lamarseillaise\/news\/wp-json\/wp\/v2\/posts\/39329\/revisions"}],"predecessor-version":[{"id":39331,"href":"https:\/\/euapp01.newsmemory.com\/lamarseillaise\/news\/wp-json\/wp\/v2\/posts\/39329\/revisions\/39331"}],"wp:featuredmedia":[{"embeddable":true,"href":"https:\/\/euapp01.newsmemory.com\/lamarseillaise\/news\/wp-json\/wp\/v2\/media\/39330"}],"wp:attachment":[{"href":"https:\/\/euapp01.newsmemory.com\/lamarseillaise\/news\/wp-json\/wp\/v2\/media?parent=39329"}],"wp:term":[{"taxonomy":"category","embeddable":true,"href":"https:\/\/euapp01.newsmemory.com\/lamarseillaise\/news\/wp-json\/wp\/v2\/categories?post=39329"},{"taxonomy":"post_tag","embeddable":true,"href":"https:\/\/euapp01.newsmemory.com\/lamarseillaise\/news\/wp-json\/wp\/v2\/tags?post=39329"},{"taxonomy":"news-destination","embeddable":true,"href":"https:\/\/euapp01.newsmemory.com\/lamarseillaise\/news\/wp-json\/wp\/v2\/news-destination?post=39329"},{"taxonomy":"news-source","embeddable":true,"href":"https:\/\/euapp01.newsmemory.com\/lamarseillaise\/news\/wp-json\/wp\/v2\/news-source?post=39329"},{"taxonomy":"is_homepage","embeddable":true,"href":"https:\/\/euapp01.newsmemory.com\/lamarseillaise\/news\/wp-json\/wp\/v2\/is_homepage?post=39329"},{"taxonomy":"ta_other","embeddable":true,"href":"https:\/\/euapp01.newsmemory.com\/lamarseillaise\/news\/wp-json\/wp\/v2\/ta_other?post=39329"}],"curies":[{"name":"wp","href":"https:\/\/api.w.org\/{rel}","templated":true}]}}