{"id":39326,"date":"2026-08-14T07:46:00","date_gmt":"2026-08-14T05:46:00","guid":{"rendered":"https:\/\/euapp01.newsmemory.com\/lamarseillaise\/news\/?p=39326"},"modified":"2026-08-21T08:11:15","modified_gmt":"2026-08-21T06:11:15","slug":"le-parc-du-plan-joyau-naturelau-coeur-de-la-garde-et-du-pradet","status":"publish","type":"post","link":"https:\/\/euapp01.newsmemory.com\/lamarseillaise\/news\/2026\/08\/14\/le-parc-du-plan-joyau-naturelau-coeur-de-la-garde-et-du-pradet\/","title":{"rendered":"Le Parc du Plan, joyau naturel au c\u0153ur de la Garde et du Pradet"},"content":{"rendered":"<div class=\"paragraph\">\n<p>Les incendies qui ont meurtri le d\u00e9partement du Var ont heureusement \u00e9pargn\u00e9 un des joyaux du territoire\u00a0: le Parc naturel d\u00e9partemental du Plan. Rouverts au public depuis la fin du mois de juillet, les 135\u00a0hectares d\u2019espace naturel en pleine zone urbaine sont autant d\u2019invitations \u00e0 la d\u00e9couverte.<\/p>\n<\/p><\/div>\n<div class=\"intext\"> 25\u00a0millions investis\n              <\/div>\n<div class=\"paragraph\">\n<p>G\u00e9r\u00e9e par le D\u00e9partement via la Maison de la nature du Plan \u00e0 la Garde, la plaine du Plan est l\u2019une des derni\u00e8res zones humides c\u00f4ti\u00e8res de M\u00e9diterran\u00e9e, abritant une biodiversit\u00e9 remarquable. \u00ab\u00a0<i>Elle s\u2019inonde annuellement de fa\u00e7on plus ou moins importante, jouant \u00e9galement le r\u00f4le de bassin de r\u00e9tention &#8220;<\/i><i>naturel<\/i><i>&#8220;<\/i>\u00a0\u00bb, explique le D\u00e9partement.<\/p>\n<p>Historiquement, \u00ab<i>\u00a0<\/i><i>cet espace a longtemps \u00e9t\u00e9 consacr\u00e9 \u00e0 l\u2019agriculture. Avec le d\u00e9clin de cette activit\u00e9, \u00e0 partir du d\u00e9but du XIX<\/i><i><sup>e<\/sup><\/i><i>\u00a0<\/i><i>si\u00e8cle, une for\u00eat de fr\u00eanes ainsi que d\u2019autres types d\u2019activit\u00e9s ont remplac\u00e9 les parcelles sur une partie du site<\/i>\u00a0\u00bb, rappellent les services d\u00e9partementaux. Il y a d\u00e9sormais 34\u00a0ans, la collectivit\u00e9 locale a proc\u00e9d\u00e9 \u00e0 des acquisitions de terrains \u00ab\u00a0<i>dans le but de prot\u00e9ger durablement la zone humide, ses fonctions et ses richesses<\/i>\u00a0\u00bb. Le D\u00e9partement a investi 25\u00a0millions d\u2019euros au total entre achat de terrains et des travaux d\u2019une dur\u00e9e de quatre ans. L\u2019Union Europ\u00e9enne et l\u2019Agence de l\u2019eau ont assur\u00e9 une participation financi\u00e8re respective de 1,24\u00a0million et 3, 26\u00a0millions d\u2019euros. Le r\u00e9sultat est l\u00e0. La Maison de la nature propose de nombreuses animations et ateliers. \u00c0 d\u00e9couvrir \u00e9galement, l\u2019exposition photo intitul\u00e9e \u00ab\u00a0Var \u00c9ternel, des paysages fa\u00e7onn\u00e9s par le temps\u00a0\u00bb de Jean Belvisi. Avant de programmer une visite la Maison de la nature le Parc conseille de se renseigner sur l\u2019acc\u00e8s au site.<\/p>\n<p>Car si le feu a \u00e9pargn\u00e9 le site, le risque incendie est toujours pr\u00e9sent. L\u2019extr\u00eame prudence est de mise.<\/p>\n<p><i>Pour savoir si le site est accessible infos quotidiennes sur le site : <\/i><\/p>\n<p><i><a rel=\"nofollow noopener noreferrer\" href=\"https:\/\/www.risque-prevention-incendie.fr\/var\" target=\"_blank\">risque-prevention-incendie.fr\/var<\/a><\/i><i> et cliquez sur la zone \u00ab<\/i><i>\u00a0<\/i><i>corniche des Maures<\/i><i>\u00a0<\/i><i>\u00bb.<\/i><\/p>\n<p><i>Maison de la nature du Plan \u00e0 La Garde.<\/i><\/p>\n<p><i>Renseignements : 04.83.95.51.60 ou mdnplan@var.fr<\/i><\/p>\n<\/p><\/div>\n","protected":false},"excerpt":{"rendered":"Les incendies qui ont meurtri le d&eacute;partement du Var ont heureusement &eacute;pargn&eacute; un des joyaux du territoire&nbsp;: le Parc naturel d&eacute;partemental du Plan. Rouverts au public depuis la fin du mois de juillet, les &#8230;","protected":false},"author":1,"featured_media":39327,"comment_status":"open","ping_status":"open","sticky":false,"template":"","format":"standard","meta":{"footnotes":""},"categories":[3926,3925,333],"tags":[1277,130,84,133,2321,3251,279,376,3362,1396,350,2100,128,938,759,263,1233,1911,6169,137,31,209],"news-destination":[3944],"news-source":[475],"is_homepage":[],"ta_other":[],"class_list":["post-39326","post","type-post","status-publish","format-standard","has-post-thumbnail","hentry","category-accueil-merge","category-accueil-third","category-environnement","tag-animations","tag-ateliers","tag-biodiversite","tag-departement","tag-espaces-naturels","tag-expo-photo","tag-exposition","tag-faune-sauvage","tag-flore","tag-incendies","tag-la-garde","tag-le-pradet","tag-mediterranee","tag-nature","tag-parc-naturel","tag-photographie","tag-photos","tag-risques","tag-sensible","tag-territoire","tag-var","tag-zones-humides","news-destination-homepage","news-source-website"],"_links":{"self":[{"href":"https:\/\/euapp01.newsmemory.com\/lamarseillaise\/news\/wp-json\/wp\/v2\/posts\/39326","targetHints":{"allow":["GET"]}}],"collection":[{"href":"https:\/\/euapp01.newsmemory.com\/lamarseillaise\/news\/wp-json\/wp\/v2\/posts"}],"about":[{"href":"https:\/\/euapp01.newsmemory.com\/lamarseillaise\/news\/wp-json\/wp\/v2\/types\/post"}],"author":[{"embeddable":true,"href":"https:\/\/euapp01.newsmemory.com\/lamarseillaise\/news\/wp-json\/wp\/v2\/users\/1"}],"replies":[{"embeddable":true,"href":"https:\/\/euapp01.newsmemory.com\/lamarseillaise\/news\/wp-json\/wp\/v2\/comments?post=39326"}],"version-history":[{"count":2,"href":"https:\/\/euapp01.newsmemory.com\/lamarseillaise\/news\/wp-json\/wp\/v2\/posts\/39326\/revisions"}],"predecessor-version":[{"id":39332,"href":"https:\/\/euapp01.newsmemory.com\/lamarseillaise\/news\/wp-json\/wp\/v2\/posts\/39326\/revisions\/39332"}],"wp:featuredmedia":[{"embeddable":true,"href":"https:\/\/euapp01.newsmemory.com\/lamarseillaise\/news\/wp-json\/wp\/v2\/media\/39327"}],"wp:attachment":[{"href":"https:\/\/euapp01.newsmemory.com\/lamarseillaise\/news\/wp-json\/wp\/v2\/media?parent=39326"}],"wp:term":[{"taxonomy":"category","embeddable":true,"href":"https:\/\/euapp01.newsmemory.com\/lamarseillaise\/news\/wp-json\/wp\/v2\/categories?post=39326"},{"taxonomy":"post_tag","embeddable":true,"href":"https:\/\/euapp01.newsmemory.com\/lamarseillaise\/news\/wp-json\/wp\/v2\/tags?post=39326"},{"taxonomy":"news-destination","embeddable":true,"href":"https:\/\/euapp01.newsmemory.com\/lamarseillaise\/news\/wp-json\/wp\/v2\/news-destination?post=39326"},{"taxonomy":"news-source","embeddable":true,"href":"https:\/\/euapp01.newsmemory.com\/lamarseillaise\/news\/wp-json\/wp\/v2\/news-source?post=39326"},{"taxonomy":"is_homepage","embeddable":true,"href":"https:\/\/euapp01.newsmemory.com\/lamarseillaise\/news\/wp-json\/wp\/v2\/is_homepage?post=39326"},{"taxonomy":"ta_other","embeddable":true,"href":"https:\/\/euapp01.newsmemory.com\/lamarseillaise\/news\/wp-json\/wp\/v2\/ta_other?post=39326"}],"curies":[{"name":"wp","href":"https:\/\/api.w.org\/{rel}","templated":true}]}}