{"id":39323,"date":"2026-08-14T07:39:00","date_gmt":"2026-08-14T05:39:00","guid":{"rendered":"https:\/\/euapp01.newsmemory.com\/lamarseillaise\/news\/?p=39323"},"modified":"2026-08-21T08:11:16","modified_gmt":"2026-08-21T06:11:16","slug":"latletico-de-madrid-pour-finir-la-preparation-de-lom","status":"publish","type":"post","link":"https:\/\/euapp01.newsmemory.com\/lamarseillaise\/news\/2026\/08\/14\/latletico-de-madrid-pour-finir-la-preparation-de-lom\/","title":{"rendered":"L\u2019Atl\u00e9tico de Madrid pour finir la pr\u00e9paration de l\u2019OM"},"content":{"rendered":"<div class=\"paragraph\">\n<p>Apr\u00e8s l\u2019Athletic Bilbao, l\u2019OM encha\u00eene sur un dernier match de pr\u00e9paration.<\/p>\n<p>Cette fois, c\u2019est l\u2019Atl\u00e9tico de Madrid qui va s\u2019opposer aux hommes de Bruno Genesio. Un duel qui rappellera la derni\u00e8re finale europ\u00e9enne jou\u00e9e, et perdue par les Marseillais, face aux Colchoneros. Dans le fief de Lyon, le 16\u00a0mai 2018, alors entra\u00een\u00e9s par Rudi Garcia, ils avaient \u00e9t\u00e9 balay\u00e9s par la bande \u00e0 Antoine Griezmann (0 &#8211; 3).<\/p>\n<p>Depuis, les Madril\u00e8nes ont su rester au sommet, aussi bien dans leur championnat qu\u2019en Europe. Et si Antoine Griezmann n\u2019est plus l\u00e0, d\u2019autres Fran\u00e7ais ont pris le relais. Notamment Robin Le\u00a0Normand, qui a opt\u00e9 pour la nationalit\u00e9 espagnole afin de jouer pour la Roja.<\/p>\n<p>Ce match sera l\u2019occasion pour Bruno Genesio d\u2019effectuer une derni\u00e8re revue d\u2019effectif. \u00c0 une semaine de la r\u00e9ception de Strasbourg, en ouverture de la Ligue\u00a01 le vendredi 21\u00a0ao\u00fbt (20h45), l\u2019entra\u00eeneur phoc\u00e9en pourra faire passer un test important \u00e0 son groupe. \u00ab\u00a0<i>Nous allons affronter une des meilleures \u00e9quipes europ\u00e9ennes, avec \u00e0 sa t\u00eate un des meilleurs entra\u00eeneurs du monde<\/i><i>\u00a0<\/i>\u00bb pr\u00e9vient-il.<\/p>\n<p>Contrairement \u00e0 ses pr\u00e9d\u00e9cesseurs sur le banc olympien, Diego Simeone a eu le temps de travailler et mettre en place un sch\u00e9ma jeu sur le long terme. L\u2019Argentin est en poste depuis\u00a02011. De quoi faire r\u00eaver la plupart des strat\u00e8ges de Ligue\u00a01.<\/p>\n<\/p><\/div>\n<div class=\"intext\"> Pas le onze type\n              <\/div>\n<div class=\"paragraph\">\n<p>L\u2019OM abordera ce dernier match de pr\u00e9paration en \u00e9tant rassur\u00e9 sportivement. La derni\u00e8re prestation, face \u00e0 l\u2019Athletic Bilbao, a montr\u00e9 un groupe solide et appliqu\u00e9. Un groupe qui a visiblement compris les attentes de Bruno Genesio. Mais un groupe qui pourrait encore changer de visage, car le mercato est toujours ouvert et que des changements sont encore en pr\u00e9paration.<\/p>\n<p>C\u2019est pourquoi, le onze qui d\u00e9butera ce vendredi en fin d\u2019apr\u00e8s-midi, n\u2019est pas \u00e0 consid\u00e9rer comme \u00e9tant le onze titulaire dans la t\u00eate de Bruno Genesio. Il pourrait l\u2019\u00eatre, si d\u2019ici le 21\u00a0ao\u00fbt, personne ne devait partir. Avec n\u00e9anmoins la certitude que Quinten Timber ne prendra pas part au duel contre les Alsaciens.<\/p>\n<p>Le N\u00e9erlandais purgera un match de suspension, reliquat de la saison derni\u00e8re. Tout comme le Virage sud sera partiellement ferm\u00e9. Quant au remplissage du V\u00e9lodrome pour la r\u00e9ception de l\u2019Atl\u00e9tico de Madrid, l\u00e0 encore, l\u2019OM sera loin du match \u00e0 guichets ferm\u00e9s. Une billetterie sera op\u00e9rationnelle vendredi. En prime, des tarifs promotionnels seront propos\u00e9s pour les retardataires.<\/p>\n<\/p><\/div>\n<div class=\"paragraph\">\n<p><i><\/i><\/p>\n<p>OM &#8211; Atl\u00e9tico<\/p>\n<p>Vendredi 14\u00a0ao\u00fbt, stade V\u00e9lodrome 17h30.<\/p>\n<p><b><\/b><\/p>\n<p><b>OM<\/b> : de Lange &#8211; Weah, Balerdi, Cornelius, Emerson &#8211; H\u00f8jbjerg, Gomes, Timber &#8211; Harit, Gouiri, Paix\u00e3o.<\/p>\n<p><b>Atl\u00e9tico<\/b> : Oblak \u2013 Dom\u00ednguez, Le\u00a0Normand, Hancko, Mart\u00ednez \u2013 Vargas, Koke, Hjulmand \u2013 Mendoza, Mart\u00edn, Lookman.<\/p>\n<\/p><\/div>\n","protected":false},"excerpt":{"rendered":"Apr&egrave;s l&rsquo;Athletic Bilbao, l&rsquo;OM encha&icirc;ne sur un dernier match de pr&eacute;paration.Cette fois, c&rsquo;est l&rsquo;Atl&eacute;tico de Madrid qui va s&rsquo;opposer aux hommes de Bruno Genesio. Un duel qui rappellera la &#8230;","protected":false},"author":1,"featured_media":39324,"comment_status":"open","ping_status":"open","sticky":false,"template":"","format":"standard","meta":{"footnotes":""},"categories":[3926,3925,7],"tags":[10,1220,13,1206,16,900,5298,14,1843],"news-destination":[3944],"news-source":[475],"is_homepage":[],"ta_other":[],"class_list":["post-39323","post","type-post","status-publish","format-standard","has-post-thumbnail","hentry","category-accueil-merge","category-accueil-third","category-sports","tag-bouches-du-rhone","tag-espagne","tag-football","tag-madrid","tag-marseille","tag-match","tag-match-amical","tag-om","tag-velodrome","news-destination-homepage","news-source-website"],"_links":{"self":[{"href":"https:\/\/euapp01.newsmemory.com\/lamarseillaise\/news\/wp-json\/wp\/v2\/posts\/39323","targetHints":{"allow":["GET"]}}],"collection":[{"href":"https:\/\/euapp01.newsmemory.com\/lamarseillaise\/news\/wp-json\/wp\/v2\/posts"}],"about":[{"href":"https:\/\/euapp01.newsmemory.com\/lamarseillaise\/news\/wp-json\/wp\/v2\/types\/post"}],"author":[{"embeddable":true,"href":"https:\/\/euapp01.newsmemory.com\/lamarseillaise\/news\/wp-json\/wp\/v2\/users\/1"}],"replies":[{"embeddable":true,"href":"https:\/\/euapp01.newsmemory.com\/lamarseillaise\/news\/wp-json\/wp\/v2\/comments?post=39323"}],"version-history":[{"count":1,"href":"https:\/\/euapp01.newsmemory.com\/lamarseillaise\/news\/wp-json\/wp\/v2\/posts\/39323\/revisions"}],"predecessor-version":[{"id":39325,"href":"https:\/\/euapp01.newsmemory.com\/lamarseillaise\/news\/wp-json\/wp\/v2\/posts\/39323\/revisions\/39325"}],"wp:featuredmedia":[{"embeddable":true,"href":"https:\/\/euapp01.newsmemory.com\/lamarseillaise\/news\/wp-json\/wp\/v2\/media\/39324"}],"wp:attachment":[{"href":"https:\/\/euapp01.newsmemory.com\/lamarseillaise\/news\/wp-json\/wp\/v2\/media?parent=39323"}],"wp:term":[{"taxonomy":"category","embeddable":true,"href":"https:\/\/euapp01.newsmemory.com\/lamarseillaise\/news\/wp-json\/wp\/v2\/categories?post=39323"},{"taxonomy":"post_tag","embeddable":true,"href":"https:\/\/euapp01.newsmemory.com\/lamarseillaise\/news\/wp-json\/wp\/v2\/tags?post=39323"},{"taxonomy":"news-destination","embeddable":true,"href":"https:\/\/euapp01.newsmemory.com\/lamarseillaise\/news\/wp-json\/wp\/v2\/news-destination?post=39323"},{"taxonomy":"news-source","embeddable":true,"href":"https:\/\/euapp01.newsmemory.com\/lamarseillaise\/news\/wp-json\/wp\/v2\/news-source?post=39323"},{"taxonomy":"is_homepage","embeddable":true,"href":"https:\/\/euapp01.newsmemory.com\/lamarseillaise\/news\/wp-json\/wp\/v2\/is_homepage?post=39323"},{"taxonomy":"ta_other","embeddable":true,"href":"https:\/\/euapp01.newsmemory.com\/lamarseillaise\/news\/wp-json\/wp\/v2\/ta_other?post=39323"}],"curies":[{"name":"wp","href":"https:\/\/api.w.org\/{rel}","templated":true}]}}