{"id":39320,"date":"2026-08-14T07:34:00","date_gmt":"2026-08-14T05:34:00","guid":{"rendered":"https:\/\/euapp01.newsmemory.com\/lamarseillaise\/news\/?p=39320"},"modified":"2026-08-14T10:04:39","modified_gmt":"2026-08-14T08:04:39","slug":"lembrunman-une-histoire-de-famille-qui-a-toujours-la-cote","status":"publish","type":"post","link":"https:\/\/euapp01.newsmemory.com\/lamarseillaise\/news\/2026\/08\/14\/lembrunman-une-histoire-de-famille-qui-a-toujours-la-cote\/","title":{"rendered":"L\u2019Embrunman, une histoire de famille qui a toujours la c\u00f4te"},"content":{"rendered":"<div class=\"paragraph\">\n<p>L\u2019Embrunman est le plus grand \u00e9v\u00e9nement sportif de l\u2019ann\u00e9e dans les Hautes-Alpes. Chaque week-end du 15\u00a0ao\u00fbt, ce triathlon XXL se d\u00e9roule autour du lac de Serre-Pon\u00e7on. Une \u00e9preuve tr\u00e8s difficile avec 3,8 kilom\u00e8tres de natation, 186 de v\u00e9lo et un marathon pour terminer. Dans ce d\u00e9cor alpin, la pente va rapidement s\u2019\u00e9lever puisque les trac\u00e9s sont loin d\u2019\u00eatre plats. Apr\u00e8s un passage par le plan d\u2019eau d\u2019Embrun, les triathl\u00e8tes s\u2019attaqueront \u00e0 l\u2019un des cols routiers les plus hauts de France : l\u2019Izoard. Avec un sommet \u00e0 2\u00a0361\u00a0m\u00e8tres d\u2019altitude, il sera le point cl\u00e9 de l\u2019\u00e9v\u00e9nement, mettant en difficult\u00e9 n\u2019importe quel participant. Ensuite, trois boucles de 14 kilom\u00e8tres dans la commune d\u2019Embrun, avec 400 m\u00e8tres de d\u00e9nivel\u00e9 positif au total. \u00ab\u00a0<i>Ils prendront trois fois la c\u00f4te Chamois. C\u2019est celle qui passe en dessous du roc, au pied de la ville. Il y a un tr\u00e8s fort d\u00e9nivel\u00e9<\/i>\u00a0\u00bb, souligne Anne Iacono, la directrice de course.<\/p>\n<p>Cette derni\u00e8re a d\u00e9sormais pris la succession de son p\u00e8re \u00e0 la t\u00eate de l\u2019\u00e9preuve. Le Marseillais G\u00e9rald Iacono a b\u00e2ti de toutes pi\u00e8ces l\u2019Embrunman il y a maintenant 42 ans. Mais l\u2019homme est toujours proche de l\u2019\u00e9v\u00e9nement. \u00ab\u00a0<i>Il est toujours pr\u00e9sident de l\u2019association. Je n\u2019ai pas l\u2019expertise qu\u2019il a donc quand j\u2019en ai besoin, je lui passe un petit coup de fil et il m\u2019aide<\/i>\u00a0\u00bb, explique sa fille.<\/p>\n<\/p><\/div>\n<div class=\"intext\"> Un prize money relev\u00e9 en 2026\n              <\/div>\n<div class=\"paragraph\">\n<p>Peu de nouveaut\u00e9s pour cette \u00e9dition 2026 puisqu\u2019elles sont au nombre de deux. <i>\u00ab<\/i><i>\u00a0<\/i><i>La seule r\u00e9elle nouveaut\u00e9, c\u2019est le prize money. On a mis les hommes et les femmes au m\u00eame niveau avec des primes en fonction des temps de passage sur certains points<\/i>\u00a0\u00bb, d\u00e9crit Anne Iacono. Un total de 95\u00a0000\u00a0euros sera distribu\u00e9 entre les classements g\u00e9n\u00e9raux et les passages interm\u00e9diaires, avec donc la parit\u00e9 dans ce domaine. Le d\u00e9part s\u00e9par\u00e9 pour les hommes et les femmes, c\u2019est \u00e9galement termin\u00e9. Les quelque 1\u00a0500\u00a0participants s\u2019\u00e9lanceront tous, ce samedi, \u00e0 6h du matin.<\/p>\n<p>L\u2019Embrunman r\u00e9alise \u00e9galement une \u00e9volution positive avec un retour de l\u2019\u00e9v\u00e9nement dans le giron f\u00e9d\u00e9ral, \u00ab\u00a0<i>dans une volont\u00e9 de renforcer les liens avec l\u2019\u00e9cosyst\u00e8me f\u00e9d\u00e9ral tout en conservant l\u2019identit\u00e9 et l\u2019esprit qui font la singularit\u00e9 de l\u2019\u00e9v\u00e9nement depuis sa cr\u00e9ation<\/i>\u00a0\u00bb.<i> <\/i>Concernant la liste de d\u00e9part, elle est aussi XXL que l\u2019\u00e9preuve en elle-m\u00eame. Le double tenant du titre Louis Rochard sera bien pr\u00e9sent au d\u00e9part, tout comme des anciens vainqueurs (Nick Heldoorn, Diego Van Looy ou encore le Fran\u00e7ais Arthur Horseau). 2<sup>e<\/sup> en 2025, la Suissesse Nina Derron sera la grande favorite de l\u2019\u00e9preuve f\u00e9minine.<\/p>\n<p>G\u00e9rald Iacono disait\u00a0: \u00ab\u00a0<i>Depuis 42 ans, ce qui nous anime reste intact<\/i><i>\u00a0<\/i><i>: faire vivre une \u00e9preuve authentique, exigeante et charg\u00e9e d\u2019\u00e9motion<\/i>\u00a0\u00bb. Le triathlon familial est maintenant un immanquable au niveau mondial. Ce sera encore le cas en 2026.<\/p>\n<\/p><\/div>\n","protected":false},"excerpt":{"rendered":"L&rsquo;Embrunman est le plus grand &eacute;v&eacute;nement sportif de l&rsquo;ann&eacute;e dans les Hautes-Alpes. Chaque week-end du 15&nbsp;ao&ucirc;t, ce triathlon XXL se d&eacute;roule autour du lac de Serre-Pon&ccedil;on. Une &eacute;preuve &#8230;","protected":false},"author":1,"featured_media":39321,"comment_status":"open","ping_status":"open","sticky":false,"template":"","format":"standard","meta":{"footnotes":""},"categories":[7],"tags":[6246,4768,58,3415,1166,807],"news-destination":[],"news-source":[475],"is_homepage":[],"ta_other":[],"class_list":["post-39320","post","type-post","status-publish","format-standard","has-post-thumbnail","hentry","category-sports","tag-15-aout","tag-alpes","tag-famille","tag-montagne","tag-triathlon","tag-velo","news-source-website"],"_links":{"self":[{"href":"https:\/\/euapp01.newsmemory.com\/lamarseillaise\/news\/wp-json\/wp\/v2\/posts\/39320","targetHints":{"allow":["GET"]}}],"collection":[{"href":"https:\/\/euapp01.newsmemory.com\/lamarseillaise\/news\/wp-json\/wp\/v2\/posts"}],"about":[{"href":"https:\/\/euapp01.newsmemory.com\/lamarseillaise\/news\/wp-json\/wp\/v2\/types\/post"}],"author":[{"embeddable":true,"href":"https:\/\/euapp01.newsmemory.com\/lamarseillaise\/news\/wp-json\/wp\/v2\/users\/1"}],"replies":[{"embeddable":true,"href":"https:\/\/euapp01.newsmemory.com\/lamarseillaise\/news\/wp-json\/wp\/v2\/comments?post=39320"}],"version-history":[{"count":1,"href":"https:\/\/euapp01.newsmemory.com\/lamarseillaise\/news\/wp-json\/wp\/v2\/posts\/39320\/revisions"}],"predecessor-version":[{"id":39322,"href":"https:\/\/euapp01.newsmemory.com\/lamarseillaise\/news\/wp-json\/wp\/v2\/posts\/39320\/revisions\/39322"}],"wp:featuredmedia":[{"embeddable":true,"href":"https:\/\/euapp01.newsmemory.com\/lamarseillaise\/news\/wp-json\/wp\/v2\/media\/39321"}],"wp:attachment":[{"href":"https:\/\/euapp01.newsmemory.com\/lamarseillaise\/news\/wp-json\/wp\/v2\/media?parent=39320"}],"wp:term":[{"taxonomy":"category","embeddable":true,"href":"https:\/\/euapp01.newsmemory.com\/lamarseillaise\/news\/wp-json\/wp\/v2\/categories?post=39320"},{"taxonomy":"post_tag","embeddable":true,"href":"https:\/\/euapp01.newsmemory.com\/lamarseillaise\/news\/wp-json\/wp\/v2\/tags?post=39320"},{"taxonomy":"news-destination","embeddable":true,"href":"https:\/\/euapp01.newsmemory.com\/lamarseillaise\/news\/wp-json\/wp\/v2\/news-destination?post=39320"},{"taxonomy":"news-source","embeddable":true,"href":"https:\/\/euapp01.newsmemory.com\/lamarseillaise\/news\/wp-json\/wp\/v2\/news-source?post=39320"},{"taxonomy":"is_homepage","embeddable":true,"href":"https:\/\/euapp01.newsmemory.com\/lamarseillaise\/news\/wp-json\/wp\/v2\/is_homepage?post=39320"},{"taxonomy":"ta_other","embeddable":true,"href":"https:\/\/euapp01.newsmemory.com\/lamarseillaise\/news\/wp-json\/wp\/v2\/ta_other?post=39320"}],"curies":[{"name":"wp","href":"https:\/\/api.w.org\/{rel}","templated":true}]}}