{"id":39317,"date":"2026-08-14T07:30:00","date_gmt":"2026-08-14T05:30:00","guid":{"rendered":"https:\/\/euapp01.newsmemory.com\/lamarseillaise\/news\/?p=39317"},"modified":"2026-08-21T07:54:25","modified_gmt":"2026-08-21T05:54:25","slug":"le-zero-pointe-de-la-cgt-interieur-au-ministre-de-la-justice","status":"publish","type":"post","link":"https:\/\/euapp01.newsmemory.com\/lamarseillaise\/news\/2026\/08\/14\/le-zero-pointe-de-la-cgt-interieur-au-ministre-de-la-justice\/","title":{"rendered":"Le z\u00e9ro point\u00e9 de la CGT Int\u00e9rieur au ministre de la Justice"},"content":{"rendered":"<div class=\"paragraph\">\n<p>Un document de 12 pages qui met le feu aux poudres. Apr\u00e8s l\u2019\u00e9moi d\u00e9clench\u00e9 par la mort de Lyhanna, 11 ans, le 4\u00a0juin dans le Gers et la mise en examen, pour meurtre et viol sur mineure de moins de 15 ans, de J\u00e9r\u00f4me Barella, principal suspect, le ministre de la Justice a transmis un courrier \u00e0 son homologue de l\u2019Int\u00e9rieur. Dat\u00e9 du 29\u00a0juillet, r\u00e9v\u00e9l\u00e9 par <i>Le Monde<\/i>, il pointe des dysfonctionnements \u00ab\u00a0<i>d\u2019ordre structurel<\/i>\u00a0\u00bb, qui tiennent \u00e0 la question des moyens, de la formation, des outils et du pilotage, mais pas \u00ab\u00a0<i>\u00e0 la volont\u00e9 des <\/i><i>personnels de terrain<\/i>.\u00a0\u00bb Est \u00e9galement \u00e9voqu\u00e9 un gigantesque \u00ab\u00a0<i>stock fant\u00f4me<\/i><i>\u00a0<\/i>\u00bb, des dossiers non r\u00e9pertori\u00e9s par la justice faute de lui avoir \u00e9t\u00e9 transmis.<\/p>\n<p>De quoi agacer singuli\u00e8rement les syndicats de policiers. Dans un long communiqu\u00e9 en date du 11\u00a0ao\u00fbt, la CGT Int\u00e9rieur r\u00e9plique en alignant les chiffres issus de ce m\u00eame document\u00a0: \u00ab <i>85 047 plaintes en attente, six policiers pour 4 000 dossiers au<\/i><i>\u00a0<\/i><i>Mans, 257<\/i><i>\u00a0<\/i><i>millions pour un logiciel qui n\u2019existe pas<\/i>.\u00a0\u00bb \u00ab\u00a0<i>Le r\u00e9sultat de d\u00e9cisions politiques identifiables, prises en connaissance de cause<\/i>\u00a0\u00bb ass\u00e8ne-t-elle. Pour elle, G\u00e9rald Darmanin, ministre de l\u2019Int\u00e9rieur durant 4 ans, \u00ab\u00a0<i>d\u00e9couvre son propre bilan<\/i>.\u00a0\u00bb<\/p>\n<\/p><\/div>\n<div class=\"intext\"> Tout sur le bureau du minist\u00e8re depuis 3 ans\n              <\/div>\n<div class=\"paragraph\">\n<p>Et \u00ab\u00a0<i>oublie que par sa r\u00e9forme n\u00e9faste, il a d\u00e9mantel\u00e9 les fili\u00e8res d\u2019investigation (&#8230;) et appauvri la police nationale et la gendarmerie dans leur dimension judiciaire<\/i>\u00a0\u00bb.<\/p>\n<p>Sur le chiffre \u00e9difiant des plaintes en rade, \u00ab\u00a0<i>certaines n\u2019ont jamais quitt\u00e9 le commissariat. D\u2019autres ont \u00e9t\u00e9 perdues. Rien de tout cela n\u2019est un accident<\/i><i>\u00a0<\/i><i>: chacun de ces manques a \u00e9t\u00e9 provoqu\u00e9, budget apr\u00e8s budget, par des responsables qui savaient<\/i><i>\u00a0<\/i>\u00bb, balance la CGT. Et de citer \u00ab\u00a0<i>le rapport interinspections de juin<\/i><i>\u00a0<\/i><i>2023 sur l\u2019engorgement de la cha\u00eene p\u00e9nale, celui de la Cour des comptes de mai<\/i><i>\u00a0<\/i><i>2023, le rapport d\u2019\u00e9valuation des stocks recensant plus de trois millions de proc\u00e9dures non trait\u00e9es et alertant express\u00e9ment sur le sort des viols et agressions sexuelles sur mineurs<\/i>\u00a0\u00bb, tous \u00ab\u00a0<i>sur le bureau du ministre de l\u2019Int\u00e9rieur de l\u2019\u00e9poque<\/i>.\u00a0\u00bb<\/p>\n<p>L\u2019organisation syndicale est all\u00e9e jusqu\u2019\u00e0 calculer le temps que les fonctionnaires de police pouvaient consacrer aux dossiers. Reprenant l\u2019exemple du\u00a0Mans, o\u00f9 six policiers du groupe de protection des familles se partagent plus de 4\u00a0000\u00a0cas, soit 667\u00a0proc\u00e9dures par agent. \u00ab\u00a0<i>Rapport\u00e9 \u00e0 la dur\u00e9e l\u00e9gale annuelle de travail -1<\/i><i>\u00a0<\/i><i>607<\/i><i>\u00a0<\/i><i>heures-, il reste deux heures et vingt-quatre minutes par dossier et par an<\/i>\u00a0\u00bb, indique la CGT. Tandis qu\u2019\u00e0 Amiens, \u00ab\u00a0<i>o\u00f9 trois enqu\u00eateurs portent chacun plus de trois cents dossiers, on atteint cinq heures et vingt minutes<\/i>\u00a0\u00bb, compl\u00e8te-t-elle.<\/p>\n<\/p><\/div>\n<div class=\"intext\"> L\u2019enqu\u00eate, sp\u00e9cificit\u00e9 abandonn\u00e9e\n              <\/div>\n<div class=\"paragraph\">\n<p>Elle pointe \u00e9galement une date, 1995, o\u00f9 l\u2019enqu\u00eate a \u00ab\u00a0<i>cess\u00e9 d\u2019\u00eatre un m\u00e9tier.<\/i><i>\u00a0<\/i>\u00bb Le corps des enqu\u00eateurs dissous, \u00ab\u00a0<i>16<\/i><i>\u00a0<\/i><i>000<\/i><i>\u00a0<\/i><i>inspecteurs de police rejoignent 2<\/i><i>\u00a0<\/i><i>200 officiers de paix<\/i><i>\u00a0<\/i>\u00bb dans le nouveau corps des officiers.<\/p>\n<p>La CGT \u00e9tablit \u00e9galement une autre bascule, en 2024. Depuis, l\u2019ordre public prime dans la gestion des troupes estime l\u2019organisation syndicale. \u00ab\u00a0<i>Un dossier d\u2019enfant ne fait pas de bruit. Une manifestation, si<\/i>\u00a0\u00bb, commente-t-elle. Elle raconte aussi cet outil num\u00e9rique dat\u00e9 et inepte, qui \u00ab\u00a0<i>perd des fichiers, d\u00e9coupe les proc\u00e8s-verbaux et impose des ressaisies redondantes des m\u00eames informations dans des logiciels qui ne se parlent pas<\/i>.\u00a0\u00bb Le projet \u00ab\u00a0Scribe\u00a0\u00bb, lanc\u00e9 en 2016 pour le remplacer, est abandonn\u00e9 en 2021 puis relanc\u00e9 pour \u00ab\u00a0<i>2028 au mieux<\/i>\u00a0\u00bb assure-t-elle.<\/p>\n<p>En cons\u00e9quence, la CGT exige de \u00ab\u00a0<i>faire de l\u2019enqu\u00eate un m\u00e9tier<\/i>\u00a0\u00bb, \u00ab\u00a0<i>donner aux enqu\u00eateurs un outil qui fonctionne<\/i><i>\u00a0<\/i>\u00bb et \u00ab\u00a0<i>sortir l\u2019enqu\u00eate de l\u2019arbitrage pr\u00e9fectoral<\/i>.\u00a0\u00bb Elle r\u00e9clame aussi la pr\u00e9sence des syndicats et des associations de victimes \u00e0 la r\u00e9union pr\u00e9vue le 3\u00a0septembre entre les deux minist\u00e8res.<\/p>\n<\/p><\/div>\n","protected":false},"excerpt":{"rendered":"Un document de 12 pages qui met le feu aux poudres. Apr&egrave;s l&rsquo;&eacute;moi d&eacute;clench&eacute; par la mort de Lyhanna, 11 ans, le 4&nbsp;juin dans le Gers et la mise en examen, pour meurtre et viol sur mineure de moins de 15 ans, de &#8230;","protected":false},"author":1,"featured_media":39318,"comment_status":"open","ping_status":"open","sticky":false,"template":"","format":"standard","meta":{"footnotes":""},"categories":[3926,3925,1854,331,20],"tags":[1092,138,430,1336,4125,2283,57,754,1801,572,1798,249,1047,5423,200,3848,5815,560,3439,253,520,497,1951,1188,1438,763,1977,1699,2471,537,1401,364,1304],"news-destination":[3944],"news-source":[475],"is_homepage":[],"ta_other":[],"class_list":["post-39317","post","type-post","status-publish","format-standard","has-post-thumbnail","hentry","category-accueil-merge","category-accueil-third","category-france","category-social","category-societe","tag-agressions","tag-associations","tag-budget","tag-chiffres","tag-commissariat","tag-cour-des-comptes","tag-enfants","tag-familles","tag-fonctionnaires","tag-france","tag-gendarmerie","tag-gerald-darmanin","tag-informations","tag-judiciaire","tag-justice","tag-laurent-nunez","tag-lyhanna","tag-manifestation","tag-meurtre","tag-mineurs","tag-ministere","tag-ministre","tag-mise-en-examen","tag-moyens","tag-plaintes","tag-police","tag-police-nationale","tag-policiers","tag-prise-en-charge","tag-protection","tag-reforme","tag-syndicats","tag-violences-sexuelles","news-destination-homepage","news-source-website"],"_links":{"self":[{"href":"https:\/\/euapp01.newsmemory.com\/lamarseillaise\/news\/wp-json\/wp\/v2\/posts\/39317","targetHints":{"allow":["GET"]}}],"collection":[{"href":"https:\/\/euapp01.newsmemory.com\/lamarseillaise\/news\/wp-json\/wp\/v2\/posts"}],"about":[{"href":"https:\/\/euapp01.newsmemory.com\/lamarseillaise\/news\/wp-json\/wp\/v2\/types\/post"}],"author":[{"embeddable":true,"href":"https:\/\/euapp01.newsmemory.com\/lamarseillaise\/news\/wp-json\/wp\/v2\/users\/1"}],"replies":[{"embeddable":true,"href":"https:\/\/euapp01.newsmemory.com\/lamarseillaise\/news\/wp-json\/wp\/v2\/comments?post=39317"}],"version-history":[{"count":1,"href":"https:\/\/euapp01.newsmemory.com\/lamarseillaise\/news\/wp-json\/wp\/v2\/posts\/39317\/revisions"}],"predecessor-version":[{"id":39319,"href":"https:\/\/euapp01.newsmemory.com\/lamarseillaise\/news\/wp-json\/wp\/v2\/posts\/39317\/revisions\/39319"}],"wp:featuredmedia":[{"embeddable":true,"href":"https:\/\/euapp01.newsmemory.com\/lamarseillaise\/news\/wp-json\/wp\/v2\/media\/39318"}],"wp:attachment":[{"href":"https:\/\/euapp01.newsmemory.com\/lamarseillaise\/news\/wp-json\/wp\/v2\/media?parent=39317"}],"wp:term":[{"taxonomy":"category","embeddable":true,"href":"https:\/\/euapp01.newsmemory.com\/lamarseillaise\/news\/wp-json\/wp\/v2\/categories?post=39317"},{"taxonomy":"post_tag","embeddable":true,"href":"https:\/\/euapp01.newsmemory.com\/lamarseillaise\/news\/wp-json\/wp\/v2\/tags?post=39317"},{"taxonomy":"news-destination","embeddable":true,"href":"https:\/\/euapp01.newsmemory.com\/lamarseillaise\/news\/wp-json\/wp\/v2\/news-destination?post=39317"},{"taxonomy":"news-source","embeddable":true,"href":"https:\/\/euapp01.newsmemory.com\/lamarseillaise\/news\/wp-json\/wp\/v2\/news-source?post=39317"},{"taxonomy":"is_homepage","embeddable":true,"href":"https:\/\/euapp01.newsmemory.com\/lamarseillaise\/news\/wp-json\/wp\/v2\/is_homepage?post=39317"},{"taxonomy":"ta_other","embeddable":true,"href":"https:\/\/euapp01.newsmemory.com\/lamarseillaise\/news\/wp-json\/wp\/v2\/ta_other?post=39317"}],"curies":[{"name":"wp","href":"https:\/\/api.w.org\/{rel}","templated":true}]}}