{"id":39314,"date":"2026-08-14T07:35:00","date_gmt":"2026-08-14T05:35:00","guid":{"rendered":"https:\/\/euapp01.newsmemory.com\/lamarseillaise\/news\/?p=39314"},"modified":"2026-08-21T08:11:16","modified_gmt":"2026-08-21T06:11:16","slug":"provence-rugby-prend-des-premiers-reperes-solides-face-a-nice","status":"publish","type":"post","link":"https:\/\/euapp01.newsmemory.com\/lamarseillaise\/news\/2026\/08\/14\/provence-rugby-prend-des-premiers-reperes-solides-face-a-nice\/","title":{"rendered":"Provence Rugby prend des premiers rep\u00e8res solides face \u00e0 Nice"},"content":{"rendered":"<div class=\"paragraph\">\n<p>C\u2019\u00e9tait il y a deux mois, quasiment jour pour jour, Provence Rugby manquait l\u2019opportunit\u00e9 de monter en Top 14 \u00e0 l\u2019issue d\u2019un match frustrant face \u00e0 Perpignan. Ce 13\u00a0ao\u00fbt, les Aixois retrouvaient leur antre de Maurice-David pour une premi\u00e8re rencontre amicale. Nissa Rugby, fra\u00eechement promu en Pro D2, a fait le d\u00e9placement dans les Bouches-du-Rh\u00f4ne et s\u2019est nettement inclin\u00e9 (42-19).<\/p>\n<p>Trente joueurs \u00e9taient sur la feuille de match, ce jeudi soir. L\u2019occasion de d\u00e9couvrir les recrues &#8211; elles \u00e9taient six au coup d\u2019envoi &#8211; et de faire tourner pour permettre \u00e0 l\u2019effectif de t\u00e2ter le terrain, \u00e0 deux semaines de la reprise du championnat. Les Ni\u00e7ois n\u2019ont pas vu le jour en premi\u00e8re p\u00e9riode avec cinq essais conc\u00e9d\u00e9s, deux cartons jaunes et presque aucun ballon dans les 22 m\u00e8tres proven\u00e7aux. Un calvaire, sous une forte chaleur (35-0 \u00e0 la pause).<\/p>\n<p>Philippe Saint-Andr\u00e9 a ensuite fait jouer dix Espoirs en fin de partie, les innombrables changements ont rendu la seconde mi-temps plus terne mais le manager \u00e9tait heureux de ce premier rendez-vous.<\/p>\n<\/p><\/div>\n<div class=\"intext\"> Sous les yeux de Victor Wembanyama\n              <\/div>\n<div class=\"paragraph\">\n<p>\u00ab\u00a0<i>La premi\u00e8re mi-temps a \u00e9t\u00e9 s\u00e9rieuse, avec 2 ou 3 p\u00e9nalit\u00e9s conc\u00e9d\u00e9es. On a \u00e9t\u00e9 impliqu\u00e9s. On a l\u2019impression d\u2019\u00eatre mieux en place qu\u2019\u00e0 la m\u00eame \u00e9poque, la saison derni\u00e8re.<\/i>\u00a0\u00bb<i> <\/i>Transfuge de Grenoble, Thibaut Martel a aussi aim\u00e9 le fait que les joueurs \u00ab\u00a0<i>se trouvaient bien sur le terrain, avec d\u00e9j\u00e0 des automatismes.<\/i>\u00a0\u00bb<i> <\/i>La partie s\u2019est d\u00e9roul\u00e9e sous le regard de la star du basket fran\u00e7ais et mondial, Victor Wembanyama, qui va s\u2019entra\u00eener toute la semaine aupr\u00e8s des rugbymen de Provence.<\/p>\n<\/p><\/div>\n","protected":false},"excerpt":{"rendered":"C&rsquo;&eacute;tait il y a deux mois, quasiment jour pour jour, Provence Rugby manquait l&rsquo;opportunit&eacute; de monter en Top 14 &agrave; l&rsquo;issue d&rsquo;un match frustrant face &agrave; Perpignan. Ce 13&nbsp;ao&ucirc;t, les Aixois &#8230;","protected":false},"author":1,"featured_media":39315,"comment_status":"open","ping_status":"open","sticky":false,"template":"","format":"standard","meta":{"footnotes":""},"categories":[3926,3925,7],"tags":[556,2451,10,900,1832,1021,1020,904],"news-destination":[3944],"news-source":[475],"is_homepage":[],"ta_other":[],"class_list":["post-39314","post","type-post","status-publish","format-standard","has-post-thumbnail","hentry","category-accueil-merge","category-accueil-third","category-sports","tag-aix-en-provence","tag-alpes-maritimes","tag-bouches-du-rhone","tag-match","tag-nice","tag-pro-d2","tag-provence-rugby","tag-rugby","news-destination-homepage","news-source-website"],"_links":{"self":[{"href":"https:\/\/euapp01.newsmemory.com\/lamarseillaise\/news\/wp-json\/wp\/v2\/posts\/39314","targetHints":{"allow":["GET"]}}],"collection":[{"href":"https:\/\/euapp01.newsmemory.com\/lamarseillaise\/news\/wp-json\/wp\/v2\/posts"}],"about":[{"href":"https:\/\/euapp01.newsmemory.com\/lamarseillaise\/news\/wp-json\/wp\/v2\/types\/post"}],"author":[{"embeddable":true,"href":"https:\/\/euapp01.newsmemory.com\/lamarseillaise\/news\/wp-json\/wp\/v2\/users\/1"}],"replies":[{"embeddable":true,"href":"https:\/\/euapp01.newsmemory.com\/lamarseillaise\/news\/wp-json\/wp\/v2\/comments?post=39314"}],"version-history":[{"count":1,"href":"https:\/\/euapp01.newsmemory.com\/lamarseillaise\/news\/wp-json\/wp\/v2\/posts\/39314\/revisions"}],"predecessor-version":[{"id":39316,"href":"https:\/\/euapp01.newsmemory.com\/lamarseillaise\/news\/wp-json\/wp\/v2\/posts\/39314\/revisions\/39316"}],"wp:featuredmedia":[{"embeddable":true,"href":"https:\/\/euapp01.newsmemory.com\/lamarseillaise\/news\/wp-json\/wp\/v2\/media\/39315"}],"wp:attachment":[{"href":"https:\/\/euapp01.newsmemory.com\/lamarseillaise\/news\/wp-json\/wp\/v2\/media?parent=39314"}],"wp:term":[{"taxonomy":"category","embeddable":true,"href":"https:\/\/euapp01.newsmemory.com\/lamarseillaise\/news\/wp-json\/wp\/v2\/categories?post=39314"},{"taxonomy":"post_tag","embeddable":true,"href":"https:\/\/euapp01.newsmemory.com\/lamarseillaise\/news\/wp-json\/wp\/v2\/tags?post=39314"},{"taxonomy":"news-destination","embeddable":true,"href":"https:\/\/euapp01.newsmemory.com\/lamarseillaise\/news\/wp-json\/wp\/v2\/news-destination?post=39314"},{"taxonomy":"news-source","embeddable":true,"href":"https:\/\/euapp01.newsmemory.com\/lamarseillaise\/news\/wp-json\/wp\/v2\/news-source?post=39314"},{"taxonomy":"is_homepage","embeddable":true,"href":"https:\/\/euapp01.newsmemory.com\/lamarseillaise\/news\/wp-json\/wp\/v2\/is_homepage?post=39314"},{"taxonomy":"ta_other","embeddable":true,"href":"https:\/\/euapp01.newsmemory.com\/lamarseillaise\/news\/wp-json\/wp\/v2\/ta_other?post=39314"}],"curies":[{"name":"wp","href":"https:\/\/api.w.org\/{rel}","templated":true}]}}