{"id":39308,"date":"2026-08-14T07:28:00","date_gmt":"2026-08-14T05:28:00","guid":{"rendered":"https:\/\/euapp01.newsmemory.com\/lamarseillaise\/news\/?p=39308"},"modified":"2026-08-21T07:54:25","modified_gmt":"2026-08-21T05:54:25","slug":"semaine-halieutique-a-martigues-le-thon-se-fait-rare","status":"publish","type":"post","link":"https:\/\/euapp01.newsmemory.com\/lamarseillaise\/news\/2026\/08\/14\/semaine-halieutique-a-martigues-le-thon-se-fait-rare\/","title":{"rendered":"Semaine halieutique \u00e0 Martigues : le thon se fait rare"},"content":{"rendered":"<div class=\"paragraph\">\n<p>Assises sur un banc \u00e0 l\u2019ombre de l\u2019h\u00f4tel de ville, trois femmes attendent le retour de leurs compagnons. \u00ab\u00a0<i>Ils sont partis en bateau \u00e0 5h ce matin, et ne rentrent pas avant 18h. Il faut vraiment \u00eatre passionn\u00e9<\/i><i>\u00a0<\/i>\u00bb, souffle l\u2019une d\u2019elles. Cette ann\u00e9e, ils sont pr\u00e8s de 80 \u00e0 s\u2019\u00eatre engag\u00e9s au sein de 18\u00a0\u00e9quipages pour participer \u00e0 la Coupe r\u00e9gionale de p\u00eache en haute mer, organis\u00e9e sous l\u2019\u00e9gide de la F\u00e9d\u00e9ration fran\u00e7aise des p\u00eacheurs en mer dans le cadre de la 21<sup>e<\/sup>\u00a0Semaine halieutique de Martigues.<\/p>\n<p>Les comp\u00e9titeurs ont jusqu\u2019\u00e0 ce samedi 15\u00a0ao\u00fbt pour ferrer exclusivement le thon rouge. Cette ann\u00e9e, la maille \u00e0 respecter est d\u20191,6\u00a0m. \u00ab\u00a0<i>Tous les sp\u00e9cimens plus petits rapportent des points, mais ils doivent imp\u00e9rativement \u00eatre rel\u00e2ch\u00e9s<\/i><i>\u00a0<\/i>\u00bb, d\u00e9taille Jacques Dauber en sortant du bateau podium, charg\u00e9 de noter les coordonn\u00e9es des positions de mouillage de chaque embarcation.<\/p>\n<\/p><\/div>\n<div class=\"intext\"> L\u2019impact de la p\u00eache professionnelle\n              <\/div>\n<div class=\"paragraph\">\n<p>Mercredi soir, apr\u00e8s une premi\u00e8re journ\u00e9e de p\u00eache, les \u00e9quipages ne ram\u00e8nent aucun poisson \u00e0 terre. Une bredouille symptomatique que les amateurs \u00e9prouvent depuis des ann\u00e9es. \u00ab\u00a0<i>Il ne faut pas se mentir, la p\u00eache va de moins en moins bien,<\/i> reconna\u00eet Fran\u00e7ois D\u2019Aime, un passionn\u00e9 de 84\u00a0ans<i>. Avant il y avait des bestioles de 200\/300<\/i><i>\u00a0<\/i><i>kg. Aujourd\u2019hui c\u2019est plus que<br \/>rare.<\/i><i>\u00a0<\/i>\u00bb La faute \u00e0 la p\u00eache professionnelle, selon Jacques Dauber. \u00ab\u00a0<i>Ils ont pris tout ce qu\u2019ils pouvaient prendre, et ne laissent que les petits thons d\u20191,2 ou 1,3<\/i><i>\u00a0<\/i><i>m\u00e8tre. Aujourd\u2019hui, sur une trentaine de pit\u00e9s, le plus long fait 1,4<\/i><i>\u00a0<\/i><i>m\u00e8tre.<\/i><i>\u00a0<\/i>\u00bb Il y a quelques ann\u00e9es, la maille \u00e9tait encore d\u20191,8\u00a0m\u00e8tre. Aujourd\u2019hui, m\u00eame avec 20\u00a0centim\u00e8tres de moins, les p\u00eacheurs ont du mal \u00e0 revenir avec le bateau plein. Pas question, pour autant, de la revoir \u00e0 la baisse. \u00ab\u00a0<i>On est l\u00e0 pour ramener du poisson de sport, pas des \u00e9chantillons<\/i>\u00a0\u00bb, l\u00e2che Jacques Dauber, qui s\u2019agace\u00a0: \u00ab\u00a0<i>La M\u00e9diterran\u00e9e est poissonneuse, mais elle est surp\u00each\u00e9e et surpollu\u00e9e. Selon certaines \u00e9tudes, si on continue au rythme actuel, le poids du plastique pr\u00e9sent dans les oc\u00e9ans surpassera le poids des poissons d\u2019ici 2050<\/i>. <i>Il faut qu\u2019on se r\u00e9veille<\/i><i>\u00a0<\/i>\u00bb.<\/p>\n<p>Du c\u00f4t\u00e9 des amateurs, la situation n\u2019est pas toute rose non plus. \u00ab\u00a0<i>Les p\u00eacheurs vieillissent, <\/i>constate le retrait\u00e9. <i>On a bien des fils et petits-fils qui s\u2019y mettent par tradition familiale, et puis on est dans une commune de p\u00eache, mais \u00e7a co\u00fbte de plus en plus cher. Tout augmente<\/i><i>\u00a0<\/i><i>: les sardines, le prix des places au port, le gasoil&#8230;<\/i><i>\u00a0<\/i>\u00bb<\/p>\n<p>Mais pas de place au d\u00e9couragement lors de cette Semaine halieutique. Au contraire\u00a0! Le Mart\u00e9gal se r\u00e9jouit\u00a0: \u00ab\u00a0<i>On se retrouve au bord de l\u2019eau, entre amis qui partagent une m\u00eame passion. C\u2019est convivial<\/i><i>\u00a0<\/i><i>!<\/i><i>\u00a0<\/i>\u00bb Ce vendredi soir, le Club nautique organise une thonade sur les tables dispos\u00e9es pr\u00e8s du quai d\u2019honneur. Samedi soir, une paella est au menu.<\/p>\n<\/p><\/div>\n<div class=\"paragraph\">\n<p><i>Tarifs<\/i><i>\u00a0<\/i><i>: 19<\/i><i>\u00a0<\/i><i>euros par adulte et 10<\/i><i>\u00a0<\/i><i>euros par enfant (4<\/i><i>\u00a0<\/i><i>\u00e0 11<\/i><i>\u00a0<\/i><i>ans). Billets en vente \u00e0 l\u2019Office <br \/>de Tourisme de Martigues.<\/i><\/p>\n<\/p><\/div>\n","protected":false},"excerpt":{"rendered":"Assises sur un banc &agrave; l&rsquo;ombre de l&rsquo;h&ocirc;tel de ville, trois femmes attendent le retour de leurs compagnons. &laquo;&nbsp;Ils sont partis en bateau &agrave; 5h ce matin, et ne rentrent pas avant 18h. Il faut vraiment &ecirc;tre &#8230;","protected":false},"author":1,"featured_media":39309,"comment_status":"open","ping_status":"open","sticky":false,"template":"","format":"standard","meta":{"footnotes":""},"categories":[3926,3925,20],"tags":[1222,10,1341,63,128,3967,3873,298,1224,6252,1749],"news-destination":[3944],"news-source":[475],"is_homepage":[],"ta_other":[],"class_list":["post-39308","post","type-post","status-publish","format-standard","has-post-thumbnail","hentry","category-accueil-merge","category-accueil-third","category-societe","tag-bateau","tag-bouches-du-rhone","tag-convivialite","tag-martigues","tag-mediterranee","tag-peche","tag-pecheurs","tag-poissons","tag-port","tag-thon-rouge","tag-tradition","news-destination-homepage","news-source-website"],"_links":{"self":[{"href":"https:\/\/euapp01.newsmemory.com\/lamarseillaise\/news\/wp-json\/wp\/v2\/posts\/39308","targetHints":{"allow":["GET"]}}],"collection":[{"href":"https:\/\/euapp01.newsmemory.com\/lamarseillaise\/news\/wp-json\/wp\/v2\/posts"}],"about":[{"href":"https:\/\/euapp01.newsmemory.com\/lamarseillaise\/news\/wp-json\/wp\/v2\/types\/post"}],"author":[{"embeddable":true,"href":"https:\/\/euapp01.newsmemory.com\/lamarseillaise\/news\/wp-json\/wp\/v2\/users\/1"}],"replies":[{"embeddable":true,"href":"https:\/\/euapp01.newsmemory.com\/lamarseillaise\/news\/wp-json\/wp\/v2\/comments?post=39308"}],"version-history":[{"count":1,"href":"https:\/\/euapp01.newsmemory.com\/lamarseillaise\/news\/wp-json\/wp\/v2\/posts\/39308\/revisions"}],"predecessor-version":[{"id":39310,"href":"https:\/\/euapp01.newsmemory.com\/lamarseillaise\/news\/wp-json\/wp\/v2\/posts\/39308\/revisions\/39310"}],"wp:featuredmedia":[{"embeddable":true,"href":"https:\/\/euapp01.newsmemory.com\/lamarseillaise\/news\/wp-json\/wp\/v2\/media\/39309"}],"wp:attachment":[{"href":"https:\/\/euapp01.newsmemory.com\/lamarseillaise\/news\/wp-json\/wp\/v2\/media?parent=39308"}],"wp:term":[{"taxonomy":"category","embeddable":true,"href":"https:\/\/euapp01.newsmemory.com\/lamarseillaise\/news\/wp-json\/wp\/v2\/categories?post=39308"},{"taxonomy":"post_tag","embeddable":true,"href":"https:\/\/euapp01.newsmemory.com\/lamarseillaise\/news\/wp-json\/wp\/v2\/tags?post=39308"},{"taxonomy":"news-destination","embeddable":true,"href":"https:\/\/euapp01.newsmemory.com\/lamarseillaise\/news\/wp-json\/wp\/v2\/news-destination?post=39308"},{"taxonomy":"news-source","embeddable":true,"href":"https:\/\/euapp01.newsmemory.com\/lamarseillaise\/news\/wp-json\/wp\/v2\/news-source?post=39308"},{"taxonomy":"is_homepage","embeddable":true,"href":"https:\/\/euapp01.newsmemory.com\/lamarseillaise\/news\/wp-json\/wp\/v2\/is_homepage?post=39308"},{"taxonomy":"ta_other","embeddable":true,"href":"https:\/\/euapp01.newsmemory.com\/lamarseillaise\/news\/wp-json\/wp\/v2\/ta_other?post=39308"}],"curies":[{"name":"wp","href":"https:\/\/api.w.org\/{rel}","templated":true}]}}