{"id":39305,"date":"2026-08-14T06:48:00","date_gmt":"2026-08-14T04:48:00","guid":{"rendered":"https:\/\/euapp01.newsmemory.com\/lamarseillaise\/news\/?p=39305"},"modified":"2026-08-20T08:12:39","modified_gmt":"2026-08-20T06:12:39","slug":"le-plan-marseille-en-grand-va-changer-de-pilote","status":"publish","type":"post","link":"https:\/\/euapp01.newsmemory.com\/lamarseillaise\/news\/2026\/08\/14\/le-plan-marseille-en-grand-va-changer-de-pilote\/","title":{"rendered":"Le plan Marseille en grand va changer de pilote"},"content":{"rendered":"<div class=\"paragraph\">\n<p>Le mouvement se poursuit \u00e0 la pr\u00e9fecture de r\u00e9gion. Deux semaines apr\u00e8s la nomination \u00e0 la t\u00eate des services de l\u2019\u00c9tat dans l\u2019Aisne de l\u2019actuelle pr\u00e9f\u00e8te d\u00e9l\u00e9gu\u00e9e \u00e0 l\u2019\u00e9galit\u00e9 des chances dans les Bouches-du-Rh\u00f4ne Isabelle Epaillard, remplac\u00e9e dans ses fonctions par l\u2019ex-directeur de cabinet au minist\u00e8re de la Ville Guillaume Quenet, c\u2019est au tour de la sous-pr\u00e9f\u00e8te Virginie Averous de quitter le d\u00e9partement. Par un d\u00e9cret sign\u00e9 ce lundi 10\u00a0ao\u00fbt, celle-ci vient d\u2019\u00eatre nomm\u00e9e \u00e0 la t\u00eate de la sous-pr\u00e9fecture de La\u00a0Trinit\u00e9, en Martinique, avec une prise de fonction annonc\u00e9e pour le 1<sup>er<\/sup>\u00a0septembre prochain. Dipl\u00f4m\u00e9e de l\u2019\u00c9cole des hautes \u00e9tudes en sant\u00e9 publique (EHESP), l\u2019ancienne directrice de cabinet de la pr\u00e9fecture de l\u2019Allier avait \u00e9t\u00e9 nomm\u00e9e le 7\u00a0octobre 2022 sous-pr\u00e9f\u00e8te charg\u00e9e de mission aupr\u00e8s du pr\u00e9fet de r\u00e9gion Provence-Alpes-C\u00f4te d\u2019Azur, charg\u00e9e de la politique de la ville. Surtout, depuis le 1<sup>er<\/sup>\u00a0janvier 2024, elle portait le pilotage administratif du plan Marseille en grand.<\/p>\n<\/p><\/div>\n<div class=\"intext\"> Quel successeur\u00a0?\n              <\/div>\n<div class=\"paragraph\">\n<p>Un poste sous les feux crois\u00e9s de la politique marseillaise. Si le pr\u00e9sident avait annonc\u00e9, le 16\u00a0d\u00e9cembre dernier, que 62% des cr\u00e9dits avaient bien \u00e9t\u00e9 engag\u00e9s tandis qu\u2019\u00e9tait mise en service au mois de janvier la premi\u00e8re extension du tramway et que se poursuivent les appels d\u2019offres pour la r\u00e9habilitation des \u00e9coles &#8211; trois ont \u00e9t\u00e9 lanc\u00e9s le\u00a02\u00a0ao\u00fbt pour le Castellas, Saint-Tronc et Cadenat &#8211; un signalement de l\u2019ancien pr\u00e9fet de r\u00e9gion Georges-Fran\u00e7ois Leclerc r\u00e9v\u00e9l\u00e9 le 2\u00a0f\u00e9vrier dernier par le m\u00e9dia <i>Blast<\/i> avait jet\u00e9 une ombre de plus au tableau. En ligne de mire, l\u2019attribution des march\u00e9s de la Soci\u00e9t\u00e9 publique des \u00e9coles de Marseille (Spem) qu\u2019il pr\u00e9sidait pourtant, l\u2019\u00e9narque pointant des r\u00e9unions de la sous-pr\u00e9f\u00e8te avec l\u2019ancien adjoint (DVG) aux \u00e9coles, Pierre-Marie Ganozzi. Tandis que le parquet annon\u00e7ait l\u2019ouverture d\u2019une enqu\u00eate, l\u2019actuel pr\u00e9fet de r\u00e9gion Jacques Witkowski indiquait au mois d\u2019avril que les proc\u00e9dures de commande publique \u00e9taient \u00ab\u00a0<i>conformes<\/i><i>\u00a0<\/i>\u00bb.<\/p>\n<p>Reste \u00e0 savoir qui succ\u00e9dera \u00e0 la sous-pr\u00e9f\u00e8te. Son d\u00e9part co\u00efncide avec la nomination, par un d\u00e9cret \u00e9galement dat\u00e9 du 10\u00a0ao\u00fbt, de l\u2019adjoint \u00e0 la sous-directrice des finances au minist\u00e8re de l\u2019Int\u00e9rieur Nicolas Chamoulaud, comme sous-pr\u00e9fet charg\u00e9 de mission aupr\u00e8s du pr\u00e9fet de r\u00e9gion pour une dur\u00e9e initiale de trois ans. Dipl\u00f4m\u00e9 de l\u2019Institut national du service public (INSP, ex-ENA) en 2022, cet administrateur de l\u2019\u00c9tat a r\u00e9alis\u00e9 l\u2019ensemble de sa carri\u00e8re au minist\u00e8re de l\u2019Int\u00e9rieur. Interrog\u00e9e ce mercredi sur le p\u00e9rim\u00e8tre de sa mission, la pr\u00e9fecture renvoie toute annonce \u00e0 sa prise de fonction.<\/p>\n<\/p><\/div>\n","protected":false},"excerpt":{"rendered":"Le mouvement se poursuit &agrave; la pr&eacute;fecture de r&eacute;gion. Deux semaines apr&egrave;s la nomination &agrave; la t&ecirc;te des services de l&rsquo;&Eacute;tat dans l&rsquo;Aisne de l&rsquo;actuelle pr&eacute;f&egrave;te &#8230;","protected":false},"author":1,"featured_media":39306,"comment_status":"open","ping_status":"open","sticky":false,"template":"","format":"standard","meta":{"footnotes":""},"categories":[3926,3925,330],"tags":[10,1817,16,2649,779,1131,3069,6251],"news-destination":[3944],"news-source":[475],"is_homepage":[],"ta_other":[],"class_list":["post-39305","post","type-post","status-publish","format-standard","has-post-thumbnail","hentry","category-accueil-merge","category-accueil-third","category-politique","tag-bouches-du-rhone","tag-isabelle-epaillard","tag-marseille","tag-nominations","tag-plan-marseille-en-grand","tag-prefecture","tag-sous-prefet","tag-virginie-averous","news-destination-homepage","news-source-website"],"_links":{"self":[{"href":"https:\/\/euapp01.newsmemory.com\/lamarseillaise\/news\/wp-json\/wp\/v2\/posts\/39305","targetHints":{"allow":["GET"]}}],"collection":[{"href":"https:\/\/euapp01.newsmemory.com\/lamarseillaise\/news\/wp-json\/wp\/v2\/posts"}],"about":[{"href":"https:\/\/euapp01.newsmemory.com\/lamarseillaise\/news\/wp-json\/wp\/v2\/types\/post"}],"author":[{"embeddable":true,"href":"https:\/\/euapp01.newsmemory.com\/lamarseillaise\/news\/wp-json\/wp\/v2\/users\/1"}],"replies":[{"embeddable":true,"href":"https:\/\/euapp01.newsmemory.com\/lamarseillaise\/news\/wp-json\/wp\/v2\/comments?post=39305"}],"version-history":[{"count":1,"href":"https:\/\/euapp01.newsmemory.com\/lamarseillaise\/news\/wp-json\/wp\/v2\/posts\/39305\/revisions"}],"predecessor-version":[{"id":39307,"href":"https:\/\/euapp01.newsmemory.com\/lamarseillaise\/news\/wp-json\/wp\/v2\/posts\/39305\/revisions\/39307"}],"wp:featuredmedia":[{"embeddable":true,"href":"https:\/\/euapp01.newsmemory.com\/lamarseillaise\/news\/wp-json\/wp\/v2\/media\/39306"}],"wp:attachment":[{"href":"https:\/\/euapp01.newsmemory.com\/lamarseillaise\/news\/wp-json\/wp\/v2\/media?parent=39305"}],"wp:term":[{"taxonomy":"category","embeddable":true,"href":"https:\/\/euapp01.newsmemory.com\/lamarseillaise\/news\/wp-json\/wp\/v2\/categories?post=39305"},{"taxonomy":"post_tag","embeddable":true,"href":"https:\/\/euapp01.newsmemory.com\/lamarseillaise\/news\/wp-json\/wp\/v2\/tags?post=39305"},{"taxonomy":"news-destination","embeddable":true,"href":"https:\/\/euapp01.newsmemory.com\/lamarseillaise\/news\/wp-json\/wp\/v2\/news-destination?post=39305"},{"taxonomy":"news-source","embeddable":true,"href":"https:\/\/euapp01.newsmemory.com\/lamarseillaise\/news\/wp-json\/wp\/v2\/news-source?post=39305"},{"taxonomy":"is_homepage","embeddable":true,"href":"https:\/\/euapp01.newsmemory.com\/lamarseillaise\/news\/wp-json\/wp\/v2\/is_homepage?post=39305"},{"taxonomy":"ta_other","embeddable":true,"href":"https:\/\/euapp01.newsmemory.com\/lamarseillaise\/news\/wp-json\/wp\/v2\/ta_other?post=39305"}],"curies":[{"name":"wp","href":"https:\/\/api.w.org\/{rel}","templated":true}]}}