{"id":39302,"date":"2026-08-14T06:58:00","date_gmt":"2026-08-14T04:58:00","guid":{"rendered":"https:\/\/euapp01.newsmemory.com\/lamarseillaise\/news\/?p=39302"},"modified":"2026-08-20T13:02:07","modified_gmt":"2026-08-20T11:02:07","slug":"les-sapeurs-pompiers-restent-sur-le-pied-de-guerre","status":"publish","type":"post","link":"https:\/\/euapp01.newsmemory.com\/lamarseillaise\/news\/2026\/08\/14\/les-sapeurs-pompiers-restent-sur-le-pied-de-guerre\/","title":{"rendered":"Les sapeurs pompiers restent sur le pied de guerre"},"content":{"rendered":"<div class=\"paragraph\">\n<p>Les sapeurs-pompiers professionnels sont \u00e0 bout de souffle. La saison des feux, qui n\u2019est toujours pas termin\u00e9e, est d\u2019une ampleur in\u00e9dite. \u00c0 l\u2019heure o\u00f9 nous \u00e9crivons ces lignes, quelque 120\u00a0000\u00a0hectares ont \u00e9t\u00e9 parcourus par les flammes en France. Et les moyens manquent. \u00ab\u00a0<i>Si la s\u00e9curit\u00e9 civile tient aujourd\u2019hui c\u2019est gr\u00e2ce \u00e0 l\u2019engagement exceptionnel des agents, mais elle ne peut plus reposer uniquement sur leur d\u00e9vouement<\/i>\u00a0\u00bb<i>, <\/i>alerte Xavier Boy, porte-parole de l\u2019intersyndicale des sapeurs-pompiers professionnels. \u00ab\u00a0<i>Les interventions augmentent, les crises se multiplient, les risques et la soci\u00e9t\u00e9 \u00e9voluent mais les moyens ne suivent pas<\/i>\u00a0\u00bb, d\u00e9plore-t-il entour\u00e9 par les membres des neuf syndicats repr\u00e9sentatifs des services d\u2019incendie et de secours (Sdis), pointant l\u2019\u00ab\u00a0<i>insuffisance d\u2019un syst\u00e8me arriv\u00e9 \u00e0 saturation<\/i>\u00a0\u00bb.<\/p>\n<p>Cette conf\u00e9rence de presse \u00e9tait donn\u00e9e devant le minist\u00e8re de l\u2019Int\u00e9rieur, o\u00f9 les soldats du feu ont \u00e9t\u00e9 re\u00e7us ce jeudi 13\u00a0ao\u00fbt pendant pr\u00e8s de deux heures par Laurent Nu\u00f1ez \u00e0 qui ils ont expos\u00e9 leurs revendications. En t\u00eate de liste figure l\u2019adoption rapide d\u2019un projet de loi de modernisation de la s\u00e9curit\u00e9 civile. \u00ab\u00a0<i>Le ministre n\u2019est pas au rendez-vous, nous n\u2019avons pas eu de r\u00e9ponse concr\u00e8te. Nous n\u2019avons aucune affirmation ni sur le financement, ni sur la strat\u00e9gie de financement, ni sur le contenu du projet de loi<\/i>\u00a0\u00bb, fustige Xavier Boy. Sur X, le locataire de la place Beauvau assure que le texte sera pr\u00e9sent\u00e9 \u00ab\u00a0<i>d\u00e9but septembre<\/i>\u00a0\u00bb par ses services au Premier ministre. Les sapeurs-pompiers seront eux, re\u00e7us le 8\u00a0septembre.<\/p>\n<p>Les syndicats r\u00e9clament par ailleurs des recrutements massifs de sapeurs pompiers professionnels, \u00e0 hauteur de 21\u00a0000\u00a0personnes &#8211; qui s\u2019ajouteraient \u00e0 l\u2019effectif actuel de 44\u00a0000 -, et d\u2019agents techniques et administratifs.<\/p>\n<\/p><\/div>\n<div class=\"intext\"> \u00ab\u00a0L\u2019\u00e9t\u00e9 que nous vivons doit tous nous interroger\u00a0\u00bb\n              <\/div>\n<div class=\"paragraph\">\n<p>Ils exigent \u00e9galement un budget \u00ab\u00a0<i>permettant de garantir la protection de la sant\u00e9 de nos agents<\/i>\u00a0\u00bb, l\u2019ouverture de n\u00e9gociations avec leur ministre de tutelle \u00ab\u00a0<i>sur les conditions d\u2019exercice<\/i>\u00a0\u00bb et enfin \u00ab\u00a0<i>une loi de financement de la S\u00e9curit\u00e9 sociale juste qui pourra int\u00e9grer enfin nos attentes historiques en mati\u00e8re de retraite<\/i>\u00a0\u00bb.<\/p>\n<p>Si le premier flic de France a lou\u00e9 sur le r\u00e9seau social de \u00ab\u00a0<i>longs \u00e9changes tr\u00e8s francs<\/i>\u00a0\u00bb, les pompiers eux, se disent \u00ab\u00a0<i>d\u00e9\u00e7us, on s\u2019attendait \u00e0 des r\u00e9ponses beaucoup plus fortes et concr\u00e8tes<\/i>\u00a0\u00bb, pousse Laurent Guilloteau, membre du collectif CGT des SDIS. \u00ab\u00a0<i>Face \u00e0 l\u2019immobilisme de l\u2019\u00c9tat, on va augmenter le rapport de force<\/i>\u00a0\u00bb<i>, <\/i>fait valoir le sous-officier des Sdis\u00a013.<\/p>\n<p>\u00ab\u00a0<i>L\u2019\u00e9t\u00e9 que nous vivons doit tous nous interroger<\/i>\u00a0\u00bb, abonde l\u2019intersyndicale dans un communiqu\u00e9 commun publi\u00e9 \u00e0 l\u2019issue de la rencontre. Entre \u00e9vacuations, habitations d\u00e9truites, les sapeurs-pompiers d\u00e9plorent quatre morts dans leurs rangs et des centaines de bless\u00e9s. \u00ab\u00a0<i>Nous sommes arriv\u00e9s \u00e0 un point de rupture (&#8230;) Il y a urgence<\/i>\u00a0\u00bb, alerte l\u2019intersyndicale qui annonce une grande mobilisation nationale le 29\u00a0septembre prochain. Et entend, d\u2019ici l\u00e0, maintenir la pression sur l\u2019ex\u00e9cutif, les d\u00e9partements dont proviennent leurs financements et les parlementaires.<\/p>\n<\/p><\/div>\n","protected":false},"excerpt":{"rendered":"Les sapeurs-pompiers professionnels sont &agrave; bout de souffle. La saison des feux, qui n&rsquo;est toujours pas termin&eacute;e, est d&rsquo;une ampleur in&eacute;dite. &Agrave; l&rsquo;heure o&ugrave; nous &eacute;crivons ces lignes, quelque &#8230;","protected":false},"author":1,"featured_media":39303,"comment_status":"open","ping_status":"open","sticky":false,"template":"","format":"standard","meta":{"footnotes":""},"categories":[3926,3925,1854,331],"tags":[887,572,784,3848,134,3099,1472,571,3169,911,1674,1613,364],"news-destination":[3944],"news-source":[475],"is_homepage":[],"ta_other":[],"class_list":["post-39302","post","type-post","status-publish","format-standard","has-post-thumbnail","hentry","category-accueil-merge","category-accueil-third","category-france","category-social","tag-financements","tag-france","tag-intersyndicale","tag-laurent-nunez","tag-mobilisation","tag-modernisation","tag-negociations","tag-paris","tag-projet-de-loi","tag-revendications","tag-sapeurs-pompiers","tag-securite-civile","tag-syndicats","news-destination-homepage","news-source-website"],"_links":{"self":[{"href":"https:\/\/euapp01.newsmemory.com\/lamarseillaise\/news\/wp-json\/wp\/v2\/posts\/39302","targetHints":{"allow":["GET"]}}],"collection":[{"href":"https:\/\/euapp01.newsmemory.com\/lamarseillaise\/news\/wp-json\/wp\/v2\/posts"}],"about":[{"href":"https:\/\/euapp01.newsmemory.com\/lamarseillaise\/news\/wp-json\/wp\/v2\/types\/post"}],"author":[{"embeddable":true,"href":"https:\/\/euapp01.newsmemory.com\/lamarseillaise\/news\/wp-json\/wp\/v2\/users\/1"}],"replies":[{"embeddable":true,"href":"https:\/\/euapp01.newsmemory.com\/lamarseillaise\/news\/wp-json\/wp\/v2\/comments?post=39302"}],"version-history":[{"count":1,"href":"https:\/\/euapp01.newsmemory.com\/lamarseillaise\/news\/wp-json\/wp\/v2\/posts\/39302\/revisions"}],"predecessor-version":[{"id":39304,"href":"https:\/\/euapp01.newsmemory.com\/lamarseillaise\/news\/wp-json\/wp\/v2\/posts\/39302\/revisions\/39304"}],"wp:featuredmedia":[{"embeddable":true,"href":"https:\/\/euapp01.newsmemory.com\/lamarseillaise\/news\/wp-json\/wp\/v2\/media\/39303"}],"wp:attachment":[{"href":"https:\/\/euapp01.newsmemory.com\/lamarseillaise\/news\/wp-json\/wp\/v2\/media?parent=39302"}],"wp:term":[{"taxonomy":"category","embeddable":true,"href":"https:\/\/euapp01.newsmemory.com\/lamarseillaise\/news\/wp-json\/wp\/v2\/categories?post=39302"},{"taxonomy":"post_tag","embeddable":true,"href":"https:\/\/euapp01.newsmemory.com\/lamarseillaise\/news\/wp-json\/wp\/v2\/tags?post=39302"},{"taxonomy":"news-destination","embeddable":true,"href":"https:\/\/euapp01.newsmemory.com\/lamarseillaise\/news\/wp-json\/wp\/v2\/news-destination?post=39302"},{"taxonomy":"news-source","embeddable":true,"href":"https:\/\/euapp01.newsmemory.com\/lamarseillaise\/news\/wp-json\/wp\/v2\/news-source?post=39302"},{"taxonomy":"is_homepage","embeddable":true,"href":"https:\/\/euapp01.newsmemory.com\/lamarseillaise\/news\/wp-json\/wp\/v2\/is_homepage?post=39302"},{"taxonomy":"ta_other","embeddable":true,"href":"https:\/\/euapp01.newsmemory.com\/lamarseillaise\/news\/wp-json\/wp\/v2\/ta_other?post=39302"}],"curies":[{"name":"wp","href":"https:\/\/api.w.org\/{rel}","templated":true}]}}