{"id":39287,"date":"2026-08-14T06:51:00","date_gmt":"2026-08-14T04:51:00","guid":{"rendered":"https:\/\/euapp01.newsmemory.com\/lamarseillaise\/news\/?p=39287"},"modified":"2026-08-20T08:12:39","modified_gmt":"2026-08-20T06:12:39","slug":"linsalubrite-une-lutte-qui-ne-connait-plus-de-repit","status":"publish","type":"post","link":"https:\/\/euapp01.newsmemory.com\/lamarseillaise\/news\/2026\/08\/14\/linsalubrite-une-lutte-qui-ne-connait-plus-de-repit\/","title":{"rendered":"L\u2019insalubrit\u00e9, une lutte qui ne connait plus de r\u00e9pit"},"content":{"rendered":"<div class=\"paragraph\">\n<p>\u00ab <i>O<\/i><i>n commence \u00e0 taper, \u00e0 monter sur des astreintes financi\u00e8res<\/i><i>\u00a0<\/i>\u00bb, annon\u00e7ait en avril le pr\u00e9fet des Bouches-du-Rh\u00f4ne, Jacques Witkowski, chef d\u2019orchestre des dispositifs de lutte contre l\u2019habitat indigne. La cr\u00e9ation \u00e0 titre exp\u00e9rimental d\u2019une \u00ab\u00a0mission interservices de lutte contre l\u2019habitat indigne\u00a0\u00bb confi\u00e9e \u00e0 une commissaire divisionnaire, a en effet mis en synergie toute la cha\u00eene de coproduction des arr\u00eat\u00e9s de traitement de l\u2019insalubrit\u00e9 qui associait l\u2019ARS, les inspecteurs de salubrit\u00e9 de la Ville, le DDTM et le CODERST, sous la houlette de la pr\u00e9f\u00e8te \u00e0 l\u2019\u00e9galit\u00e9 des chances, Isabelle Epaillard sur le d\u00e9part.<\/p>\n<p>Le nombre de signalements de situation de mal-logement dans les Bouches-du-Rh\u00f4ne enregistr\u00e9s sur la plateforme Signal Logement et trait\u00e9s par les services de la DDTM continue de cro\u00eetre\u00a0: 2\u00a0612 en 2023, 3\u00a0536 en 2024, 3\u00a0473 en 2025 et d\u00e9j\u00e0 2\u00a0267 depuis le d\u00e9but de l\u2019ann\u00e9e, m\u00eame si une grande partie rel\u00e8ve plus de l\u2019ind\u00e9cence, que de l\u2019insalubrit\u00e9. \u00ab\u00a0<i>La r\u00e9alit\u00e9 d\u00e9passe de beaucoup les 60<\/i><i>\u00a0<\/i><i>000<\/i><i>\u00a0<\/i><i>logements potentiellement indignes dans les Bouches-du-Rh\u00f4ne [dont environ 40<\/i><i>\u00a0<\/i><i>000<\/i><i>\u00a0<\/i><i>\u00e0 Marseille]<\/i><i>\u00a0<\/i>\u00bb avait pr\u00e9venu le pr\u00e9fet d\u2019un d\u00e9partement o\u00f9 la moiti\u00e9 de l\u2019habitat exige d\u2019\u00eatre r\u00e9nov\u00e9.<\/p>\n<\/p><\/div>\n<div class=\"intext\"> Une pi\u00e8ce noire, humide<br \/>\n               <br \/>et sans ouvrant\n              <\/div>\n<div class=\"paragraph\">\n<p>Depuis le d\u00e9but de l\u2019ann\u00e9e, 93\u00a0arr\u00eat\u00e9s pr\u00e9fectoraux d\u2019insalubrit\u00e9 initiaux ont \u00e9t\u00e9 publi\u00e9s sur les Bouches-du-Rh\u00f4ne dont\u00a051 \u00e0 Marseille et d\u00e9j\u00e0 9\u00a0arr\u00eat\u00e9s fixant une astreinte \u00e0 des propri\u00e9taires r\u00e9calcitrants dont des bailleurs sociaux (13\u00a0Habitat et Provence M\u00e9tropole Logement). Pour l\u2019ann\u00e9e\u00a02025, on comptait 70\u00a0arr\u00eat\u00e9s d\u2019insalubrit\u00e9 engageant une proc\u00e9dure dont\u00a039 \u00e0 Marseille et 5\u00a0astreintes. Pour rappel, en 2016, aucun arr\u00eat\u00e9 d\u2019insalubrit\u00e9 n\u2019avait \u00e9t\u00e9 pris \u00e0 Marseille, capitale de l\u2019habitat indigne. C\u2019est dire le coup d\u2019acc\u00e9l\u00e9rateur donn\u00e9 depuis. 11\u00a0arr\u00eat\u00e9s ont prononc\u00e9 la main lev\u00e9e apr\u00e8s constat de travaux d\u00fbment ex\u00e9cut\u00e9s. Un arr\u00eat\u00e9 du 30\u00a0juin 2026 a cl\u00f4tur\u00e9 une proc\u00e9dure ouverte en f\u00e9vrier\u00a02017. Il s\u2019agissait d\u2019un logement 15\u00a0rue des tours \u00e0 Martigues et interdit temporairement du fait que sa pi\u00e8ce principale \u00e9tait une pi\u00e8ce noire, humide et sans ouvrant.<\/p>\n<p>En juillet, le pr\u00e9fet a sign\u00e9 un arr\u00eat\u00e9 ordonnant au propri\u00e9taire du local situ\u00e9 33\u00a0rue du refuge au Panier de cesser de le mettre \u00e0 disposition et de proc\u00e9der au relogement de l\u2019occupant. L\u00e0 encore, le taudis est sans eau chaude, sans fen\u00eatre, sans \u00e9clairage naturel. Son acc\u00e8s se fait d\u2019ailleurs \u00ab\u00a0<i>depuis la fa\u00e7ade arri\u00e8re entre le<\/i><i>\u00a0<\/i><i>4 et<\/i><i>\u00a0<\/i><i>6, rue du Bouleau<\/i><i>\u00a0<\/i>\u00bb avec une porte d\u2019entr\u00e9e laissant passer l\u2019air et de hauteur insuffisante&#8230;<\/p>\n<p>\u00c0 la Capelette, le 20\u00a0juin, le pr\u00e9fet a interdit d\u00e9finitivement de mettre \u00e0 disposition un local \u00ab\u00a0<i>impropre \u00e0 l\u2019habitation<\/i><i>\u00a0<\/i>\u00bb en fond de cour du 24-26\u00a0rue des Forges, et qui constitue un \u00ab\u00a0<i>danger pour la sant\u00e9 et la s\u00e9curit\u00e9 physique des personnes<\/i><i>\u00a0<\/i>\u00bb. Aucune pi\u00e8ce de vie n\u2019a de surface ou de volume suffisant. La situation d\u2019insalubrit\u00e9 est aggrav\u00e9e par la ventilation insuffisante et l\u2019absence de stabilit\u00e9 de l\u2019\u00e9chelle de meunier. L\u2019obligation de reloger le locataire est signifi\u00e9e.<\/p>\n<p>\u00c0 Fuveau, le pr\u00e9fet a fait fermer un logement non seulement insalubre au 21\u00a0chemin d\u2019Arles \u00e0 Fuveau mais \u00ab\u00a0<i>sans existence l\u00e9gale faute d\u2019autorisation d\u2019urbanisme<\/i><i>\u00a0<\/i><i>\u00bb<\/i>. Il est relev\u00e9 que le logement pr\u00e9sente en particulier une \u00ab\u00a0<i>absence partielle ou totale de la toiture, avec un r\u00e9seau fuyard des eaux us\u00e9es \u00e0 proximit\u00e9 du logement<\/i>\u00a0\u00bb. Une curiosit\u00e9 est not\u00e9e\u00a0: l\u2019occupante serait titulaire d\u2019un bail depuis six ans dans le parc social.<\/p>\n<p>Parfois, l\u2019insalubrit\u00e9 et le p\u00e9ril structurel se conjuguent. Ainsi au 1<sup>er<\/sup>\u00a0\u00e9tage du 9\u00a0boulevard F\u00e9raud \u00e0 Saint-Mauront sous arr\u00eat\u00e9 de mise en s\u00e9curit\u00e9 depuis novembre 2024\u00a0: la pi\u00e8ce principale est inf\u00e9rieure \u00e0 7\u00a0m<sup>2<\/sup> l\u00e0 o\u00f9 le seuil l\u00e9gal minimal est de 9\u00a0m<sup>2<\/sup>. Il est not\u00e9 aussi qu\u2019une pi\u00e8ce lou\u00e9e comme pi\u00e8ce principale ne dispose pas de fen\u00eatres sur l\u2019ext\u00e9rieur. L\u2019arr\u00eat\u00e9 ordonne de \u00ab\u00a0<i>rem\u00e9dier aux causes de moisissure qui prolif\u00e8re sur les murs de fa\u00e7ade de la chambre et du bureau<\/i><i>\u00a0<\/i>\u00bb, dans un d\u00e9lai de trois mois.<\/p>\n<p>Au 6\u00a0rue d\u2019Anvers, le pr\u00e9fet a ordonn\u00e9 de traiter en proc\u00e9dure d\u2019urgence un risque d\u2019intoxication aux peintures au plomb. Un diagnostic a d\u00e9tect\u00e9 sur des rev\u00eatements d\u00e9grad\u00e9s la pr\u00e9sence de plomb \u00e0 une concentration sup\u00e9rieure \u00e0 1\u00a0mg\/cm\u00b2.<\/p>\n<\/p><\/div>\n","protected":false},"excerpt":{"rendered":"&laquo; On commence &agrave; taper, &agrave; monter sur des astreintes financi&egrave;res&nbsp;&raquo;, annon&ccedil;ait en avril le pr&eacute;fet des Bouches-du-Rh&ocirc;ne, Jacques Witkowski, chef d&rsquo;orchestre des dispositifs de lutte contre &#8230;","protected":false},"author":1,"featured_media":39288,"comment_status":"open","ping_status":"open","sticky":false,"template":"","format":"standard","meta":{"footnotes":""},"categories":[3926,3925,20],"tags":[498,510,10,133,6249,1817,3996,1705,1570,2951,489,3183,16,63,535,4540,1626,895,6248,522,1406,111,2771,166],"news-destination":[3944],"news-source":[475],"is_homepage":[],"ta_other":[],"class_list":["post-39287","post","type-post","status-publish","format-standard","has-post-thumbnail","hentry","category-accueil-merge","category-accueil-third","category-societe","tag-13-habitat","tag-bailleurs-sociaux","tag-bouches-du-rhone","tag-departement","tag-eaux-usees","tag-isabelle-epaillard","tag-jacques-witkowski","tag-juillet","tag-la-capelette","tag-locataire","tag-logements","tag-mal-logement","tag-marseille","tag-martigues","tag-metropole","tag-procedure","tag-proprietaires","tag-provence","tag-provence-metropole-logement","tag-proximite","tag-relogement","tag-securite","tag-traitement","tag-travaux","news-destination-homepage","news-source-website"],"_links":{"self":[{"href":"https:\/\/euapp01.newsmemory.com\/lamarseillaise\/news\/wp-json\/wp\/v2\/posts\/39287","targetHints":{"allow":["GET"]}}],"collection":[{"href":"https:\/\/euapp01.newsmemory.com\/lamarseillaise\/news\/wp-json\/wp\/v2\/posts"}],"about":[{"href":"https:\/\/euapp01.newsmemory.com\/lamarseillaise\/news\/wp-json\/wp\/v2\/types\/post"}],"author":[{"embeddable":true,"href":"https:\/\/euapp01.newsmemory.com\/lamarseillaise\/news\/wp-json\/wp\/v2\/users\/1"}],"replies":[{"embeddable":true,"href":"https:\/\/euapp01.newsmemory.com\/lamarseillaise\/news\/wp-json\/wp\/v2\/comments?post=39287"}],"version-history":[{"count":1,"href":"https:\/\/euapp01.newsmemory.com\/lamarseillaise\/news\/wp-json\/wp\/v2\/posts\/39287\/revisions"}],"predecessor-version":[{"id":39289,"href":"https:\/\/euapp01.newsmemory.com\/lamarseillaise\/news\/wp-json\/wp\/v2\/posts\/39287\/revisions\/39289"}],"wp:featuredmedia":[{"embeddable":true,"href":"https:\/\/euapp01.newsmemory.com\/lamarseillaise\/news\/wp-json\/wp\/v2\/media\/39288"}],"wp:attachment":[{"href":"https:\/\/euapp01.newsmemory.com\/lamarseillaise\/news\/wp-json\/wp\/v2\/media?parent=39287"}],"wp:term":[{"taxonomy":"category","embeddable":true,"href":"https:\/\/euapp01.newsmemory.com\/lamarseillaise\/news\/wp-json\/wp\/v2\/categories?post=39287"},{"taxonomy":"post_tag","embeddable":true,"href":"https:\/\/euapp01.newsmemory.com\/lamarseillaise\/news\/wp-json\/wp\/v2\/tags?post=39287"},{"taxonomy":"news-destination","embeddable":true,"href":"https:\/\/euapp01.newsmemory.com\/lamarseillaise\/news\/wp-json\/wp\/v2\/news-destination?post=39287"},{"taxonomy":"news-source","embeddable":true,"href":"https:\/\/euapp01.newsmemory.com\/lamarseillaise\/news\/wp-json\/wp\/v2\/news-source?post=39287"},{"taxonomy":"is_homepage","embeddable":true,"href":"https:\/\/euapp01.newsmemory.com\/lamarseillaise\/news\/wp-json\/wp\/v2\/is_homepage?post=39287"},{"taxonomy":"ta_other","embeddable":true,"href":"https:\/\/euapp01.newsmemory.com\/lamarseillaise\/news\/wp-json\/wp\/v2\/ta_other?post=39287"}],"curies":[{"name":"wp","href":"https:\/\/api.w.org\/{rel}","templated":true}]}}