{"id":39284,"date":"2026-08-14T06:30:00","date_gmt":"2026-08-14T04:30:00","guid":{"rendered":"https:\/\/euapp01.newsmemory.com\/lamarseillaise\/news\/?p=39284"},"modified":"2026-08-14T10:04:39","modified_gmt":"2026-08-14T08:04:39","slug":"quand-le-jour-sest-leve","status":"publish","type":"post","link":"https:\/\/euapp01.newsmemory.com\/lamarseillaise\/news\/2026\/08\/14\/quand-le-jour-sest-leve\/","title":{"rendered":"Quand le jour s\u2019est lev\u00e9"},"content":{"rendered":"<div class=\"paragraph\">\n<p>\u00c9v\u00e9nement crucial des combats contre l\u2019Allemagne nazie et pi\u00e8ce ma\u00eetresse de la victoire finale qui aboutira \u00e0 sa capitulation,<br \/>le d\u00e9barquement de Provence, le 15\u00a0ao\u00fbt 1944 sur les plages varoises, n\u2019en finit pas de livrer son histoire \u00e0 la fois militaire, r\u00e9sistante, humaine et populaire.<\/p>\n<p>Gr\u00e2ce aux historiens, aux r\u00e9cits des descendants des combattantes et combattants, aux t\u00e9moignages des protagonistes de ces journ\u00e9es lib\u00e9ratrices, (recueillis et d\u00e9sormais abrit\u00e9s dans les archives publiques), les jeunes g\u00e9n\u00e9rations sont \u00e9clair\u00e9es et savent le prix de la libert\u00e9 et de la d\u00e9mocratie. Ils peuvent aussi mettre des visages sur les mots courage et sacrifice.<\/p>\n<p><b>Combats dantesques<\/b><\/p>\n<p>Des c\u00e9r\u00e9monies comm\u00e9moratives sont organis\u00e9es en Provence dans les villes qui furent lib\u00e9r\u00e9es \u00e0 partir du 15\u00a0ao\u00fbt jusqu\u2019au mois de septembre\u00a01944. Ces dates sont autant de jalons marquant l\u2019avanc\u00e9e des soldats et de leur union avec les r\u00e9sistants. Les combats furent dantesques face aux nazis qui avaient re\u00e7u l\u2019ordre d\u2019Hitler<br \/>de se battre jusqu\u2019\u00e0 la derni\u00e8re cartouche.<\/p>\n<p>Aujourd\u2019hui, 82\u00a0ans apr\u00e8s, c\u00e9l\u00e9brer et comm\u00e9morer le d\u00e9barquement de Provence c\u2019est se rappeler le visage de l\u2019arm\u00e9e de la France libre\u00a0: des tirailleurs s\u00e9n\u00e9galais, alg\u00e9riens, marocains. C\u2019est indispensable car le r\u00e9visionnisme est \u00e0 l\u2019\u0153uvre chez les h\u00e9ritiers des collaborationnistes et les n\u00e9onazis. L\u2019extr\u00eame droite, en Europe et sur les autres continents, mise sur le temps et l\u2019amn\u00e9sie pour mettre \u00e0 bas la d\u00e9mocratie et ses valeurs de libert\u00e9, d\u2019\u00e9galit\u00e9 et de fraternit\u00e9.<\/p>\n<\/p><\/div>\n","protected":false},"excerpt":{"rendered":"&Eacute;v&eacute;nement crucial des combats contre l&rsquo;Allemagne nazie et pi&egrave;ce ma&icirc;tresse de la victoire finale qui aboutira &agrave; sa capitulation,le d&eacute;barquement de Provence, le 15&nbsp;ao&ucirc;t 1944 sur les plages &#8230;","protected":false},"author":1,"featured_media":39285,"comment_status":"open","ping_status":"open","sticky":false,"template":"","format":"standard","meta":{"footnotes":""},"categories":[332],"tags":[3613,6014,6015,618,1372,280,920,222],"news-destination":[],"news-source":[475],"is_homepage":[],"ta_other":[],"class_list":["post-39284","post","type-post","status-publish","format-standard","has-post-thumbnail","hentry","category-edito","tag-commemorations","tag-debarquement","tag-debarquement-de-provence","tag-devoir-de-memoire","tag-editoriaux","tag-histoire","tag-memoire","tag-region-sud-paca","news-source-website"],"_links":{"self":[{"href":"https:\/\/euapp01.newsmemory.com\/lamarseillaise\/news\/wp-json\/wp\/v2\/posts\/39284","targetHints":{"allow":["GET"]}}],"collection":[{"href":"https:\/\/euapp01.newsmemory.com\/lamarseillaise\/news\/wp-json\/wp\/v2\/posts"}],"about":[{"href":"https:\/\/euapp01.newsmemory.com\/lamarseillaise\/news\/wp-json\/wp\/v2\/types\/post"}],"author":[{"embeddable":true,"href":"https:\/\/euapp01.newsmemory.com\/lamarseillaise\/news\/wp-json\/wp\/v2\/users\/1"}],"replies":[{"embeddable":true,"href":"https:\/\/euapp01.newsmemory.com\/lamarseillaise\/news\/wp-json\/wp\/v2\/comments?post=39284"}],"version-history":[{"count":1,"href":"https:\/\/euapp01.newsmemory.com\/lamarseillaise\/news\/wp-json\/wp\/v2\/posts\/39284\/revisions"}],"predecessor-version":[{"id":39286,"href":"https:\/\/euapp01.newsmemory.com\/lamarseillaise\/news\/wp-json\/wp\/v2\/posts\/39284\/revisions\/39286"}],"wp:featuredmedia":[{"embeddable":true,"href":"https:\/\/euapp01.newsmemory.com\/lamarseillaise\/news\/wp-json\/wp\/v2\/media\/39285"}],"wp:attachment":[{"href":"https:\/\/euapp01.newsmemory.com\/lamarseillaise\/news\/wp-json\/wp\/v2\/media?parent=39284"}],"wp:term":[{"taxonomy":"category","embeddable":true,"href":"https:\/\/euapp01.newsmemory.com\/lamarseillaise\/news\/wp-json\/wp\/v2\/categories?post=39284"},{"taxonomy":"post_tag","embeddable":true,"href":"https:\/\/euapp01.newsmemory.com\/lamarseillaise\/news\/wp-json\/wp\/v2\/tags?post=39284"},{"taxonomy":"news-destination","embeddable":true,"href":"https:\/\/euapp01.newsmemory.com\/lamarseillaise\/news\/wp-json\/wp\/v2\/news-destination?post=39284"},{"taxonomy":"news-source","embeddable":true,"href":"https:\/\/euapp01.newsmemory.com\/lamarseillaise\/news\/wp-json\/wp\/v2\/news-source?post=39284"},{"taxonomy":"is_homepage","embeddable":true,"href":"https:\/\/euapp01.newsmemory.com\/lamarseillaise\/news\/wp-json\/wp\/v2\/is_homepage?post=39284"},{"taxonomy":"ta_other","embeddable":true,"href":"https:\/\/euapp01.newsmemory.com\/lamarseillaise\/news\/wp-json\/wp\/v2\/ta_other?post=39284"}],"curies":[{"name":"wp","href":"https:\/\/api.w.org\/{rel}","templated":true}]}}