{"id":39281,"date":"2026-08-14T06:43:00","date_gmt":"2026-08-14T04:43:00","guid":{"rendered":"https:\/\/euapp01.newsmemory.com\/lamarseillaise\/news\/?p=39281"},"modified":"2026-08-20T07:55:56","modified_gmt":"2026-08-20T05:55:56","slug":"en-provence-un-debarquement-decisif","status":"publish","type":"post","link":"https:\/\/euapp01.newsmemory.com\/lamarseillaise\/news\/2026\/08\/14\/en-provence-un-debarquement-decisif\/","title":{"rendered":"En Provence, un d\u00e9barquement d\u00e9cisif"},"content":{"rendered":"<div class=\"paragraph\">\n<p>Le 15\u00a0ao\u00fbt 1944, \u00e0 8h, l\u2019assaut des plages varoises est d\u00e9clench\u00e9. Pr\u00e8s de 350\u00a0000\u00a0soldats participent alors \u00e0 cette offensive de grande ampleur et d\u00e9barquent \u00e0 d\u00e9couvert sous le feu ennemi. Parmi eux 230\u00a0000\u00a0combattent sous les couleurs fran\u00e7aises, la moiti\u00e9, il est important de le rappeler, est d\u2019origine africaine. Des Alg\u00e9riens, Marocains, Tunisiens qu\u2019on appelait encore les indig\u00e8nes, avec \u00e0 leurs c\u00f4t\u00e9s aussi des tirailleurs s\u00e9n\u00e9galais. Une chair \u00e0 canon mobilis\u00e9e pour d\u00e9fendre la libert\u00e9 d\u2019une nation alors pas tr\u00e8s regardante sur la religion ou la couleur de peau de ses lib\u00e9rateurs.<\/p>\n<p>Les troupes d\u2019assaut investissent les plages entre Cavalaire et Agay. Le 16\u00a0ao\u00fbt, le premier \u00e9chelon de l\u2019arm\u00e9e\u00a0B du g\u00e9n\u00e9ral de Lattre de Tassigny d\u00e9barque entre Cavalaire et Sainte-Maxime.<\/p>\n<p>La nuit pr\u00e9c\u00e9dant le jour\u00a0J le terrain a \u00e9t\u00e9 pr\u00e9par\u00e9 pour tenter de cr\u00e9er des br\u00e8ches dans la solide d\u00e9fense Allemande par de lourds bombardements a\u00e9riens puis navals avec 5\u00a0000\u00a0avions et 631\u00a0navires engag\u00e9s pour la mission, majoritairement am\u00e9ricains et anglais. Ainsi on d\u00e9nombrera pr\u00e8s de 20\u00a0tonnes de bombes d\u00e9vers\u00e9es par kilom\u00e8tre de plage.<\/p>\n<p>Mais tout n\u2019a pas commenc\u00e9 avec le d\u00e9barquement. Avant l\u2019arriv\u00e9e de l\u2019armada alli\u00e9e de plus de 2\u00a0200\u00a0navires, des hommes et des femmes luttent d\u00e9j\u00e0 depuis longtemps avec courage et abn\u00e9gation contre l\u2019occupant nazi. Dans le Var, la lutte s\u2019organise dans des maquis tr\u00e8s actifs. Le premier se constitue dans le massif des Maures sur l\u2019initiative de militants communistes.<\/p>\n<p>Autant dire que le jour\u00a0J approchant, la R\u00e9sistance intensifie ses op\u00e9rations et va jouer un r\u00f4le militaire crucial dans la r\u00e9ussite de l\u2019op\u00e9ration Dragoon en affaiblissant l\u2019occupant. Que ce soit par le sabotage, le guidage des troupes d\u00e9barqu\u00e9es et en prenant part directement \u00e0 la lib\u00e9ration des grandes villes du Sud comme Toulon et Marseille. C\u2019est ainsi que d\u00e8s le 17\u00a0ao\u00fbt elle prend le contr\u00f4le de la pr\u00e9fecture de Draguignan.<\/p>\n<p>Inform\u00e9e depuis le 6\u00a0juin 1944 de l\u2019imminence d\u2019un autre d\u00e9barquement, en M\u00e9diterran\u00e9e celui-l\u00e0, la R\u00e9sistance s\u2019est mobilis\u00e9e tr\u00e8s t\u00f4t, un peu trop peut-\u00eatre puisqu\u2019elle va payer un lourd tribut en essuyant de nombreux massacres sur les lieux o\u00f9 elle a concentr\u00e9 ses forces pour passer de la clandestinit\u00e9 aux actions ouvertes. D\u00e8s le d\u00e9barquement de Normandie, les chefs toulonnais rassemblent en effet 400\u00a0hommes autour du plateau de Siou-Blanc et les r\u00e9partissent en quatre groupes, chacun charg\u00e9 d\u2019assurer renseignement, sabotages ferroviaires, destructions de lignes t\u00e9l\u00e9phoniques et attaques contre les infrastructures afin de ralentir l\u2019arriv\u00e9e des renforts allemands.<\/p>\n<\/p><\/div>\n<div class=\"intext\"> La R\u00e9sistance<br \/>\n               <br \/>multiplie les coups de force contre l\u2019occupant nazi\n              <\/div>\n<div class=\"paragraph\">\n<p>Juste avant 15\u00a0ao\u00fbt, les maquisards multiplient donc les embuscades et les op\u00e9rations de gu\u00e9rilla contre les unit\u00e9s allemandes. \u00c0 Toulon o\u00f9 la ville est d\u00e9fendue par une importante garnison et par de puissantes positions fortifi\u00e9es notamment sur les hauteurs, au Faron, les combats vont \u00eatre particuli\u00e8rement difficiles et n\u00e9cessiter des actions coordonn\u00e9es. Ainsi pendant que les unit\u00e9s de l\u2019arm\u00e9e\u00a0B attaquent les positions allemandes, les FFI combattent \u00e0 l\u2019int\u00e9rieur de la ville, fournissent leur connaissance du terrain et guident les soldats fran\u00e7ais dans leurs offensives. Le 23\u00a0ao\u00fbt, ils font jonction au centre du Port du Levant, place de la Libert\u00e9. Mais les combats vont se poursuivre encore pendant plusieurs jours, jusqu\u2019\u00e0 la d\u00e9faite allemande d\u00e9finitive du 28\u00a0ao\u00fbt.<\/p>\n<p>De la m\u00eame fa\u00e7on \u00e0 Marseille, le 19\u00a0ao\u00fbt, la CGT appelle \u00e0 une gr\u00e8ve insurrectionnelle et la R\u00e9sistance bloque les transports et attaque les troupes allemandes. Deux jours apr\u00e8s la pr\u00e9fecture est lib\u00e9r\u00e9e. Ici aussi les combats unissant r\u00e9sistants et soldats vont durer jusqu\u2019au 28\u00a0ao\u00fbt. Avec ces deux ports de la M\u00e9diterran\u00e9e repris et la lib\u00e9ration de la Provence en deux semaines seulement, l\u2019op\u00e9ration Dragoon va \u00eatre un succ\u00e8s d\u00e9passant m\u00eame les attentes de l\u2019\u00e9tat-major.<\/p>\n<p>\u00ab\u00a0<i>Ce qu\u2019il est important de se rappeler en ces jours de comm\u00e9moration, c\u2019est qui nous a lib\u00e9r\u00e9s. L\u2019arm\u00e9e fran\u00e7aise c\u2019\u00e9tait principalement des tirailleurs alg\u00e9riens et s\u00e9n\u00e9galais. C\u2019\u00e9taient eux, la chair \u00e0 canon, qui \u00e9taient devant<\/i>\u00a0\u00bb, insiste le r\u00e9alisateur varois Philippe Maurel de <i>La Draille de la libert\u00e9<\/i>. Et de poursuivre\u00a0: \u00ab\u00a0<i>C\u2019est primordial de mettre l\u2019accent sur ce point dans la p\u00e9riode que nous vivons aujourd\u2019hui. Je crois que je n\u2019ai pas besoin de d\u00e9velopper sur ce sujet<\/i><i>\u00a0<\/i><i>; vous avez compris<\/i>\u00a0\u00bb.<\/p>\n<p>Une piq\u00fbre de rappel de salubrit\u00e9 publique. D\u2019autant que l\u2019engagement massif des forces fran\u00e7aises en Provence &#8211;\u00a0dont la moiti\u00e9 des combattants est donc d\u2019origine africaine\u00a0&#8211; alors que l\u2019engagement n\u2019\u00e9tait que symbolique en Normandie le 6\u00a0juin 1944, va permettre \u00e0 la France, humili\u00e9e en\u00a01940, de s\u2019asseoir \u00e0 la table des vainqueurs. C\u2019est le g\u00e9n\u00e9ral Jean de Lattre de Tassigny qui repr\u00e9sentera la France et signera \u00e0 Berlin l\u2019acte de capitulation de l\u2019Allemagne nazie. Aucun patriote digne de ce nom ne devrait l\u2019oublier.<\/p>\n<\/p><\/div>\n<div class=\"paragraph\">\n<p><b>\u00c0 Toulon, un show a\u00e9rien, pour les 82 ans de la Lib\u00e9ration<\/b><\/p>\n<p>Samedi 15 ao\u00fbt, un show a\u00e9rien est organis\u00e9 au-dessus des plages du Mourillon. Vous pourrez assister a l\u2019\u00e9v\u00e8nement militaire d\u00e8s 16h30. Au programme : d\u00e9monstrations d\u2019h\u00e9licopt\u00e8res et d\u2019avions de la Marine nationale. Le clou du spectacle se d\u00e9roulera \u00e0 17h35 avec la venue de la Patrouille de France. \u00c0 22h, un spectacle pyrotechnique conclura la journ\u00e9e au fort Saint-Louis.<\/p>\n<\/p><\/div>\n","protected":false},"excerpt":{"rendered":"Le 15&nbsp;ao&ucirc;t 1944, &agrave; 8h, l&rsquo;assaut des plages varoises est d&eacute;clench&eacute;. Pr&egrave;s de 350&nbsp;000&nbsp;soldats participent alors &agrave; cette offensive de grande ampleur et d&eacute;barquent &agrave; &#8230;","protected":false},"author":1,"featured_media":39282,"comment_status":"open","ping_status":"open","sticky":false,"template":"","format":"standard","meta":{"footnotes":""},"categories":[3926,3925,20],"tags":[10,6153,113,6015,618,395,724,280,16,128,920,4169,2438,888,1729,3082,2164,597,31],"news-destination":[3944],"news-source":[475],"is_homepage":[],"ta_other":[],"class_list":["post-39281","post","type-post","status-publish","format-standard","has-post-thumbnail","hentry","category-accueil-merge","category-accueil-third","category-societe","tag-bouches-du-rhone","tag-cavalaire-sur-mer","tag-cgt","tag-debarquement-de-provence","tag-devoir-de-memoire","tag-draguignan","tag-guerre","tag-histoire","tag-marseille","tag-mediterranee","tag-memoire","tag-nazis","tag-nazisme","tag-plages","tag-resistance","tag-seconde-guerre-mondiale","tag-tirailleurs-senegalais","tag-toulon","tag-var","news-destination-homepage","news-source-website"],"_links":{"self":[{"href":"https:\/\/euapp01.newsmemory.com\/lamarseillaise\/news\/wp-json\/wp\/v2\/posts\/39281","targetHints":{"allow":["GET"]}}],"collection":[{"href":"https:\/\/euapp01.newsmemory.com\/lamarseillaise\/news\/wp-json\/wp\/v2\/posts"}],"about":[{"href":"https:\/\/euapp01.newsmemory.com\/lamarseillaise\/news\/wp-json\/wp\/v2\/types\/post"}],"author":[{"embeddable":true,"href":"https:\/\/euapp01.newsmemory.com\/lamarseillaise\/news\/wp-json\/wp\/v2\/users\/1"}],"replies":[{"embeddable":true,"href":"https:\/\/euapp01.newsmemory.com\/lamarseillaise\/news\/wp-json\/wp\/v2\/comments?post=39281"}],"version-history":[{"count":1,"href":"https:\/\/euapp01.newsmemory.com\/lamarseillaise\/news\/wp-json\/wp\/v2\/posts\/39281\/revisions"}],"predecessor-version":[{"id":39283,"href":"https:\/\/euapp01.newsmemory.com\/lamarseillaise\/news\/wp-json\/wp\/v2\/posts\/39281\/revisions\/39283"}],"wp:featuredmedia":[{"embeddable":true,"href":"https:\/\/euapp01.newsmemory.com\/lamarseillaise\/news\/wp-json\/wp\/v2\/media\/39282"}],"wp:attachment":[{"href":"https:\/\/euapp01.newsmemory.com\/lamarseillaise\/news\/wp-json\/wp\/v2\/media?parent=39281"}],"wp:term":[{"taxonomy":"category","embeddable":true,"href":"https:\/\/euapp01.newsmemory.com\/lamarseillaise\/news\/wp-json\/wp\/v2\/categories?post=39281"},{"taxonomy":"post_tag","embeddable":true,"href":"https:\/\/euapp01.newsmemory.com\/lamarseillaise\/news\/wp-json\/wp\/v2\/tags?post=39281"},{"taxonomy":"news-destination","embeddable":true,"href":"https:\/\/euapp01.newsmemory.com\/lamarseillaise\/news\/wp-json\/wp\/v2\/news-destination?post=39281"},{"taxonomy":"news-source","embeddable":true,"href":"https:\/\/euapp01.newsmemory.com\/lamarseillaise\/news\/wp-json\/wp\/v2\/news-source?post=39281"},{"taxonomy":"is_homepage","embeddable":true,"href":"https:\/\/euapp01.newsmemory.com\/lamarseillaise\/news\/wp-json\/wp\/v2\/is_homepage?post=39281"},{"taxonomy":"ta_other","embeddable":true,"href":"https:\/\/euapp01.newsmemory.com\/lamarseillaise\/news\/wp-json\/wp\/v2\/ta_other?post=39281"}],"curies":[{"name":"wp","href":"https:\/\/api.w.org\/{rel}","templated":true}]}}