{"id":39278,"date":"2026-08-13T11:51:00","date_gmt":"2026-08-13T09:51:00","guid":{"rendered":"https:\/\/euapp01.newsmemory.com\/lamarseillaise\/news\/?p=39278"},"modified":"2026-08-20T07:55:56","modified_gmt":"2026-08-20T05:55:56","slug":"a-avignon-un-arrete-conteste-contre-loccupation-de-lespace-public","status":"publish","type":"post","link":"https:\/\/euapp01.newsmemory.com\/lamarseillaise\/news\/2026\/08\/13\/a-avignon-un-arrete-conteste-contre-loccupation-de-lespace-public\/","title":{"rendered":"\u00c0 Avignon, un arr\u00eat\u00e9 contest\u00e9 contre l\u2019occupation de l\u2019espace public"},"content":{"rendered":"<div class=\"paragraph\">\n<p>Le maire d\u2019Avignon Olivier Galzi a, dans un arr\u00eat\u00e9 sign\u00e9 vendredi 31 juillet, d\u00e9cid\u00e9 d\u2019interdire, sous conditions, \u00ab <i>l\u2019occupation de mani\u00e8re prolong\u00e9e en station debout, assise ou allong\u00e9e des voies publiques<\/i> \u00bb dans une trentaine de rues du centre-ville.<\/p>\n<p>De fa\u00e7on plus d\u00e9taill\u00e9e, le document, sur lequel aucune communication n\u2019a \u00e9t\u00e9 faite pour l\u2019heure par la municipalit\u00e9 hors publication sur la page web listant les actes administratifs, vise l\u2019occupation de l\u2019espace public \u00ab <i>lorsqu\u2019elle est de nature \u00e0 entraver la libre circulation des personnes, \u00e0 porter atteinte \u00e0 la s\u00e9curit\u00e9 publique, \u00e0 la salubrit\u00e9 publique, notamment lorsqu\u2019elle s\u2019accompagne de nuisances sonores<\/i> \u00bb. Mais aussi, dans un deuxi\u00e8me article, les \u00ab<i> regroupements de plusieurs chiens en stationnement prolong\u00e9 ou continu sur la voie publique, m\u00eame accompagn\u00e9s de leurs ma\u00eetres ou tenus en laisse <\/i>\u00bb. Et ce globalement dans les m\u00eames conditions que les individus, \u00e0 savoir s\u2019ils \u00ab <i>portent atteinte \u00e0 la s\u00fbret\u00e9 ou \u00e0 la commodit\u00e9 de passage sur les voies pour une entrave \u00e0 la libre circulation des autres usagers <\/i>\u00bb, s\u2019ils sont \u00ab <i>accompagn\u00e9s d\u2019un comportement agressif de nature \u00e0 pr\u00e9senter un danger av\u00e9r\u00e9 pour les usagers ou les autres animaux<\/i> \u00bb ou encore s\u2019ils \u00ab <i>sont accompagn\u00e9s d\u2019aboiements intempestifs de nature \u00e0 troubler la qui\u00e9tude et la tranquillit\u00e9 du voisinage<\/i> \u00bb.<\/p>\n<p>Une interdiction limit\u00e9e \u00e0 la p\u00e9riode \u00ab <i>touristique et estivale<\/i> \u00bb, soit du 1er mai au 31 octobre, du lundi au samedi de 11h \u00e0 23h, ainsi que les jours f\u00e9ri\u00e9s. Et dans un p\u00e9rim\u00e8tre, comme \u00e9voqu\u00e9 pr\u00e9c\u00e9demment, lui aussi limit\u00e9 \u00e0 une trentaine de rues et places de l\u2019intra-muros. Comme par exemple la rue de la R\u00e9publique, la place Pie, la rue Carnot, la rue Bonneterie, la place de l\u2019Horloge, le parvis de la cit\u00e9 administrative ou encore le square Agricol Perdiguier. Un recours est possible dans les deux mois suivant la publication de l\u2019arr\u00eat\u00e9.<\/p>\n<p><b>\u00ab Pas de public vis\u00e9 \u00bb<\/b><\/p>\n<p>\u00c0 quel besoin r\u00e9pond ici Olivier Galzi, lui qui qualifiait par exemple, durant la campagne, <a rel=\"noopener noreferrer\" href=\"https:\/\/www.lamarseillaise.fr\/politique\/olivier-galzi-passe-de-l-ecran-a-l-affiche-des-municipales-d-avignon-DC18926234\" target=\"_blank\">la rue de la R\u00e9publique, concern\u00e9e par l\u2019arr\u00eat\u00e9, de \u00ab cour des miracles \u00bb ?<\/a> Contact\u00e9e par <i>La Marseillaise<\/i>, la municipalit\u00e9 assure qu\u2019il fait suite \u00ab <i>\u00e0 des constats des forces de l\u2019ordre, \u00e0 des signalements de riverains, d\u2019usagers et de commer\u00e7ants, ainsi qu\u2019\u00e0 des actions pr\u00e9alables de pr\u00e9vention et de m\u00e9diation<\/i> \u00bb. Et que \u00ab <i>dans sa mission premi\u00e8re au service des Avignonnais, la Ville a la responsabilit\u00e9 de garantir \u00e0 chacun un usage serein de l\u2019espace public<\/i> \u00bb. Tout en assurant que \u00ab <i>l\u2019arr\u00eat\u00e9 r\u00e9glemente des comportements susceptibles de constituer un trouble \u00e0 l\u2019ordre public<\/i> \u00bb et \u00ab <i>qu\u2019il ne vise pas une cat\u00e9gorie particuli\u00e8re de population<\/i> \u00bb.<\/p>\n<p>Une d\u00e9cision qui ne passe pas du c\u00f4t\u00e9 de R\u00e9my Blanc, \u00e9lu d\u2019opposition (PCF) du groupe Nouvelle Avignon Populaire. Aupr\u00e8s de <i>La Marseillaise<\/i>, il estime que \u00ab <i>c\u2019est bien un arr\u00eat\u00e9 anti-mendicit\u00e9 <\/i>\u00bb dont \u00ab <i>la limitation dans le temps le rendrait malheureusement l\u00e9gal <\/i>\u00bb. \u00ab <i>Ce qui interpelle, c\u2019est l\u2019aspect r\u00e9pressif sans que derri\u00e8re, rien ne soit mis dans la balance concernant la fragilit\u00e9 des personnes. Nombreuses sont celles en rupture de soins, touch\u00e9es par des addictions. Certes, la mairie ne peut pas tout faire, mais elle doit appara\u00eetre comme volontariste en renfor\u00e7ant des dispositifs, en travaillant avec l\u2019ARS ou en s\u2019attelant \u00e0 la question de la crise du logement. Et non pas d\u00e9placer ou cacher le probl\u00e8me<\/i> \u00bb, poursuit le conseiller municipal. Qui pointe \u00e9galement une atteinte \u00ab <i>aux libert\u00e9s fondamentales <\/i>\u00bb. Des discussions sont en cours pour le d\u00e9p\u00f4t d\u2019un recours contre le texte.<\/p>\n<p>Pour la Ville d\u2019Avignon, l\u2019arr\u00eat\u00e9 \u00ab <i> ne se substitue pas \u00e0 l\u2019action sociale <\/i>\u00bb. La mairie \u00e9voque le travail men\u00e9 avec le CCAS, le SIAO, les maraudes, ou encore les m\u00e9diateurs municipaux. Le tout coordonn\u00e9 par le Plan local des Solidarit\u00e9s. Et rappelle que \u00ab <i>chaque ann\u00e9e, environ 2 000 personnes b\u00e9n\u00e9ficient de la domiciliation aupr\u00e8s du CCAS, plus de 400 personnes d\u2019un accompagnement social global et pr\u00e8s de 250 m\u00e9nages sont accompagn\u00e9s dans le cadre du dispositif \u00ab Logement d\u2019abord \u00bb, notamment pour pr\u00e9venir les expulsions.<\/i> \u00bb<\/p>\n<\/p><\/div>\n","protected":false},"excerpt":{"rendered":"Le maire d&rsquo;Avignon Olivier Galzi a, dans un arr&ecirc;t&eacute; sign&eacute; vendredi 31 juillet, d&eacute;cid&eacute; d&rsquo;interdire, sous conditions, &laquo; l&rsquo;occupation de mani&egrave;re prolong&eacute;e en station debout, assise &#8230;","protected":false},"author":1,"featured_media":39279,"comment_status":"open","ping_status":"open","sticky":false,"template":"","format":"standard","meta":{"footnotes":""},"categories":[3926,3925,330],"tags":[964,174,2609,181,1803,96,1702,4914,431,1064,1799,425,171],"news-destination":[3944],"news-source":[475],"is_homepage":[],"ta_other":[],"class_list":["post-39278","post","type-post","status-publish","format-standard","has-post-thumbnail","hentry","category-accueil-merge","category-accueil-third","category-politique","tag-accompagnement","tag-avignon","tag-ccas","tag-centre-ville","tag-interdiction","tag-municipalite","tag-nuisances-sonores","tag-olivier-galzi","tag-prevention","tag-riverains","tag-securite-publique","tag-troubles","tag-vaucluse","news-destination-homepage","news-source-website"],"_links":{"self":[{"href":"https:\/\/euapp01.newsmemory.com\/lamarseillaise\/news\/wp-json\/wp\/v2\/posts\/39278","targetHints":{"allow":["GET"]}}],"collection":[{"href":"https:\/\/euapp01.newsmemory.com\/lamarseillaise\/news\/wp-json\/wp\/v2\/posts"}],"about":[{"href":"https:\/\/euapp01.newsmemory.com\/lamarseillaise\/news\/wp-json\/wp\/v2\/types\/post"}],"author":[{"embeddable":true,"href":"https:\/\/euapp01.newsmemory.com\/lamarseillaise\/news\/wp-json\/wp\/v2\/users\/1"}],"replies":[{"embeddable":true,"href":"https:\/\/euapp01.newsmemory.com\/lamarseillaise\/news\/wp-json\/wp\/v2\/comments?post=39278"}],"version-history":[{"count":1,"href":"https:\/\/euapp01.newsmemory.com\/lamarseillaise\/news\/wp-json\/wp\/v2\/posts\/39278\/revisions"}],"predecessor-version":[{"id":39280,"href":"https:\/\/euapp01.newsmemory.com\/lamarseillaise\/news\/wp-json\/wp\/v2\/posts\/39278\/revisions\/39280"}],"wp:featuredmedia":[{"embeddable":true,"href":"https:\/\/euapp01.newsmemory.com\/lamarseillaise\/news\/wp-json\/wp\/v2\/media\/39279"}],"wp:attachment":[{"href":"https:\/\/euapp01.newsmemory.com\/lamarseillaise\/news\/wp-json\/wp\/v2\/media?parent=39278"}],"wp:term":[{"taxonomy":"category","embeddable":true,"href":"https:\/\/euapp01.newsmemory.com\/lamarseillaise\/news\/wp-json\/wp\/v2\/categories?post=39278"},{"taxonomy":"post_tag","embeddable":true,"href":"https:\/\/euapp01.newsmemory.com\/lamarseillaise\/news\/wp-json\/wp\/v2\/tags?post=39278"},{"taxonomy":"news-destination","embeddable":true,"href":"https:\/\/euapp01.newsmemory.com\/lamarseillaise\/news\/wp-json\/wp\/v2\/news-destination?post=39278"},{"taxonomy":"news-source","embeddable":true,"href":"https:\/\/euapp01.newsmemory.com\/lamarseillaise\/news\/wp-json\/wp\/v2\/news-source?post=39278"},{"taxonomy":"is_homepage","embeddable":true,"href":"https:\/\/euapp01.newsmemory.com\/lamarseillaise\/news\/wp-json\/wp\/v2\/is_homepage?post=39278"},{"taxonomy":"ta_other","embeddable":true,"href":"https:\/\/euapp01.newsmemory.com\/lamarseillaise\/news\/wp-json\/wp\/v2\/ta_other?post=39278"}],"curies":[{"name":"wp","href":"https:\/\/api.w.org\/{rel}","templated":true}]}}