{"id":39275,"date":"2026-08-13T07:08:00","date_gmt":"2026-08-13T05:08:00","guid":{"rendered":"https:\/\/euapp01.newsmemory.com\/lamarseillaise\/news\/?p=39275"},"modified":"2026-08-13T10:20:40","modified_gmt":"2026-08-13T08:20:40","slug":"cest-lete-sur-les-traces-des-castors-a-garde-colombe","status":"publish","type":"post","link":"https:\/\/euapp01.newsmemory.com\/lamarseillaise\/news\/2026\/08\/13\/cest-lete-sur-les-traces-des-castors-a-garde-colombe\/","title":{"rendered":"[C\u2019est l\u2019\u00e9t\u00e9] Sur les traces des castors \u00e0 Garde-Colombe"},"content":{"rendered":"<div class=\"paragraph\">\n<p>Partez \u00e0 sa rencontre lors d\u2019une balade accompagn\u00e9e.<\/p>\n<\/p><\/div>\n<div class=\"paragraph\">\n<p><i>De 9h \u00e0 12h.<\/i><\/p>\n<p><i>Gratuit.<\/i><\/p>\n<p><i>Sur inscription<\/i><\/p>\n<p><i>au<\/i><i>\u00a0<\/i><i>: 04.92.61.36.50<\/i><\/p>\n<\/p><\/div>\n","protected":false},"excerpt":{"rendered":"Partez &agrave; sa rencontre lors d&rsquo;une balade accompagn&eacute;e.De 9h &agrave; 12h.Gratuit.Sur inscriptionau&nbsp;: 04.92.61.36.50","protected":false},"author":1,"featured_media":39276,"comment_status":"open","ping_status":"open","sticky":false,"template":"","format":"standard","meta":{"footnotes":""},"categories":[333],"tags":[2873,4768,1289,6085,5594,1083,55,4262,1899],"news-destination":[],"news-source":[475],"is_homepage":[],"ta_other":[],"class_list":["post-39275","post","type-post","status-publish","format-standard","has-post-thumbnail","hentry","category-environnement","tag-activites-de-loisirs","tag-alpes","tag-balade","tag-cest-lete","tag-castor","tag-gratuit","tag-loisirs","tag-natura-2000","tag-riviere","news-source-website"],"_links":{"self":[{"href":"https:\/\/euapp01.newsmemory.com\/lamarseillaise\/news\/wp-json\/wp\/v2\/posts\/39275","targetHints":{"allow":["GET"]}}],"collection":[{"href":"https:\/\/euapp01.newsmemory.com\/lamarseillaise\/news\/wp-json\/wp\/v2\/posts"}],"about":[{"href":"https:\/\/euapp01.newsmemory.com\/lamarseillaise\/news\/wp-json\/wp\/v2\/types\/post"}],"author":[{"embeddable":true,"href":"https:\/\/euapp01.newsmemory.com\/lamarseillaise\/news\/wp-json\/wp\/v2\/users\/1"}],"replies":[{"embeddable":true,"href":"https:\/\/euapp01.newsmemory.com\/lamarseillaise\/news\/wp-json\/wp\/v2\/comments?post=39275"}],"version-history":[{"count":1,"href":"https:\/\/euapp01.newsmemory.com\/lamarseillaise\/news\/wp-json\/wp\/v2\/posts\/39275\/revisions"}],"predecessor-version":[{"id":39277,"href":"https:\/\/euapp01.newsmemory.com\/lamarseillaise\/news\/wp-json\/wp\/v2\/posts\/39275\/revisions\/39277"}],"wp:featuredmedia":[{"embeddable":true,"href":"https:\/\/euapp01.newsmemory.com\/lamarseillaise\/news\/wp-json\/wp\/v2\/media\/39276"}],"wp:attachment":[{"href":"https:\/\/euapp01.newsmemory.com\/lamarseillaise\/news\/wp-json\/wp\/v2\/media?parent=39275"}],"wp:term":[{"taxonomy":"category","embeddable":true,"href":"https:\/\/euapp01.newsmemory.com\/lamarseillaise\/news\/wp-json\/wp\/v2\/categories?post=39275"},{"taxonomy":"post_tag","embeddable":true,"href":"https:\/\/euapp01.newsmemory.com\/lamarseillaise\/news\/wp-json\/wp\/v2\/tags?post=39275"},{"taxonomy":"news-destination","embeddable":true,"href":"https:\/\/euapp01.newsmemory.com\/lamarseillaise\/news\/wp-json\/wp\/v2\/news-destination?post=39275"},{"taxonomy":"news-source","embeddable":true,"href":"https:\/\/euapp01.newsmemory.com\/lamarseillaise\/news\/wp-json\/wp\/v2\/news-source?post=39275"},{"taxonomy":"is_homepage","embeddable":true,"href":"https:\/\/euapp01.newsmemory.com\/lamarseillaise\/news\/wp-json\/wp\/v2\/is_homepage?post=39275"},{"taxonomy":"ta_other","embeddable":true,"href":"https:\/\/euapp01.newsmemory.com\/lamarseillaise\/news\/wp-json\/wp\/v2\/ta_other?post=39275"}],"curies":[{"name":"wp","href":"https:\/\/api.w.org\/{rel}","templated":true}]}}