{"id":39271,"date":"2026-08-13T08:35:00","date_gmt":"2026-08-13T06:35:00","guid":{"rendered":"https:\/\/euapp01.newsmemory.com\/lamarseillaise\/news\/?p=39271"},"modified":"2026-08-13T10:06:37","modified_gmt":"2026-08-13T08:06:37","slug":"claude-viallat-expose-a-la-grande-motte","status":"publish","type":"post","link":"https:\/\/euapp01.newsmemory.com\/lamarseillaise\/news\/2026\/08\/13\/claude-viallat-expose-a-la-grande-motte\/","title":{"rendered":"Claude Viallat expos\u00e9 \u00e0 La Grande-Motte"},"content":{"rendered":"<div class=\"paragraph\">\n<p>Fondateur du groupe Supports\/Surfaces, figure majeure de l\u2019abstraction et coloriste hors pair, son \u0153uvre est imm\u00e9diatement reconnaissable gr\u00e2ce \u00e0 sa \u00ab\u00a0forme\u00a0\u00bb embl\u00e9matique (le motif r\u00e9p\u00e9titif \u00e9voquant un haricot ou un osselet).<\/p>\n<p>Jusqu\u2019au 30\u00a0ao\u00fbt, l\u2019espace Mich\u00e8le Goalard (La Capitainerie) accueille ainsi l\u2019exposition \u00ab\u00a0Retours en boucles \u2013 Taureau \/ Forme\u00a0\u00bb, qui met en lumi\u00e8re des \u0153uvres de jeunesse de Claude Viallat, rarement expos\u00e9es au grand public. Elle offre un regard pr\u00e9cieux sur les d\u00e9buts de son parcours artistique et r\u00e9v\u00e8le les influences qui ont nourri son \u0153uvre, profond\u00e9ment enracin\u00e9e dans le territoire m\u00e9diterran\u00e9en, la culture camarguaise et les traditions taurines. L\u2019attraction centrale de ce parcours artistique est un ensemble exceptionnel de quatorze panneaux monumentaux en bois pr\u00eat\u00e9s par la commune d\u2019Aubais, d\u00e9peignant des sc\u00e8nes de courses camarguaises et de corridas. Ces panneaux figuratifs de 1963 font face aux toiles libres contemporaines du c\u00e9l\u00e8bre peintre n\u00eemois.<\/p>\n<p><b><span class=\"mln_small-caps_mln\">L.M.<\/span><\/b><\/p>\n<p><b><span class=\"mln_small-caps_mln\"><\/span><\/b><\/p>\n<p><i>Tous les jours de 10h \u00e0 13h et de 15h \u00e0 19h.<\/i><\/p>\n<p><i>Entr\u00e9e libre et gratuite.<\/i><\/p>\n<\/p><\/div>\n","protected":false},"excerpt":{"rendered":"Fondateur du groupe Supports\/Surfaces, figure majeure de l&rsquo;abstraction et coloriste hors pair, son &oelig;uvre est imm&eacute;diatement reconnaissable gr&acirc;ce &agrave; sa &laquo;&nbsp;forme&nbsp;&raquo; embl&eacute;matique (le motif &#8230;","protected":false},"author":1,"featured_media":39272,"comment_status":"open","ping_status":"open","sticky":false,"template":"","format":"standard","meta":{"footnotes":""},"categories":[32],"tags":[313,2081,279,238,1083,239,5409,241,284,3580,502,3560],"news-destination":[],"news-source":[475],"is_homepage":[],"ta_other":[],"class_list":["post-39271","post","type-post","status-publish","format-standard","has-post-thumbnail","hentry","category-culture","tag-art","tag-camargue","tag-exposition","tag-gard","tag-gratuit","tag-herault","tag-la-grande-motte","tag-nimes","tag-occitanie","tag-peintre","tag-peinture","tag-taureaux","news-source-website"],"_links":{"self":[{"href":"https:\/\/euapp01.newsmemory.com\/lamarseillaise\/news\/wp-json\/wp\/v2\/posts\/39271","targetHints":{"allow":["GET"]}}],"collection":[{"href":"https:\/\/euapp01.newsmemory.com\/lamarseillaise\/news\/wp-json\/wp\/v2\/posts"}],"about":[{"href":"https:\/\/euapp01.newsmemory.com\/lamarseillaise\/news\/wp-json\/wp\/v2\/types\/post"}],"author":[{"embeddable":true,"href":"https:\/\/euapp01.newsmemory.com\/lamarseillaise\/news\/wp-json\/wp\/v2\/users\/1"}],"replies":[{"embeddable":true,"href":"https:\/\/euapp01.newsmemory.com\/lamarseillaise\/news\/wp-json\/wp\/v2\/comments?post=39271"}],"version-history":[{"count":1,"href":"https:\/\/euapp01.newsmemory.com\/lamarseillaise\/news\/wp-json\/wp\/v2\/posts\/39271\/revisions"}],"predecessor-version":[{"id":39273,"href":"https:\/\/euapp01.newsmemory.com\/lamarseillaise\/news\/wp-json\/wp\/v2\/posts\/39271\/revisions\/39273"}],"wp:featuredmedia":[{"embeddable":true,"href":"https:\/\/euapp01.newsmemory.com\/lamarseillaise\/news\/wp-json\/wp\/v2\/media\/39272"}],"wp:attachment":[{"href":"https:\/\/euapp01.newsmemory.com\/lamarseillaise\/news\/wp-json\/wp\/v2\/media?parent=39271"}],"wp:term":[{"taxonomy":"category","embeddable":true,"href":"https:\/\/euapp01.newsmemory.com\/lamarseillaise\/news\/wp-json\/wp\/v2\/categories?post=39271"},{"taxonomy":"post_tag","embeddable":true,"href":"https:\/\/euapp01.newsmemory.com\/lamarseillaise\/news\/wp-json\/wp\/v2\/tags?post=39271"},{"taxonomy":"news-destination","embeddable":true,"href":"https:\/\/euapp01.newsmemory.com\/lamarseillaise\/news\/wp-json\/wp\/v2\/news-destination?post=39271"},{"taxonomy":"news-source","embeddable":true,"href":"https:\/\/euapp01.newsmemory.com\/lamarseillaise\/news\/wp-json\/wp\/v2\/news-source?post=39271"},{"taxonomy":"is_homepage","embeddable":true,"href":"https:\/\/euapp01.newsmemory.com\/lamarseillaise\/news\/wp-json\/wp\/v2\/is_homepage?post=39271"},{"taxonomy":"ta_other","embeddable":true,"href":"https:\/\/euapp01.newsmemory.com\/lamarseillaise\/news\/wp-json\/wp\/v2\/ta_other?post=39271"}],"curies":[{"name":"wp","href":"https:\/\/api.w.org\/{rel}","templated":true}]}}