{"id":39268,"date":"2026-08-13T08:25:00","date_gmt":"2026-08-13T06:25:00","guid":{"rendered":"https:\/\/euapp01.newsmemory.com\/lamarseillaise\/news\/?p=39268"},"modified":"2026-08-13T10:06:26","modified_gmt":"2026-08-13T08:06:26","slug":"le-retour-de-la-patrouille-de-france-a-toulon","status":"publish","type":"post","link":"https:\/\/euapp01.newsmemory.com\/lamarseillaise\/news\/2026\/08\/13\/le-retour-de-la-patrouille-de-france-a-toulon\/","title":{"rendered":"Le retour de la Patrouille de France \u00e0 Toulon"},"content":{"rendered":"<div class=\"paragraph\">\n<p>Le Port du Levant accueille en effet cette ann\u00e9e encore \u00e0 l\u2019occasion du jour anniversaire du D\u00e9barquement de Provence plusieurs shows a\u00e9riens. Avec des d\u00e9monstrations d\u2019op\u00e9ration de sauvetage en mer par les h\u00e9licopt\u00e8res Dauphin et Panther de la Flotte. L\u2019\u00e9quipe de Voltige de l\u2019Arm\u00e9e de l\u2019air prendra ensuite le relais pour offrir aux spectateurs quelques acrobaties. Le clou de spectacle interviendra \u00e0 17h45 avec la tr\u00e8s attendue entr\u00e9e en sc\u00e8ne de la Patrouille de France et son c\u00e9l\u00e8bre ballet a\u00e9rien aux couleurs bleu, blanc, rouge. \u00c0 22h00 pour cl\u00f4turer la journ\u00e9e un grand feu d\u2019artifice musical sera lanc\u00e9 au Fort Saint-Louis.<\/p>\n<\/p><\/div>\n","protected":false},"excerpt":{"rendered":"Le Port du Levant accueille en effet cette ann&eacute;e encore &agrave; l&rsquo;occasion du jour anniversaire du D&eacute;barquement de Provence plusieurs shows a&eacute;riens. Avec des d&eacute;monstrations d&rsquo;op&eacute;ration de sauvetage en &#8230;","protected":false},"author":1,"featured_media":39269,"comment_status":"open","ping_status":"open","sticky":false,"template":"","format":"standard","meta":{"footnotes":""},"categories":[20],"tags":[6246,2507,6015,6080,1353,325,6247,529,597,31],"news-destination":[],"news-source":[475],"is_homepage":[],"ta_other":[],"class_list":["post-39268","post","type-post","status-publish","format-standard","has-post-thumbnail","hentry","category-societe","tag-15-aout","tag-avions","tag-debarquement-de-provence","tag-feux-dartifice","tag-helicoptere","tag-musique","tag-patrouille-de-france","tag-spectacle","tag-toulon","tag-var","news-source-website"],"_links":{"self":[{"href":"https:\/\/euapp01.newsmemory.com\/lamarseillaise\/news\/wp-json\/wp\/v2\/posts\/39268","targetHints":{"allow":["GET"]}}],"collection":[{"href":"https:\/\/euapp01.newsmemory.com\/lamarseillaise\/news\/wp-json\/wp\/v2\/posts"}],"about":[{"href":"https:\/\/euapp01.newsmemory.com\/lamarseillaise\/news\/wp-json\/wp\/v2\/types\/post"}],"author":[{"embeddable":true,"href":"https:\/\/euapp01.newsmemory.com\/lamarseillaise\/news\/wp-json\/wp\/v2\/users\/1"}],"replies":[{"embeddable":true,"href":"https:\/\/euapp01.newsmemory.com\/lamarseillaise\/news\/wp-json\/wp\/v2\/comments?post=39268"}],"version-history":[{"count":1,"href":"https:\/\/euapp01.newsmemory.com\/lamarseillaise\/news\/wp-json\/wp\/v2\/posts\/39268\/revisions"}],"predecessor-version":[{"id":39270,"href":"https:\/\/euapp01.newsmemory.com\/lamarseillaise\/news\/wp-json\/wp\/v2\/posts\/39268\/revisions\/39270"}],"wp:featuredmedia":[{"embeddable":true,"href":"https:\/\/euapp01.newsmemory.com\/lamarseillaise\/news\/wp-json\/wp\/v2\/media\/39269"}],"wp:attachment":[{"href":"https:\/\/euapp01.newsmemory.com\/lamarseillaise\/news\/wp-json\/wp\/v2\/media?parent=39268"}],"wp:term":[{"taxonomy":"category","embeddable":true,"href":"https:\/\/euapp01.newsmemory.com\/lamarseillaise\/news\/wp-json\/wp\/v2\/categories?post=39268"},{"taxonomy":"post_tag","embeddable":true,"href":"https:\/\/euapp01.newsmemory.com\/lamarseillaise\/news\/wp-json\/wp\/v2\/tags?post=39268"},{"taxonomy":"news-destination","embeddable":true,"href":"https:\/\/euapp01.newsmemory.com\/lamarseillaise\/news\/wp-json\/wp\/v2\/news-destination?post=39268"},{"taxonomy":"news-source","embeddable":true,"href":"https:\/\/euapp01.newsmemory.com\/lamarseillaise\/news\/wp-json\/wp\/v2\/news-source?post=39268"},{"taxonomy":"is_homepage","embeddable":true,"href":"https:\/\/euapp01.newsmemory.com\/lamarseillaise\/news\/wp-json\/wp\/v2\/is_homepage?post=39268"},{"taxonomy":"ta_other","embeddable":true,"href":"https:\/\/euapp01.newsmemory.com\/lamarseillaise\/news\/wp-json\/wp\/v2\/ta_other?post=39268"}],"curies":[{"name":"wp","href":"https:\/\/api.w.org\/{rel}","templated":true}]}}