{"id":39265,"date":"2026-08-13T08:23:00","date_gmt":"2026-08-13T06:23:00","guid":{"rendered":"https:\/\/euapp01.newsmemory.com\/lamarseillaise\/news\/?p=39265"},"modified":"2026-08-20T07:55:56","modified_gmt":"2026-08-20T05:55:56","slug":"entretien-laurent-guilloteau-cgt-des-sdis-la-politique-dausterite-du-gouvernement-impacte-les-pompiers","status":"publish","type":"post","link":"https:\/\/euapp01.newsmemory.com\/lamarseillaise\/news\/2026\/08\/13\/entretien-laurent-guilloteau-cgt-des-sdis-la-politique-dausterite-du-gouvernement-impacte-les-pompiers\/","title":{"rendered":"[Entretien] Laurent Guilloteau, CGT des Sdis : \u00ab&nbsp;La politique d\u2019aust\u00e9rit\u00e9 du gouvernement impacte les pompiers&nbsp;\u00bb"},"content":{"rendered":"<div class=\"paragraph\">\n<p>La Marseillaise : <b>Le rassemblement pr\u00e9vu ce jour devant le minist\u00e8re de l\u2019Int\u00e9rieur est organis\u00e9 par les neuf organisations syndicales repr\u00e9sentatives des Sdis pr\u00e9cisez-vous dans un communiqu\u00e9 unitaire. C\u2019est in\u00e9dit<\/b><b>\u00a0<\/b><b>?<\/b><\/p>\n<p>Laurent Guilloteau\u00a0: Dans ce sens, oui. Cela fait un an que les neuf organisations syndicales sont unanimes sur le constat qui a \u00e9t\u00e9 dress\u00e9 dans ce <a rel=\"nofollow noopener noreferrer\" href=\"https:\/\/www.cgtservicespublics.fr\/IMG\/pdf\/2026-08-03-communique_de_presse_des_os_des_sdis.pdf?43479\/eda711df48eda9602155a043464214ae0827a4d113ce5e987e56d560bbe66ba4\" target=\"_blank\">communiqu\u00e9 <\/a>et que nous sommes enti\u00e8rement d\u2019accord sur l\u2019ensemble des revendications. La S\u00e9curit\u00e9 civile a, aujourd\u2019hui, le pantalon sur les chevilles. La politique d\u2019aust\u00e9rit\u00e9 du gouvernement et les coupes budg\u00e9taires qu\u2019ont subies les conseils d\u00e9partementaux et les communes ont impact\u00e9 les Sdis. Nos principales revendications ont toutes un lien avec le financement. L\u2019un des principaux axes, c\u2019est le recrutement massif de sapeurs-pompiers professionnels. Sur l\u2019ann\u00e9e\u00a02025, on a plus de 2\u00a0200\u00a0laur\u00e9ats du concours. Mais certains de l\u2019\u00e9dition pr\u00e9c\u00e9dente, donc\u00a02023, n\u2019ont toujours pas \u00e9t\u00e9 recrut\u00e9s, faute de budget.<\/p>\n<p><b>Cette politique aust\u00e9ritaire explique-t-elle pourquoi les sapeurs pompiers volontaires &#8211; non limit\u00e9s en heures &#8211; sont davantage sollicit\u00e9s au d\u00e9triment des sapeurs pompiers professionnels<\/b><b>\u00a0<\/b><b>?<\/b><\/p>\n<p>L.G.\u00a0: Totalement. Aujourd\u2019hui, la faute est \u00e0 un plafond horaire annuel qui est de 2\u00a0256\u00a0heures et qu\u2019on ne peut pas d\u00e9passer. Pourtant, il y a un texte de loi de\u00a02023 qui permet de lib\u00e9rer des sapeurs-pompiers professionnels sur leur temps de travail. Sauf que les directeurs sont ultra-r\u00e9ticents \u00e0 d\u00e9tacher du temps de travail des sapeurs-pompiers professionnels au profit des autres d\u00e9partements, dont ils disent pourtant \u00eatre solidaires. Ils pr\u00e9f\u00e8rent les envoyer sur leurs repos ou leurs cong\u00e9s, et sur le statut de sapeurs-pompiers volontaires, parce que du coup, ils ne perdent pas de temps de travail. Il est impensable de se dire qu\u2019on se prive d\u2019une ressource quantitative et qualitative sous l\u2019effet d\u2019un statut alors que, concr\u00e8tement, on est agent de la fonction publique territoriale.<\/p>\n<p><b>Vous entendez peser sur le prochain Projet de loi de finances pour 2027<\/b><b>\u00a0<\/b><b>?<\/b><\/p>\n<p>L.G.\u00a0: Il est vrai, comme le dit Laurent Nu\u00f1ez [ministre de l\u2019Int\u00e9rieur], que la S\u00e9curit\u00e9 civile a vu une augmentation de son budget allou\u00e9 au titre des derniers projets de loi de finances. Mais ce que le ministre oublie de dire, c\u2019est que si on fait un ratio de ce que p\u00e8se aujourd\u2019hui la S\u00e9curit\u00e9 civile &#8211; un des derniers services publics qui arrive encore \u00e0 fonctionner, malgr\u00e9 les difficult\u00e9s et les contraintes que l\u2019on peut rencontrer &#8211; par rapport \u00e0 l\u2019investissement qui a \u00e9t\u00e9 mis sur les projets de loi de finances, notamment pour les JO\u00a02024, pour les Arm\u00e9es et pour la S\u00e9curit\u00e9 int\u00e9rieure, on est tr\u00e8s loin du compte. Alors oui, on va interagir sur le projet de loi de finances. C\u2019est vital \u00e0 l\u2019\u00e9chelle nationale. On a loup\u00e9 le coche apr\u00e8s la saison des feux de\u00a02022 o\u00f9 il aurait fallu d\u00e9j\u00e0 revoir les budgets des services d\u00e9partementaux d\u2019incendie et de secours. Cela va \u00eatre difficile \u00e0 rattraper aujourd\u2019hui avec toutes les coupes budg\u00e9taires que pr\u00e9sente M. Macron&#8230;<\/p>\n<p><b>Que peut-on retirer du Beauvau de la S\u00e9curit\u00e9 civile ?<\/b><\/p>\n<p>L.G.\u00a0: Le minist\u00e8re de l\u2019Int\u00e9rieur et le gouvernement ont fait des groupes de travail pour occuper le temps et le terrain. Pendant ce temps-l\u00e0, ils ont oubli\u00e9 d\u2019agir et de sortir le projet de loi pr\u00e9vu \u00e0 l\u2019issue de ces travaux. Depuis, on a vu d\u00e9filer plusieurs ministres que ce soit G\u00e9rald Darmanin, Bruno Retailleau et aujourd\u2019hui Laurent Nu\u00f1ez.<\/p>\n<p>La S\u00e9curit\u00e9 civile est-elle dans les priorit\u00e9s du gouvernement\u00a0? C\u2019est notre interrogation. Je vous le dis, la r\u00e9ponse c\u2019est non. Si on \u00e9tait vraiment dans les pr\u00e9occupations du gouvernement, il aurait mis en place dans les projets de loi de finances et dans le Beauvau des mesures pour faire avancer la S\u00e9curit\u00e9 civile.<\/p>\n<p><b>Cette saison des feux est particuli\u00e8rement d\u00e9vastatrice. Si des investissements ne sont pas rapidement faits dans la S\u00e9curit\u00e9 civile, au vu du r\u00e9chauffement climatique, les prochaines seront pires ?<\/b><\/p>\n<p>L.G.\u00a0: La synth\u00e8se est la bonne. Les saisons comme\u00a02026 vont devenir la norme. Le feu de for\u00eat devrait \u00eatre enseign\u00e9 dans le risque courant. Depuis combien d\u2019ann\u00e9es on parle du r\u00e9chauffement climatique et de son impact\u00a0? Les canicules, on en a d\u00e9j\u00e0 eu. On se rappelle de\u00a02003 et des premi\u00e8res, d\u00e9vastatrices, qui ont caus\u00e9 \u00e9norm\u00e9ment de morts. Le ministre de l\u2019\u00c9ducation nationale, a dit [le 26\u00a0juin 2026 ndlr], que le gouvernement avait anticip\u00e9 la canicule. Si on avait anticip\u00e9, on n\u2019aurait pas provoqu\u00e9 la fermeture de classes parce qu\u2019il y faisait 35\u00a0degr\u00e9s. S\u2019il y a une chose que le gouvernement n\u2019a pas faite, c\u2019est d\u2019anticiper.<\/p>\n<p>Si on \u00e9tait vraiment pr\u00eats et si on avait \u00e9t\u00e9 en capacit\u00e9 de r\u00e9pondre au moment voulu sur des feux majeurs en m\u00eame temps sur l\u2019ensemble de territoire, on n\u2019aurait pas eu \u00e0 \u00e9puiser la ressource au 31\u00a0juillet, que ce soit de sapeurs-pompiers professionnels ou volontaires et de personnels administratif, technique et sp\u00e9cialis\u00e9. Ce sont des gens dont on parle tr\u00e8s peu et qui font aujourd\u2019hui fonctionner les Sdis dans la partie administrative, la r\u00e9paration des v\u00e9hicules et le maintien de nos unit\u00e9s op\u00e9rationnelles. Sans tous ces gens-l\u00e0 qu\u2019on a sollicit\u00e9s durant un mois, corv\u00e9ables \u00e0 merci, durant des heures, en s\u2019asseyant sur leurs p\u00e9riodes de repos et aussi leur p\u00e9riode de cong\u00e9, \u00e7a n\u2019aurait pas exist\u00e9.<\/p>\n<p><b>La pol\u00e9mique autour de la commande de Canadairs est-elle justifi\u00e9e ? Qu\u2019est-ce que cela aurait pu changer sur le terrain<\/b><b>\u00a0<\/b><b>?<\/b><\/p>\n<p>L.G.\u00a0: Les Canadairs, c\u2019est comme un camion-citerne feux de for\u00eats, quand il tourne toute la journ\u00e9e, le lendemain, il a besoin d\u2019une maintenance. Il y a des matins o\u00f9 il n\u2019y en avait que 5\u00a0disponibles. Puis, l\u2019apr\u00e8s-midi, il y en avait peut-\u00eatre\u00a07 ou\u00a08. Et le lendemain matin, on redescendait \u00e0\u00a05. On parle souvent des machines mais il faut aussi prendre en compte les horaires de vol du pilote \u00e0 l\u2019int\u00e9rieur, qui doit avoir une certaine lucidit\u00e9 durant toutes les missions qu\u2019on lui demande. Souvent, \u00e7a aussi, \u00e7a nous fait d\u00e9faut.<\/p>\n<p>Le travail de pr\u00e9cision des Canadairs ne pourra jamais \u00eatre remplac\u00e9 par les h\u00e9licos suppl\u00e9mentaires qui ont \u00e9t\u00e9 lou\u00e9s. Les Canadairs ont une capacit\u00e9 et une force de frappe qui est quand m\u00eame diff\u00e9rente. Gabriel Attal, lorsqu\u2019il \u00e9tait Premier ministre, a s\u00e9rieusement amput\u00e9 le budget de la S\u00e9curit\u00e9 civile, et notamment dans l\u2019achat de cette flotte a\u00e9rienne. Si deux Canadairs de plus avaient \u00e9t\u00e9 pr\u00e9sents sur les chantiers de Gironde, ils auraient peut-\u00eatre compens\u00e9 la maintenance qui \u00e9tait obligatoire pour l\u2019aspect s\u00e9curitaire du personnel en vol et au sol.<\/p>\n<\/p><\/div>\n<div class=\"paragraph\">\n<p><b>REP\u00c8RES<\/b><\/p>\n<p><b>258 641<\/b><\/p>\n<p>sapeurs-pompiers sont recens\u00e9s en France dont 200 961 volontaires. 13 377 sont militaires comme le bataillon des marins pompiers de Marseille. Les pompiers du 13 comptent 7 500 agents.<\/p>\n<p><b>80 %<\/b><\/p>\n<p>des interventions des SDIS sont consacr\u00e9es au secours \u00e0 la personne contre seulement 6% pour les incendies. Sur tout le territoire, 13 000 interventions par jour sont r\u00e9alis\u00e9es.<\/p>\n<p><b>Attaque massive<\/b><\/p>\n<p>La doctrine d\u00e9finie nationalement pr\u00e9voit l\u2019attaque massive des feux naissants.<\/p>\n<p>En clair ma\u00eetriser les incendies avant qu\u2019ils n\u2019atteignent 5 hectares.<\/p>\n<p><b>Feux d\u2019hiver<\/b><\/p>\n<p>En 2019, sur les 43 000 hectares qui br\u00fblent en France, 36 000 partent en fum\u00e9e en janvier et f\u00e9vrier, note dans son rapport Effis, syst\u00e8me europ\u00e9en d\u2019information sur les feux de for\u00eat.<\/p>\n<\/p><\/div>\n","protected":false},"excerpt":{"rendered":"La Marseillaise : Le rassemblement pr&eacute;vu ce jour devant le minist&egrave;re de l&rsquo;Int&eacute;rieur est organis&eacute; par les neuf organisations syndicales repr&eacute;sentatives des Sdis pr&eacute;cisez-vous dans un communiqu&eacute; &#8230;","protected":false},"author":1,"featured_media":39266,"comment_status":"open","ping_status":"open","sticky":false,"template":"","format":"standard","meta":{"footnotes":""},"categories":[3926,3925,330,331],"tags":[430,314,822,575,343,316,913,572,851,528,519,571,1271,320,1674,5879,1613,484],"news-destination":[3944],"news-source":[475],"is_homepage":[],"ta_other":[],"class_list":["post-39265","post","type-post","status-publish","format-standard","has-post-thumbnail","hentry","category-accueil-merge","category-accueil-third","category-politique","category-social","tag-budget","tag-canadair","tag-coupes-budgetaires","tag-emmanuel-macron","tag-entretien","tag-feu-de-foret","tag-finances","tag-france","tag-gabriel-attal","tag-gouvernement","tag-investissements","tag-paris","tag-polemique","tag-pompiers","tag-sapeurs-pompiers","tag-sdis","tag-securite-civile","tag-services-publics","news-destination-homepage","news-source-website"],"_links":{"self":[{"href":"https:\/\/euapp01.newsmemory.com\/lamarseillaise\/news\/wp-json\/wp\/v2\/posts\/39265","targetHints":{"allow":["GET"]}}],"collection":[{"href":"https:\/\/euapp01.newsmemory.com\/lamarseillaise\/news\/wp-json\/wp\/v2\/posts"}],"about":[{"href":"https:\/\/euapp01.newsmemory.com\/lamarseillaise\/news\/wp-json\/wp\/v2\/types\/post"}],"author":[{"embeddable":true,"href":"https:\/\/euapp01.newsmemory.com\/lamarseillaise\/news\/wp-json\/wp\/v2\/users\/1"}],"replies":[{"embeddable":true,"href":"https:\/\/euapp01.newsmemory.com\/lamarseillaise\/news\/wp-json\/wp\/v2\/comments?post=39265"}],"version-history":[{"count":1,"href":"https:\/\/euapp01.newsmemory.com\/lamarseillaise\/news\/wp-json\/wp\/v2\/posts\/39265\/revisions"}],"predecessor-version":[{"id":39267,"href":"https:\/\/euapp01.newsmemory.com\/lamarseillaise\/news\/wp-json\/wp\/v2\/posts\/39265\/revisions\/39267"}],"wp:featuredmedia":[{"embeddable":true,"href":"https:\/\/euapp01.newsmemory.com\/lamarseillaise\/news\/wp-json\/wp\/v2\/media\/39266"}],"wp:attachment":[{"href":"https:\/\/euapp01.newsmemory.com\/lamarseillaise\/news\/wp-json\/wp\/v2\/media?parent=39265"}],"wp:term":[{"taxonomy":"category","embeddable":true,"href":"https:\/\/euapp01.newsmemory.com\/lamarseillaise\/news\/wp-json\/wp\/v2\/categories?post=39265"},{"taxonomy":"post_tag","embeddable":true,"href":"https:\/\/euapp01.newsmemory.com\/lamarseillaise\/news\/wp-json\/wp\/v2\/tags?post=39265"},{"taxonomy":"news-destination","embeddable":true,"href":"https:\/\/euapp01.newsmemory.com\/lamarseillaise\/news\/wp-json\/wp\/v2\/news-destination?post=39265"},{"taxonomy":"news-source","embeddable":true,"href":"https:\/\/euapp01.newsmemory.com\/lamarseillaise\/news\/wp-json\/wp\/v2\/news-source?post=39265"},{"taxonomy":"is_homepage","embeddable":true,"href":"https:\/\/euapp01.newsmemory.com\/lamarseillaise\/news\/wp-json\/wp\/v2\/is_homepage?post=39265"},{"taxonomy":"ta_other","embeddable":true,"href":"https:\/\/euapp01.newsmemory.com\/lamarseillaise\/news\/wp-json\/wp\/v2\/ta_other?post=39265"}],"curies":[{"name":"wp","href":"https:\/\/api.w.org\/{rel}","templated":true}]}}