{"id":39262,"date":"2026-08-13T08:12:00","date_gmt":"2026-08-13T06:12:00","guid":{"rendered":"https:\/\/euapp01.newsmemory.com\/lamarseillaise\/news\/?p=39262"},"modified":"2026-08-13T10:10:51","modified_gmt":"2026-08-13T08:10:51","slug":"cest-lete-un-soir-au-parc-a-lisle-sur-la-sorgue","status":"publish","type":"post","link":"https:\/\/euapp01.newsmemory.com\/lamarseillaise\/news\/2026\/08\/13\/cest-lete-un-soir-au-parc-a-lisle-sur-la-sorgue\/","title":{"rendered":"[C\u2019est l\u2019\u00e9t\u00e9] Un soir au parc \u00e0 L\u2019Isle-sur-la-Sorgue"},"content":{"rendered":"<div class=\"paragraph\">\n<p>Des rendez-vous riches en \u00e9motions, surprises et d\u00e9couvertes, dans le cadre verdoyant du parc Gautier. Ce jeudi, vivez l\u2019op\u00e9ra en diff\u00e9r\u00e9 du festival d\u2019Aix-en-Provence, \u00ab\u00a0La fl\u00fbte enchant\u00e9e\u00a0\u00bb de Wolfgang Amadeus Mozart.<\/p>\n<\/p><\/div>\n<div class=\"paragraph\">\n<p><i>\u00c0 partir de 20h.<\/i><\/p>\n<p><i>Gratuit.<\/i><\/p>\n<\/p><\/div>\n","protected":false},"excerpt":{"rendered":"Des rendez-vous riches en &eacute;motions, surprises et d&eacute;couvertes, dans le cadre verdoyant du parc Gautier. Ce jeudi, vivez l&rsquo;op&eacute;ra en diff&eacute;r&eacute; du festival d&rsquo;Aix-en-Provence, &laquo;&nbsp;La fl&ucirc;te &#8230;","protected":false},"author":1,"featured_media":39263,"comment_status":"open","ping_status":"open","sticky":false,"template":"","format":"standard","meta":{"footnotes":""},"categories":[32],"tags":[6085,34,4352,1083,325,1239,1291,1698,171],"news-destination":[],"news-source":[475],"is_homepage":[],"ta_other":[],"class_list":["post-39262","post","type-post","status-publish","format-standard","has-post-thumbnail","hentry","category-culture","tag-cest-lete","tag-concert","tag-festival-daix","tag-gratuit","tag-musique","tag-opera","tag-parc","tag-saison-estivale","tag-vaucluse","news-source-website"],"_links":{"self":[{"href":"https:\/\/euapp01.newsmemory.com\/lamarseillaise\/news\/wp-json\/wp\/v2\/posts\/39262","targetHints":{"allow":["GET"]}}],"collection":[{"href":"https:\/\/euapp01.newsmemory.com\/lamarseillaise\/news\/wp-json\/wp\/v2\/posts"}],"about":[{"href":"https:\/\/euapp01.newsmemory.com\/lamarseillaise\/news\/wp-json\/wp\/v2\/types\/post"}],"author":[{"embeddable":true,"href":"https:\/\/euapp01.newsmemory.com\/lamarseillaise\/news\/wp-json\/wp\/v2\/users\/1"}],"replies":[{"embeddable":true,"href":"https:\/\/euapp01.newsmemory.com\/lamarseillaise\/news\/wp-json\/wp\/v2\/comments?post=39262"}],"version-history":[{"count":1,"href":"https:\/\/euapp01.newsmemory.com\/lamarseillaise\/news\/wp-json\/wp\/v2\/posts\/39262\/revisions"}],"predecessor-version":[{"id":39264,"href":"https:\/\/euapp01.newsmemory.com\/lamarseillaise\/news\/wp-json\/wp\/v2\/posts\/39262\/revisions\/39264"}],"wp:featuredmedia":[{"embeddable":true,"href":"https:\/\/euapp01.newsmemory.com\/lamarseillaise\/news\/wp-json\/wp\/v2\/media\/39263"}],"wp:attachment":[{"href":"https:\/\/euapp01.newsmemory.com\/lamarseillaise\/news\/wp-json\/wp\/v2\/media?parent=39262"}],"wp:term":[{"taxonomy":"category","embeddable":true,"href":"https:\/\/euapp01.newsmemory.com\/lamarseillaise\/news\/wp-json\/wp\/v2\/categories?post=39262"},{"taxonomy":"post_tag","embeddable":true,"href":"https:\/\/euapp01.newsmemory.com\/lamarseillaise\/news\/wp-json\/wp\/v2\/tags?post=39262"},{"taxonomy":"news-destination","embeddable":true,"href":"https:\/\/euapp01.newsmemory.com\/lamarseillaise\/news\/wp-json\/wp\/v2\/news-destination?post=39262"},{"taxonomy":"news-source","embeddable":true,"href":"https:\/\/euapp01.newsmemory.com\/lamarseillaise\/news\/wp-json\/wp\/v2\/news-source?post=39262"},{"taxonomy":"is_homepage","embeddable":true,"href":"https:\/\/euapp01.newsmemory.com\/lamarseillaise\/news\/wp-json\/wp\/v2\/is_homepage?post=39262"},{"taxonomy":"ta_other","embeddable":true,"href":"https:\/\/euapp01.newsmemory.com\/lamarseillaise\/news\/wp-json\/wp\/v2\/ta_other?post=39262"}],"curies":[{"name":"wp","href":"https:\/\/api.w.org\/{rel}","templated":true}]}}