{"id":39247,"date":"2026-08-13T08:03:00","date_gmt":"2026-08-13T06:03:00","guid":{"rendered":"https:\/\/euapp01.newsmemory.com\/lamarseillaise\/news\/?p=39247"},"modified":"2026-08-13T10:06:37","modified_gmt":"2026-08-13T08:06:37","slug":"jeu-provencal-valdes-roi-de-pertuis","status":"publish","type":"post","link":"https:\/\/euapp01.newsmemory.com\/lamarseillaise\/news\/2026\/08\/13\/jeu-provencal-valdes-roi-de-pertuis\/","title":{"rendered":"Jeu proven\u00e7al : Vald\u00e9s, roi de Pertuis"},"content":{"rendered":"<div class=\"paragraph\">\n<p>Encore une fois Pertuis a affich\u00e9 presque complet lors des deux grandes \u00e9preuves au Jeu Proven\u00e7al comptant pour le Super Challenge.<\/p>\n<p>Dans ce lieu mythique de la longue distance, un homme a brill\u00e9 de mille feux. Alain Vald\u00e9s pour ne pas le nommer. Il a r\u00e9gn\u00e9 sur Pertuis pendant quatre jours.<\/p>\n<p>Lors du Souvenir Fabien Ribes, Alain Vald\u00e9s et Simon Dubois ont d\u00e9roul\u00e9 en \u00e9pinglant \u00e0 leur tableau de chasse Gino Dubois-Julien Aguero, Christian Blasco-Frederic Arnoux, Jean Claude Peyronnel- Claude Gosselin avant de terminer leur p\u00e9riple victorieux face \u00e0 Martin Torres -Alain Vincensini. Un sacr\u00e9 tableau de chasse pour ce bin\u00f4me in\u00e9dit qui signe l\u00e0 une victoire probante.<\/p>\n<p>Trois jours plus tard revoil\u00e0 Vald\u00e9s en finale du National Souvenir Claude Carbo en compagnie de Herv\u00e9 Fontani et Philippe Stievenart. En face se dressent l\u2019ic\u00f4ne Anthony Kerfah associ\u00e9 \u00e0 son fr\u00e8re Manu Kerfah et Simon Chamberon. La finale de r\u00eave. H\u00e9las la montagne a accouch\u00e9 d\u2019une souris. Souverain \u00e0 tous les postes, le trio Fontani, Stievenart, Vald\u00e9s a domin\u00e9 un adversaire en de\u00e7\u00e0 de ses possibilit\u00e9s qui semblait us\u00e9 par les combats pr\u00e9c\u00e9dents.<\/p>\n<p>Une belle victoire pour cette \u00e9quipe homog\u00e8ne o\u00f9 Stievenart r\u00e8gne en ma\u00eetre au poste de milieu avec une aisance d\u00e9concertante. Les finalistes auront d\u2019autres opportunit\u00e9s de s\u2019imposer tant le talent est \u00e9norme avec un coup de chapeau \u00e0 Manu Kerfah tr\u00e8s comp\u00e9titif malgr\u00e9 le peu de pratique de la discipline.<\/p>\n<p>Clin d\u2019\u0153il \u00e0 Jean Louis Flores toujours vaillant et le fiston Anthony. Ils ont brill\u00e9 en se glissant dans le dernier carr\u00e9 dans deux \u00e9quipes diff\u00e9rentes. Anthony a \u00e9galement perdu en demi-finale lors du doublette.<\/p>\n<p>Alain Vald\u00e9s n\u2019avait jamais gagn\u00e9 le National de Pertuis jusqu\u2019en 2025 ( Stievenart\/ Serrano). Il a rattrap\u00e9 le temps perdu en faisant un doubl\u00e9 tout comme Stievenart. Quant \u00e0 Fontani, il demeure une valeur s\u00fbre avec l\u2019exp\u00e9rience consomm\u00e9e. Il compl\u00e8te une triplette qui a fi\u00e8re allure Bravo \u00e0 Franck Flores et son \u00e9quipe pour l\u2019organisation sans faille dans l\u2019un des temples de la longue distance.<\/p>\n<\/p><\/div>\n","protected":false},"excerpt":{"rendered":"Encore une fois Pertuis a affich&eacute; presque complet lors des deux grandes &eacute;preuves au Jeu Proven&ccedil;al comptant pour le Super Challenge. Dans ce lieu mythique de la longue distance, un homme a brill&eacute; de mille feux. Alain &#8230;","protected":false},"author":1,"featured_media":39248,"comment_status":"open","ping_status":"open","sticky":false,"template":"","format":"standard","meta":{"footnotes":""},"categories":[7],"tags":[1161,1203,2802,3302,5676,171],"news-destination":[],"news-source":[475],"is_homepage":[],"ta_other":[],"class_list":["post-39247","post","type-post","status-publish","format-standard","has-post-thumbnail","hentry","category-sports","tag-boules","tag-champion","tag-jeu-provencal","tag-pertuis","tag-super-challenge","tag-vaucluse","news-source-website"],"_links":{"self":[{"href":"https:\/\/euapp01.newsmemory.com\/lamarseillaise\/news\/wp-json\/wp\/v2\/posts\/39247","targetHints":{"allow":["GET"]}}],"collection":[{"href":"https:\/\/euapp01.newsmemory.com\/lamarseillaise\/news\/wp-json\/wp\/v2\/posts"}],"about":[{"href":"https:\/\/euapp01.newsmemory.com\/lamarseillaise\/news\/wp-json\/wp\/v2\/types\/post"}],"author":[{"embeddable":true,"href":"https:\/\/euapp01.newsmemory.com\/lamarseillaise\/news\/wp-json\/wp\/v2\/users\/1"}],"replies":[{"embeddable":true,"href":"https:\/\/euapp01.newsmemory.com\/lamarseillaise\/news\/wp-json\/wp\/v2\/comments?post=39247"}],"version-history":[{"count":1,"href":"https:\/\/euapp01.newsmemory.com\/lamarseillaise\/news\/wp-json\/wp\/v2\/posts\/39247\/revisions"}],"predecessor-version":[{"id":39249,"href":"https:\/\/euapp01.newsmemory.com\/lamarseillaise\/news\/wp-json\/wp\/v2\/posts\/39247\/revisions\/39249"}],"wp:featuredmedia":[{"embeddable":true,"href":"https:\/\/euapp01.newsmemory.com\/lamarseillaise\/news\/wp-json\/wp\/v2\/media\/39248"}],"wp:attachment":[{"href":"https:\/\/euapp01.newsmemory.com\/lamarseillaise\/news\/wp-json\/wp\/v2\/media?parent=39247"}],"wp:term":[{"taxonomy":"category","embeddable":true,"href":"https:\/\/euapp01.newsmemory.com\/lamarseillaise\/news\/wp-json\/wp\/v2\/categories?post=39247"},{"taxonomy":"post_tag","embeddable":true,"href":"https:\/\/euapp01.newsmemory.com\/lamarseillaise\/news\/wp-json\/wp\/v2\/tags?post=39247"},{"taxonomy":"news-destination","embeddable":true,"href":"https:\/\/euapp01.newsmemory.com\/lamarseillaise\/news\/wp-json\/wp\/v2\/news-destination?post=39247"},{"taxonomy":"news-source","embeddable":true,"href":"https:\/\/euapp01.newsmemory.com\/lamarseillaise\/news\/wp-json\/wp\/v2\/news-source?post=39247"},{"taxonomy":"is_homepage","embeddable":true,"href":"https:\/\/euapp01.newsmemory.com\/lamarseillaise\/news\/wp-json\/wp\/v2\/is_homepage?post=39247"},{"taxonomy":"ta_other","embeddable":true,"href":"https:\/\/euapp01.newsmemory.com\/lamarseillaise\/news\/wp-json\/wp\/v2\/ta_other?post=39247"}],"curies":[{"name":"wp","href":"https:\/\/api.w.org\/{rel}","templated":true}]}}