{"id":39244,"date":"2026-08-13T07:47:00","date_gmt":"2026-08-13T05:47:00","guid":{"rendered":"https:\/\/euapp01.newsmemory.com\/lamarseillaise\/news\/?p=39244"},"modified":"2026-08-13T10:10:51","modified_gmt":"2026-08-13T08:10:51","slug":"cest-lete-un-festival-de-theatre-sinvite-dans-les-jardins-marseillais","status":"publish","type":"post","link":"https:\/\/euapp01.newsmemory.com\/lamarseillaise\/news\/2026\/08\/13\/cest-lete-un-festival-de-theatre-sinvite-dans-les-jardins-marseillais\/","title":{"rendered":"[C\u2019est l\u2019\u00e9t\u00e9] Un festival de th\u00e9\u00e2tre s\u2019invite dans les jardins marseillais"},"content":{"rendered":"<div class=\"paragraph\">\n<p>\u00ab <i>B<\/i><i>ravo<\/i><i>\u00a0<\/i><i>!<\/i>\u00a0\u00bb, s\u2019exclament les spectateurs \u00e0 la fin de la pi\u00e8ce de th\u00e9\u00e2tre <i>Impeccable<\/i><i>, <\/i>jou\u00e9e au square Albrecht, ce lundi, \u00e0 l\u2019occasion de la sixi\u00e8me \u00e9dition du festival Avant le soir. L\u2019unique personnage du spectacle, Viktor, interpr\u00e9t\u00e9 par le com\u00e9dien Mathieu Tanguy, quitte la sc\u00e8ne sous les applaudissements du public. \u00ab\u00a0<i>\u00c7a m\u2019a vraiment plu, j\u2019ai pleur\u00e9 \u00e0 la fin. On a envie de lui demander si c\u2019est son histoire<\/i>\u00a0\u00bb, s\u2019\u00e9meut S\u00e9verine, 53\u00a0ans, habitu\u00e9e du festival. Organis\u00e9 par la mairie des 1<sup>er<\/sup>\u00a0et 7<sup>e<\/sup>\u00a0arrondissements dans le cadre de l\u2019\u00c9t\u00e9 marseillais, ce festival propose trente spectacles gratuits, depuis le 6\u00a0juillet et jusqu\u2019au 28\u00a0ao\u00fbt. Avec une petite particularit\u00e9\u00a0: les repr\u00e9sentations prennent place dans les squares et jardins des deux arrondissements. \u00ab\u00a0<i>L\u2019id\u00e9e est d\u2019ouvrir le th\u00e9\u00e2tre \u00e0 tout le monde. \u00c7a peut \u00eatre un lieu qui intimide un peu et qui peut para\u00eetre tr\u00e8s ferm\u00e9. Avec ce festival, il suffit de pousser la porte de son square pour y avoir acc\u00e8s<\/i>\u00a0\u00bb, explique Ma\u00eblle Charpin, responsable de l\u2019accueil des spectateurs et des artistes du festival.<\/p>\n<\/p><\/div>\n<div class=\"intext\"> Des com\u00e9diens locaux\n              <\/div>\n<div class=\"paragraph\">\n<p>Avant le soir est pilot\u00e9 par la compagnie de th\u00e9\u00e2tre marseillaise Didascalies &#038; Co. Son fondateur et directeur, Renaud Marie Leblanc est derri\u00e8re la programmation de la manifestation depuis sa cr\u00e9ation. Cette ann\u00e9e, elle m\u00eale th\u00e9\u00e2tre, th\u00e9\u00e2tre musical et conte th\u00e9\u00e2tral. Les com\u00e9diens des dix spectacles, jou\u00e9s \u00e0 trois reprises tout l\u2019\u00e9t\u00e9, sont originaires de la r\u00e9gion. Une volont\u00e9 de l\u2019organisation, qui souhaite faire conna\u00eetre les artistes locaux aux Marseillais et touristes de passage. \u00ab\u00a0<i>On peut penser \u00e0 une id\u00e9e \u00e9cologique du spectacle. On va souvent chercher des artistes qui viennent de loin. Alors qu\u2019en r\u00e9alit\u00e9, ici, \u00e7a fourmille d\u2019artistes. Il est bon de les conna\u00eetre<\/i>\u00a0\u00bb, assure Ma\u00eblle Charpin, qui fut charg\u00e9e de diffusion dans la compagnie.<\/p>\n<p>Le festival existe depuis six \u00e9t\u00e9s. \u00ab\u00a0<i>Il y a des fid\u00e8les d\u2019ann\u00e9es en ann\u00e9es. Je vois aussi des personnes qui reviennent chaque \u00e9t\u00e9 et qui, pour certaines, n\u2019allaient pas au th\u00e9\u00e2tre avant d\u2019aller \u00e0 Avant le soir. Ce festival sert vraiment \u00e0 d\u00e9cloisonner la culture<\/i>\u00a0\u00bb, d\u00e9fend celle qui est aussi com\u00e9dienne et metteuse en sc\u00e8ne. Selon elle, il fait m\u00eame na\u00eetre une vocation chez certains spectateurs. De son c\u00f4t\u00e9, le com\u00e9dien Matthieu Tanguy soutient lui aussi cette initiative. \u00ab\u00a0<i>Avec les difficult\u00e9s que conna\u00eet le monde de la culture, ce festival est une vraie force<\/i>\u00a0\u00bb.<\/p>\n<p><b>Fanny Velay<\/b><\/p>\n<\/p><\/div>\n","protected":false},"excerpt":{"rendered":"&laquo; Bravo&nbsp;!&nbsp;&raquo;, s&rsquo;exclament les spectateurs &agrave; la fin de la pi&egrave;ce de th&eacute;&acirc;tre Impeccable, jou&eacute;e au square Albrecht, ce lundi, &agrave; l&rsquo;occasion de la sixi&egrave;me &eacute;dition du &#8230;","protected":false},"author":1,"featured_media":39245,"comment_status":"open","ping_status":"open","sticky":false,"template":"","format":"standard","meta":{"footnotes":""},"categories":[32],"tags":[1236,130,10,6085,1434,2618,57,329,3635,6243,2371,1308,16,938,1291,2502,1241,720,99],"news-destination":[],"news-source":[475],"is_homepage":[],"ta_other":[],"class_list":["post-39244","post","type-post","status-publish","format-standard","has-post-thumbnail","hentry","category-culture","tag-artistes","tag-ateliers","tag-bouches-du-rhone","tag-cest-lete","tag-ecologie","tag-ecosysteme","tag-enfants","tag-festival","tag-jardins","tag-jeu-de-piste","tag-jeux","tag-lete-marseillais","tag-marseille","tag-nature","tag-parc","tag-parcs","tag-theatre","tag-ville","tag-ville-de-marseille","news-source-website"],"_links":{"self":[{"href":"https:\/\/euapp01.newsmemory.com\/lamarseillaise\/news\/wp-json\/wp\/v2\/posts\/39244","targetHints":{"allow":["GET"]}}],"collection":[{"href":"https:\/\/euapp01.newsmemory.com\/lamarseillaise\/news\/wp-json\/wp\/v2\/posts"}],"about":[{"href":"https:\/\/euapp01.newsmemory.com\/lamarseillaise\/news\/wp-json\/wp\/v2\/types\/post"}],"author":[{"embeddable":true,"href":"https:\/\/euapp01.newsmemory.com\/lamarseillaise\/news\/wp-json\/wp\/v2\/users\/1"}],"replies":[{"embeddable":true,"href":"https:\/\/euapp01.newsmemory.com\/lamarseillaise\/news\/wp-json\/wp\/v2\/comments?post=39244"}],"version-history":[{"count":1,"href":"https:\/\/euapp01.newsmemory.com\/lamarseillaise\/news\/wp-json\/wp\/v2\/posts\/39244\/revisions"}],"predecessor-version":[{"id":39246,"href":"https:\/\/euapp01.newsmemory.com\/lamarseillaise\/news\/wp-json\/wp\/v2\/posts\/39244\/revisions\/39246"}],"wp:featuredmedia":[{"embeddable":true,"href":"https:\/\/euapp01.newsmemory.com\/lamarseillaise\/news\/wp-json\/wp\/v2\/media\/39245"}],"wp:attachment":[{"href":"https:\/\/euapp01.newsmemory.com\/lamarseillaise\/news\/wp-json\/wp\/v2\/media?parent=39244"}],"wp:term":[{"taxonomy":"category","embeddable":true,"href":"https:\/\/euapp01.newsmemory.com\/lamarseillaise\/news\/wp-json\/wp\/v2\/categories?post=39244"},{"taxonomy":"post_tag","embeddable":true,"href":"https:\/\/euapp01.newsmemory.com\/lamarseillaise\/news\/wp-json\/wp\/v2\/tags?post=39244"},{"taxonomy":"news-destination","embeddable":true,"href":"https:\/\/euapp01.newsmemory.com\/lamarseillaise\/news\/wp-json\/wp\/v2\/news-destination?post=39244"},{"taxonomy":"news-source","embeddable":true,"href":"https:\/\/euapp01.newsmemory.com\/lamarseillaise\/news\/wp-json\/wp\/v2\/news-source?post=39244"},{"taxonomy":"is_homepage","embeddable":true,"href":"https:\/\/euapp01.newsmemory.com\/lamarseillaise\/news\/wp-json\/wp\/v2\/is_homepage?post=39244"},{"taxonomy":"ta_other","embeddable":true,"href":"https:\/\/euapp01.newsmemory.com\/lamarseillaise\/news\/wp-json\/wp\/v2\/ta_other?post=39244"}],"curies":[{"name":"wp","href":"https:\/\/api.w.org\/{rel}","templated":true}]}}