{"id":39241,"date":"2026-08-13T07:49:00","date_gmt":"2026-08-13T05:49:00","guid":{"rendered":"https:\/\/euapp01.newsmemory.com\/lamarseillaise\/news\/?p=39241"},"modified":"2026-08-13T10:10:51","modified_gmt":"2026-08-13T08:10:51","slug":"cest-lete-jazz-et-classique-en-harmonie-aux-accords-de-cassis","status":"publish","type":"post","link":"https:\/\/euapp01.newsmemory.com\/lamarseillaise\/news\/2026\/08\/13\/cest-lete-jazz-et-classique-en-harmonie-aux-accords-de-cassis\/","title":{"rendered":"[C\u2019est l\u2019\u00e9t\u00e9] Jazz et classique en harmonie aux Accords de Cassis"},"content":{"rendered":"<div class=\"paragraph\">\n<p>\u00ab <i>J<\/i><i>\u2019<\/i><i>ai \u00e0 c\u0153ur de rassembler tout le monde<\/i>\u00a0\u00bb, d\u00e9clare Nicolas Dautricourt, violoniste professionnel et directeur artistique des Accords de Cassis. \u00ab\u00a0<i>La musique classique ou le jazz, \u00e7a peut faire peur \u00e0 un public non initi\u00e9, mon grand challenge, c\u2019est de r\u00e9ussir \u00e0 parler \u00e0 tout le monde<\/i><i>\u00a0<\/i>\u00bb, annonce-t-il. De Paul Lay, \u00ab\u00a0<i>une grosse pointure du piano jazz<\/i><i>\u00a0<\/i>\u00bb, \u00e0 Mozart, en passant par Bach, Schumann ou encore Dvor\u00e1k, le directeur artistique raconte \u00ab\u00a0<i>chercher chez les artistes, l\u2019\u0153uvre qui va captiver l\u2019auditoire du d\u00e9but \u00e0 la fin<\/i><i>\u00a0<\/i>\u00bb.<\/p>\n<\/p><\/div>\n<div class=\"intext\"> Quatre soir\u00e9es d\u2019exception\n              <\/div>\n<div class=\"paragraph\">\n<p>Ayant \u00e0 c\u0153ur de r\u00e9unir musiciens amateurs et professionnels au sein du festival, Nicolas Dautricourt explique proposer \u00ab\u00a0<i>un format assez unique avec des concerts de prestige le soir et, en journ\u00e9e dans les rues de Cassis, des concerts offerts aux passants par des musiciens amateurs b\u00e9n\u00e9voles<\/i>\u00a0\u00bb. Le soir, en attendant les artistes internationaux, des concerts \u00ab\u00a0Happy Hour\u00a0\u00bb seront \u00e9galement propos\u00e9s de 19h \u00e0 20h. C\u2019est l\u2019Orchestre des Colibris qui ouvrira le festival sur l\u2019esplanade Aristide-Briand, le mercredi 19\u00a0ao\u00fbt. \u00ab\u00a0<i>C\u2019est un petit orchestre coup de c\u0153ur, form\u00e9 par des jeunes sourds ou malentendants. Ils sont appareill\u00e9s pour la plupart d\u2019entre eux. Ils jouent tr\u00e8s bien, \u00e7a va \u00eatre magnifique<\/i>\u00a0\u00bb, s\u2019impatiente Nicolas Dautricourt.<\/p>\n<p>\u00ab\u00a0<i>Cette premi\u00e8re soir\u00e9e est presque 100% marseillaise<\/i>\u00a0\u00bb, se f\u00e9licite le directeur artistique pour qui \u00ab\u00a0<i>c\u2019est un effort symbolique d\u2019ouvrir le festival international avec des ensembles de la r\u00e9gion<\/i>\u00a0\u00bb. \u00ab\u00a0<i>Le but de ces quatre jours, c\u2019est que Cassis r\u00e9sonne de musiques festives, c\u2019est un festival tr\u00e8s \u00e9clectique, tr\u00e8s rassembleur aussi<\/i><i>\u00a0<\/i>\u00bb, se r\u00e9jouit Nicolas Dautricourt qui se dit \u00ab\u00a0<i>heureux et fier de ces moments de partage<\/i>\u00a0\u00bb.<\/p>\n<p>Le violoniste professionnel explique qu\u2019il s\u2019entoure de musiciens rencontr\u00e9s au \u00ab\u00a0<i>gr\u00e9 des festivals ici et l\u00e0. Ce sont tous des artistes internationaux tr\u00e8s reconnus, mais aussi des personnes qui s\u2019adressent au public<\/i>\u00a0\u00bb, se f\u00e9licite-t-il.<\/p>\n<p>\u00ab\u00a0<i>La derni\u00e8re soir\u00e9e sera festive, avec un final en feu d\u2019artifice<\/i><i>\u00a0<\/i><i>!<\/i><i>\u00a0<\/i>\u00bb, annonce Nicolas Dautricourt.<\/p>\n<p>Alors que les derniers pr\u00e9paratifs se mettent en place, le directeur artistique se r\u00e9jouit de retrouver le public\u00a0: \u00ab\u00a0<i>J\u2019ai l\u2019impression que les Cassidains attendent cet \u00e9v\u00e9nement, m\u00eame les jeunes. On se dit qu\u2019on ne travaille pas pour rien, \u00e7a fait vraiment plaisir<\/i><i>\u00a0<\/i>\u00bb, conclut-il avec fiert\u00e9.<\/p>\n<p><b>Andr\u00e9a Goyard-de Castro<\/b><\/p>\n<p><i>Renseignements : 06.12.28.65.93<\/i><\/p>\n<p><i>R\u00e9servations : <a rel=\"nofollow noopener noreferrer\" href=\"https:\/\/www.lesaccordsdecassis.fr\/\" target=\"_blank\">www.lesaccordsdecassis.fr<\/a><\/i><\/p>\n<\/p><\/div>\n","protected":false},"excerpt":{"rendered":"&laquo; J&rsquo;ai &agrave; c&oelig;ur de rassembler tout le monde&nbsp;&raquo;, d&eacute;clare Nicolas Dautricourt, violoniste professionnel et directeur artistique des Accords de Cassis. &laquo;&nbsp;La musique classique ou le jazz, &ccedil;a peut &#8230;","protected":false},"author":1,"featured_media":39242,"comment_status":"open","ping_status":"open","sticky":false,"template":"","format":"standard","meta":{"footnotes":""},"categories":[32],"tags":[1236,10,6085,929,400,397,1138,73,40,325,1310,3045,1324,1299],"news-destination":[],"news-source":[475],"is_homepage":[],"ta_other":[],"class_list":["post-39241","post","type-post","status-publish","format-standard","has-post-thumbnail","hentry","category-culture","tag-artistes","tag-bouches-du-rhone","tag-cest-lete","tag-cassis","tag-concerts","tag-festivals","tag-festivites","tag-international","tag-jazz","tag-musique","tag-musique-classique","tag-orchestre","tag-piano","tag-sourds","news-source-website"],"_links":{"self":[{"href":"https:\/\/euapp01.newsmemory.com\/lamarseillaise\/news\/wp-json\/wp\/v2\/posts\/39241","targetHints":{"allow":["GET"]}}],"collection":[{"href":"https:\/\/euapp01.newsmemory.com\/lamarseillaise\/news\/wp-json\/wp\/v2\/posts"}],"about":[{"href":"https:\/\/euapp01.newsmemory.com\/lamarseillaise\/news\/wp-json\/wp\/v2\/types\/post"}],"author":[{"embeddable":true,"href":"https:\/\/euapp01.newsmemory.com\/lamarseillaise\/news\/wp-json\/wp\/v2\/users\/1"}],"replies":[{"embeddable":true,"href":"https:\/\/euapp01.newsmemory.com\/lamarseillaise\/news\/wp-json\/wp\/v2\/comments?post=39241"}],"version-history":[{"count":1,"href":"https:\/\/euapp01.newsmemory.com\/lamarseillaise\/news\/wp-json\/wp\/v2\/posts\/39241\/revisions"}],"predecessor-version":[{"id":39243,"href":"https:\/\/euapp01.newsmemory.com\/lamarseillaise\/news\/wp-json\/wp\/v2\/posts\/39241\/revisions\/39243"}],"wp:featuredmedia":[{"embeddable":true,"href":"https:\/\/euapp01.newsmemory.com\/lamarseillaise\/news\/wp-json\/wp\/v2\/media\/39242"}],"wp:attachment":[{"href":"https:\/\/euapp01.newsmemory.com\/lamarseillaise\/news\/wp-json\/wp\/v2\/media?parent=39241"}],"wp:term":[{"taxonomy":"category","embeddable":true,"href":"https:\/\/euapp01.newsmemory.com\/lamarseillaise\/news\/wp-json\/wp\/v2\/categories?post=39241"},{"taxonomy":"post_tag","embeddable":true,"href":"https:\/\/euapp01.newsmemory.com\/lamarseillaise\/news\/wp-json\/wp\/v2\/tags?post=39241"},{"taxonomy":"news-destination","embeddable":true,"href":"https:\/\/euapp01.newsmemory.com\/lamarseillaise\/news\/wp-json\/wp\/v2\/news-destination?post=39241"},{"taxonomy":"news-source","embeddable":true,"href":"https:\/\/euapp01.newsmemory.com\/lamarseillaise\/news\/wp-json\/wp\/v2\/news-source?post=39241"},{"taxonomy":"is_homepage","embeddable":true,"href":"https:\/\/euapp01.newsmemory.com\/lamarseillaise\/news\/wp-json\/wp\/v2\/is_homepage?post=39241"},{"taxonomy":"ta_other","embeddable":true,"href":"https:\/\/euapp01.newsmemory.com\/lamarseillaise\/news\/wp-json\/wp\/v2\/ta_other?post=39241"}],"curies":[{"name":"wp","href":"https:\/\/api.w.org\/{rel}","templated":true}]}}