{"id":39238,"date":"2026-08-13T07:50:00","date_gmt":"2026-08-13T05:50:00","guid":{"rendered":"https:\/\/euapp01.newsmemory.com\/lamarseillaise\/news\/?p=39238"},"modified":"2026-08-13T10:10:51","modified_gmt":"2026-08-13T08:10:51","slug":"cest-lete-de-la-musique-electronique-au-theatre-antique-dorange","status":"publish","type":"post","link":"https:\/\/euapp01.newsmemory.com\/lamarseillaise\/news\/2026\/08\/13\/cest-lete-de-la-musique-electronique-au-theatre-antique-dorange\/","title":{"rendered":"[C\u2019est l\u2019\u00e9t\u00e9] De la musique \u00e9lectronique au th\u00e9\u00e2tre antique d\u2019Orange"},"content":{"rendered":"<div class=\"paragraph\">\n<p>C\u2019est la huiti\u00e8me ann\u00e9e que le Positiv Festival investit le Th\u00e9\u00e2tre antique d\u2019Orange. D\u00e9but ao\u00fbt, se sont produits Kool and the Gang et Fatal Bazooka. Ce week-end du 15\u00a0ao\u00fbt, des DJ fran\u00e7ais et internationaux viendront jouer sur la sc\u00e8ne vieille de 2\u00a0000\u00a0ans.<\/p>\n<p>Sur trois jours douze artistes se produiront. Boris Brejcha, connu \u00e0 l\u2019international, sera sur sc\u00e8ne vendredi. Le DJ allemand, c\u00e9l\u00e8bre pour porter des masques apr\u00e8s avoir \u00e9t\u00e9 br\u00fbl\u00e9 au visage lors d\u2019un accident, est cr\u00e9ateur de son propre genre, la \u00ab\u00a0<i>high-tech minimal<\/i><i>\u00a0<\/i>\u00bb. Le m\u00eame soir jouera Nicolas Cuer, originaire d\u2019Arles, connu pour sa techno hypnotique. Il est \u00e9galement fondateur et directeur artistique du Positiv Festival.<\/p>\n<\/p><\/div>\n<div class=\"intext\"> Des concerts<br \/>\n               <br \/>jusqu\u2019\u00e0 fin ao\u00fbt\n              <\/div>\n<div class=\"paragraph\">\n<p>Samedi soir, Charlotte de Witte sera sur sc\u00e8ne. Star mondiale de la techno contemporaine, pr\u00e9sente sur les plus grandes sc\u00e8nes, elle a sorti son dernier EP fin avril. Le lendemain, dimanche, c\u2019est Fisher qui prendra le relais. R\u00e9put\u00e9 pour son \u00e9nergie d\u00e9bordante et son humour, le DJ australien partagera avec le public sa musique house.<\/p>\n<p>Le festival fait aussi de la place aux artistes \u00e9mergents avec Venga. DJ et productrice fran\u00e7aise de tech house, elle mixe de mani\u00e8re permanente au R2 \u00e0 Marseille. Toujours dans l\u2019univers \u00e9lectro, le 22\u00a0ao\u00fbt, le DJ Apashe viendra jouer avec une formation symphonique. Le mois se terminera en beaut\u00e9 \u00e0 Orange, avec, le samedi 29\u00a0ao\u00fbt, Macklemore, artiste majeur de la sc\u00e8ne rap internationale.<\/p>\n<p>Avec plus de 40\u00a0000\u00a0spectateurs attendus, le festival ouvre ses portes \u00e0 18h, ce vendredi.<\/p>\n<p><b>Gabrielle Cartellier<\/b><\/p>\n<\/p><\/div>\n","protected":false},"excerpt":{"rendered":"C&rsquo;est la huiti&egrave;me ann&eacute;e que le Positiv Festival investit le Th&eacute;&acirc;tre antique d&rsquo;Orange. D&eacute;but ao&ucirc;t, se sont produits Kool and the Gang et Fatal Bazooka. Ce week-end du 15&nbsp;ao&ucirc;t, des DJ &#8230;","protected":false},"author":1,"featured_media":39239,"comment_status":"open","ping_status":"open","sticky":false,"template":"","format":"standard","meta":{"footnotes":""},"categories":[32],"tags":[6246,1236,6085,400,6156,1272,329,325,997,3189,2230,199,171],"news-destination":[],"news-source":[475],"is_homepage":[],"ta_other":[],"class_list":["post-39238","post","type-post","status-publish","format-standard","has-post-thumbnail","hentry","category-culture","tag-15-aout","tag-artistes","tag-cest-lete","tag-concerts","tag-dj","tag-electro","tag-festival","tag-musique","tag-programmation","tag-rap","tag-scene","tag-theatre-antique","tag-vaucluse","news-source-website"],"_links":{"self":[{"href":"https:\/\/euapp01.newsmemory.com\/lamarseillaise\/news\/wp-json\/wp\/v2\/posts\/39238","targetHints":{"allow":["GET"]}}],"collection":[{"href":"https:\/\/euapp01.newsmemory.com\/lamarseillaise\/news\/wp-json\/wp\/v2\/posts"}],"about":[{"href":"https:\/\/euapp01.newsmemory.com\/lamarseillaise\/news\/wp-json\/wp\/v2\/types\/post"}],"author":[{"embeddable":true,"href":"https:\/\/euapp01.newsmemory.com\/lamarseillaise\/news\/wp-json\/wp\/v2\/users\/1"}],"replies":[{"embeddable":true,"href":"https:\/\/euapp01.newsmemory.com\/lamarseillaise\/news\/wp-json\/wp\/v2\/comments?post=39238"}],"version-history":[{"count":1,"href":"https:\/\/euapp01.newsmemory.com\/lamarseillaise\/news\/wp-json\/wp\/v2\/posts\/39238\/revisions"}],"predecessor-version":[{"id":39240,"href":"https:\/\/euapp01.newsmemory.com\/lamarseillaise\/news\/wp-json\/wp\/v2\/posts\/39238\/revisions\/39240"}],"wp:featuredmedia":[{"embeddable":true,"href":"https:\/\/euapp01.newsmemory.com\/lamarseillaise\/news\/wp-json\/wp\/v2\/media\/39239"}],"wp:attachment":[{"href":"https:\/\/euapp01.newsmemory.com\/lamarseillaise\/news\/wp-json\/wp\/v2\/media?parent=39238"}],"wp:term":[{"taxonomy":"category","embeddable":true,"href":"https:\/\/euapp01.newsmemory.com\/lamarseillaise\/news\/wp-json\/wp\/v2\/categories?post=39238"},{"taxonomy":"post_tag","embeddable":true,"href":"https:\/\/euapp01.newsmemory.com\/lamarseillaise\/news\/wp-json\/wp\/v2\/tags?post=39238"},{"taxonomy":"news-destination","embeddable":true,"href":"https:\/\/euapp01.newsmemory.com\/lamarseillaise\/news\/wp-json\/wp\/v2\/news-destination?post=39238"},{"taxonomy":"news-source","embeddable":true,"href":"https:\/\/euapp01.newsmemory.com\/lamarseillaise\/news\/wp-json\/wp\/v2\/news-source?post=39238"},{"taxonomy":"is_homepage","embeddable":true,"href":"https:\/\/euapp01.newsmemory.com\/lamarseillaise\/news\/wp-json\/wp\/v2\/is_homepage?post=39238"},{"taxonomy":"ta_other","embeddable":true,"href":"https:\/\/euapp01.newsmemory.com\/lamarseillaise\/news\/wp-json\/wp\/v2\/ta_other?post=39238"}],"curies":[{"name":"wp","href":"https:\/\/api.w.org\/{rel}","templated":true}]}}