{"id":39229,"date":"2026-08-13T07:23:00","date_gmt":"2026-08-13T05:23:00","guid":{"rendered":"https:\/\/euapp01.newsmemory.com\/lamarseillaise\/news\/?p=39229"},"modified":"2026-08-13T10:10:51","modified_gmt":"2026-08-13T08:10:51","slug":"cest-lete-animation-et-concerts-pour-tous-a-hyeres","status":"publish","type":"post","link":"https:\/\/euapp01.newsmemory.com\/lamarseillaise\/news\/2026\/08\/13\/cest-lete-animation-et-concerts-pour-tous-a-hyeres\/","title":{"rendered":"[C\u2019est l\u2019\u00e9t\u00e9] Animation et concerts pour tous \u00e0 Hy\u00e8res"},"content":{"rendered":"<div class=\"paragraph\">\n<p>C\u2019est la derni\u00e8re des nuits blanches ce jeudi \u00e0 Hy\u00e8res. Plusieurs concerts, activit\u00e9s et animations gratuites sont mis en place par la ville \u00e0 partir de 18h. Tout est accessible aux enfants et sur la place Clemenceau il y a un parc et un man\u00e8ge.<\/p>\n<p>Le parcours des Arts sera ouvert jusqu\u2019\u00e0 minuit, toute la famille pourra d\u00e9couvrir des peintres, potiers et illustrateurs souhaitant montrer leurs ouvrages. Il est \u00e9galement possible de d\u00e9ambuler au March\u00e9 des cr\u00e9ateurs avec des artisans de la r\u00e9gion. Dans le m\u00eame temps, le groupe de percussions Bandasa\u00ef d\u00e9ambulera dans la ville. Les musiciens jouent des instruments traditionnels de la batucada de Rio de Janeiro et proposent une musique br\u00e9silienne aux influences de samba.<\/p>\n<\/p><\/div>\n<div class=\"intext\"> Une soir\u00e9e de concerts\n              <\/div>\n<div class=\"paragraph\">\n<p>Pour se restaurer, ce sera \u00e0 l\u2019espace gourmand, place de la R\u00e9publique. Sur cette m\u00eame place, le groupe Bigfoot jouera de la musique pour toutes les g\u00e9n\u00e9rations, de 21h \u00e0 23h30.<\/p>\n<p>Un autre th\u00e8me de soir\u00e9e est possible, place Oustaou Rou, avec une soir\u00e9e Ibiza.<\/p>\n<p>Le stationnement est rendu gratuit de 18h \u00e0 2h.<\/p>\n<p><b>Gabrielle Cartellier<\/b><\/p>\n<\/p><\/div>\n","protected":false},"excerpt":{"rendered":"C&rsquo;est la derni&egrave;re des nuits blanches ce jeudi &agrave; Hy&egrave;res. Plusieurs concerts, activit&eacute;s et animations gratuites sont mis en place par la ville &agrave; partir de 18h. Tout est accessible aux enfants et sur la place &#8230;","protected":false},"author":1,"featured_media":39230,"comment_status":"open","ping_status":"open","sticky":false,"template":"","format":"standard","meta":{"footnotes":""},"categories":[32],"tags":[1277,1059,3273,6085,400,1143,57,58,754,27,1134,325,31,720],"news-destination":[],"news-source":[475],"is_homepage":[],"ta_other":[],"class_list":["post-39229","post","type-post","status-publish","format-standard","has-post-thumbnail","hentry","category-culture","tag-animations","tag-arts","tag-bresil","tag-cest-lete","tag-concerts","tag-createurs","tag-enfants","tag-famille","tag-familles","tag-hyeres","tag-marche","tag-musique","tag-var","tag-ville","news-source-website"],"_links":{"self":[{"href":"https:\/\/euapp01.newsmemory.com\/lamarseillaise\/news\/wp-json\/wp\/v2\/posts\/39229","targetHints":{"allow":["GET"]}}],"collection":[{"href":"https:\/\/euapp01.newsmemory.com\/lamarseillaise\/news\/wp-json\/wp\/v2\/posts"}],"about":[{"href":"https:\/\/euapp01.newsmemory.com\/lamarseillaise\/news\/wp-json\/wp\/v2\/types\/post"}],"author":[{"embeddable":true,"href":"https:\/\/euapp01.newsmemory.com\/lamarseillaise\/news\/wp-json\/wp\/v2\/users\/1"}],"replies":[{"embeddable":true,"href":"https:\/\/euapp01.newsmemory.com\/lamarseillaise\/news\/wp-json\/wp\/v2\/comments?post=39229"}],"version-history":[{"count":1,"href":"https:\/\/euapp01.newsmemory.com\/lamarseillaise\/news\/wp-json\/wp\/v2\/posts\/39229\/revisions"}],"predecessor-version":[{"id":39231,"href":"https:\/\/euapp01.newsmemory.com\/lamarseillaise\/news\/wp-json\/wp\/v2\/posts\/39229\/revisions\/39231"}],"wp:featuredmedia":[{"embeddable":true,"href":"https:\/\/euapp01.newsmemory.com\/lamarseillaise\/news\/wp-json\/wp\/v2\/media\/39230"}],"wp:attachment":[{"href":"https:\/\/euapp01.newsmemory.com\/lamarseillaise\/news\/wp-json\/wp\/v2\/media?parent=39229"}],"wp:term":[{"taxonomy":"category","embeddable":true,"href":"https:\/\/euapp01.newsmemory.com\/lamarseillaise\/news\/wp-json\/wp\/v2\/categories?post=39229"},{"taxonomy":"post_tag","embeddable":true,"href":"https:\/\/euapp01.newsmemory.com\/lamarseillaise\/news\/wp-json\/wp\/v2\/tags?post=39229"},{"taxonomy":"news-destination","embeddable":true,"href":"https:\/\/euapp01.newsmemory.com\/lamarseillaise\/news\/wp-json\/wp\/v2\/news-destination?post=39229"},{"taxonomy":"news-source","embeddable":true,"href":"https:\/\/euapp01.newsmemory.com\/lamarseillaise\/news\/wp-json\/wp\/v2\/news-source?post=39229"},{"taxonomy":"is_homepage","embeddable":true,"href":"https:\/\/euapp01.newsmemory.com\/lamarseillaise\/news\/wp-json\/wp\/v2\/is_homepage?post=39229"},{"taxonomy":"ta_other","embeddable":true,"href":"https:\/\/euapp01.newsmemory.com\/lamarseillaise\/news\/wp-json\/wp\/v2\/ta_other?post=39229"}],"curies":[{"name":"wp","href":"https:\/\/api.w.org\/{rel}","templated":true}]}}