{"id":39226,"date":"2026-08-13T07:20:00","date_gmt":"2026-08-13T05:20:00","guid":{"rendered":"https:\/\/euapp01.newsmemory.com\/lamarseillaise\/news\/?p=39226"},"modified":"2026-08-13T10:06:37","modified_gmt":"2026-08-13T08:06:37","slug":"cest-lete-visite-guidee-de-la-centrale-edf-a-demandolx","status":"publish","type":"post","link":"https:\/\/euapp01.newsmemory.com\/lamarseillaise\/news\/2026\/08\/13\/cest-lete-visite-guidee-de-la-centrale-edf-a-demandolx\/","title":{"rendered":"[C\u2019est l\u2019\u00e9t\u00e9] Visite guid\u00e9e de la centrale EDF \u00e0 Demandolx"},"content":{"rendered":"<div class=\"paragraph\">\n<p>Au cours d\u2019une visite accompagn\u00e9e par le personnel d\u2019EDF, visitez les coulisses de la production d\u2019\u00e9lectricit\u00e9 renouvelable \u00e0 la centrale EDF de Chaudanne.<\/p>\n<\/p><\/div>\n<div class=\"paragraph\">\n<p><i>De 9h30 \u00e0 16h30.<\/i><\/p>\n<p><i>D\u00e9part toutes les 30 minutes.<\/i><\/p>\n<p><i>Gratuit.<\/i><\/p>\n<p><i>D\u00e8s 12 ans.<\/i><\/p>\n<\/p><\/div>\n","protected":false},"excerpt":{"rendered":"Au cours d&rsquo;une visite accompagn&eacute;e par le personnel d&rsquo;EDF, visitez les coulisses de la production d&rsquo;&eacute;lectricit&eacute; renouvelable &agrave; la centrale EDF de Chaudanne.De 9h30 &agrave; 16h30.D&eacute;part toutes les &#8230;","protected":false},"author":1,"featured_media":39227,"comment_status":"open","ping_status":"open","sticky":false,"template":"","format":"standard","meta":{"footnotes":""},"categories":[20],"tags":[2873,4768,4467,6085,532,1026,1318,55,61],"news-destination":[],"news-source":[475],"is_homepage":[],"ta_other":[],"class_list":["post-39226","post","type-post","status-publish","format-standard","has-post-thumbnail","hentry","category-societe","tag-activites-de-loisirs","tag-alpes","tag-alpes-de-haute-provence","tag-cest-lete","tag-edf","tag-electricite","tag-guide","tag-loisirs","tag-visite","news-source-website"],"_links":{"self":[{"href":"https:\/\/euapp01.newsmemory.com\/lamarseillaise\/news\/wp-json\/wp\/v2\/posts\/39226","targetHints":{"allow":["GET"]}}],"collection":[{"href":"https:\/\/euapp01.newsmemory.com\/lamarseillaise\/news\/wp-json\/wp\/v2\/posts"}],"about":[{"href":"https:\/\/euapp01.newsmemory.com\/lamarseillaise\/news\/wp-json\/wp\/v2\/types\/post"}],"author":[{"embeddable":true,"href":"https:\/\/euapp01.newsmemory.com\/lamarseillaise\/news\/wp-json\/wp\/v2\/users\/1"}],"replies":[{"embeddable":true,"href":"https:\/\/euapp01.newsmemory.com\/lamarseillaise\/news\/wp-json\/wp\/v2\/comments?post=39226"}],"version-history":[{"count":1,"href":"https:\/\/euapp01.newsmemory.com\/lamarseillaise\/news\/wp-json\/wp\/v2\/posts\/39226\/revisions"}],"predecessor-version":[{"id":39228,"href":"https:\/\/euapp01.newsmemory.com\/lamarseillaise\/news\/wp-json\/wp\/v2\/posts\/39226\/revisions\/39228"}],"wp:featuredmedia":[{"embeddable":true,"href":"https:\/\/euapp01.newsmemory.com\/lamarseillaise\/news\/wp-json\/wp\/v2\/media\/39227"}],"wp:attachment":[{"href":"https:\/\/euapp01.newsmemory.com\/lamarseillaise\/news\/wp-json\/wp\/v2\/media?parent=39226"}],"wp:term":[{"taxonomy":"category","embeddable":true,"href":"https:\/\/euapp01.newsmemory.com\/lamarseillaise\/news\/wp-json\/wp\/v2\/categories?post=39226"},{"taxonomy":"post_tag","embeddable":true,"href":"https:\/\/euapp01.newsmemory.com\/lamarseillaise\/news\/wp-json\/wp\/v2\/tags?post=39226"},{"taxonomy":"news-destination","embeddable":true,"href":"https:\/\/euapp01.newsmemory.com\/lamarseillaise\/news\/wp-json\/wp\/v2\/news-destination?post=39226"},{"taxonomy":"news-source","embeddable":true,"href":"https:\/\/euapp01.newsmemory.com\/lamarseillaise\/news\/wp-json\/wp\/v2\/news-source?post=39226"},{"taxonomy":"is_homepage","embeddable":true,"href":"https:\/\/euapp01.newsmemory.com\/lamarseillaise\/news\/wp-json\/wp\/v2\/is_homepage?post=39226"},{"taxonomy":"ta_other","embeddable":true,"href":"https:\/\/euapp01.newsmemory.com\/lamarseillaise\/news\/wp-json\/wp\/v2\/ta_other?post=39226"}],"curies":[{"name":"wp","href":"https:\/\/api.w.org\/{rel}","templated":true}]}}