{"id":39211,"date":"2026-08-13T06:50:01","date_gmt":"2026-08-13T04:50:01","guid":{"rendered":"https:\/\/euapp01.newsmemory.com\/lamarseillaise\/news\/?p=39211"},"modified":"2026-08-13T10:06:37","modified_gmt":"2026-08-13T08:06:37","slug":"nicolas-rouger-est-pret-pour-reprendre-la-route-du-rhum","status":"publish","type":"post","link":"https:\/\/euapp01.newsmemory.com\/lamarseillaise\/news\/2026\/08\/13\/nicolas-rouger-est-pret-pour-reprendre-la-route-du-rhum\/","title":{"rendered":"Nicolas Rouger est pr\u00eat pour reprendre la Route du Rhum"},"content":{"rendered":"<div class=\"paragraph\">\n<p>Demain, c\u2019est loin\u00a0! Derri\u00e8re cette phrase, se cache la renaissance d\u2019un projet fou.<\/p>\n<p>Celui de Nicolas Rouger, qui r\u00eave d\u2019\u00eatre le premier Marseillais \u00e0 s\u2019aligner sur le Vend\u00e9e globe. Sa pr\u00e9sence au d\u00e9part de la Route du Rhum aurait d\u00fb, logiquement, lui permettre d\u2019encha\u00eener sur le tour du Monde sans assistance ni escale. \u00ab\u00a0<i>Mais il y a eu la poisse qui s\u2019est m\u00eal\u00e9e \u00e0 tout \u00e7a et j\u2019ai d\u00fb laisser tomber<\/i><i>\u00a0<\/i>\u00bb, se souvient-il.<\/p>\n<p>Apr\u00e8s avoir r\u00e9ussi la travers\u00e9e de l\u2019Atlantique et ramen\u00e9 son bateau au pays, \u00ab\u00a0<i>dans des conditions compliqu\u00e9es<\/i><i>\u00a0<\/i>\u00bb, un naufrage a eu raison de ses chances d\u2019\u00eatre au d\u00e9part des Sables d\u2019Olonne. Certains auraient renonc\u00e9. Pas lui. \u00ab\u00a0<i>C\u2019est une course dans le Mont Blanc, avec un pote gendarme de haute montagne qui a trouv\u00e9 les bons mots, que j\u2019ai compris qu\u2019il fallait repartir<\/i><i>\u00a0<\/i>\u00bb.<\/p>\n<p>Nicolas s\u2019est mis en qu\u00eate d\u2019un nouveau bateau, avec l\u2019envie intacte de se surpasser. Et de faire de sa travers\u00e9e \u00e0 venir un \u00e9v\u00e9nement hors normes. \u00ab\u00a0<i>Je me devais de trouver des partenaires, pour boucler le budget. Le premier \u00e0 dire oui me suit depuis quarante ans. D\u2019autres amis m\u2019ont pouss\u00e9.<\/i><i>\u00a0<\/i>\u00bb<\/p>\n<\/p><\/div>\n<div class=\"intext\"> Convention acad\u00e9mique\n              <\/div>\n<div class=\"paragraph\">\n<p>Parmi ceux qui ont rendu possible ce retour sur l\u2019oc\u00e9an, il y en a deux que l\u2019on n\u2019attendait pas sur un tel terrain. \u00ab\u00a0<i>Les membres du groupe IAM et le graphiste Herv\u00e9 Di<\/i><i>\u00a0<\/i><i>Rosa m\u2019ont rejoint. Leur pr\u00e9sence va rendre un peu rock\u2019n\u2019roll ma participation \u00e0 la Route du Rhum<\/i><i>\u00a0<\/i>\u00bb, clame Nicolas Rouger.<\/p>\n<p>D\u2019autant plus que sa voile sera le support d\u2019une \u0153uvre originale r\u00e9alis\u00e9e par Herv\u00e9 Di\u00a0Rosa. Et dont les partenaires qui rejoindront l\u2019aventure r\u00e9cup\u00e9reront un morceau, lorsque le skipper sera all\u00e9 au bout de son projet sportif. L\u2019occasion de s\u2019offrir une authentique \u0153uvre d\u2019art pour 20\u00a0000\u00a0euros.<\/p>\n<p>Un autre partenaire surprise s\u2019est manifest\u00e9. \u00ab\u00a0<i>Le Recteur de l\u2019Acad\u00e9mie Aix-Marseille m\u2019a propos\u00e9 une convention<\/i><i>\u00a0<\/i>\u00bb. \u00c0 chaque escale marseillaise, son <i>Demain c\u2019est loin<\/i> sera ouvert aux \u00e9l\u00e8ves pour leur faire d\u00e9couvrir l\u2019univers marin. \u00ab\u00a0<i>C\u2019est une fiert\u00e9 de pouvoir leur montrer les capacit\u00e9s qu\u2019offre la mer en mati\u00e8re de formation.<\/i><i>\u00a0<\/i>\u00bb<\/p>\n<p>D\u2019ici l\u00e0, Nicolas Rouger va poursuivre sa pr\u00e9paration pour la Route du Rhum. \u00ab\u00a0<i>C\u2019est Michel Desjoyeaux qui m\u2019accueille pour pr\u00e9parer le bateau. Pour moi, c\u2019est un r\u00eave de travailler avec un tel marin<\/i><i>\u00a0<\/i>\u00bb. La travers\u00e9e Saint-Malo &#8211; Guadeloupe va lancer une dynamique qui doit l\u2019amener, enfin, dans les mers du Sud.<\/p>\n<\/p><\/div>\n<div class=\"paragraph\">\n<p><i><a rel=\"nofollow noopener noreferrer\" href=\"https:\/\/nicolasrouger.fr\/\" target=\"_blank\">https:\/\/nicolasrouger.fr<\/a><\/i><\/p>\n<\/p><\/div>\n","protected":false},"excerpt":{"rendered":"Demain, c&rsquo;est loin&nbsp;! Derri&egrave;re cette phrase, se cache la renaissance d&rsquo;un projet fou.","protected":false},"author":1,"featured_media":39212,"comment_status":"open","ping_status":"open","sticky":false,"template":"","format":"standard","meta":{"footnotes":""},"categories":[7],"tags":[10,239,16,5355,429,1198],"news-destination":[],"news-source":[475],"is_homepage":[],"ta_other":[],"class_list":["post-39211","post","type-post","status-publish","format-standard","has-post-thumbnail","hentry","category-sports","tag-bouches-du-rhone","tag-herault","tag-marseille","tag-route-du-rhum","tag-sete","tag-voile","news-source-website"],"_links":{"self":[{"href":"https:\/\/euapp01.newsmemory.com\/lamarseillaise\/news\/wp-json\/wp\/v2\/posts\/39211","targetHints":{"allow":["GET"]}}],"collection":[{"href":"https:\/\/euapp01.newsmemory.com\/lamarseillaise\/news\/wp-json\/wp\/v2\/posts"}],"about":[{"href":"https:\/\/euapp01.newsmemory.com\/lamarseillaise\/news\/wp-json\/wp\/v2\/types\/post"}],"author":[{"embeddable":true,"href":"https:\/\/euapp01.newsmemory.com\/lamarseillaise\/news\/wp-json\/wp\/v2\/users\/1"}],"replies":[{"embeddable":true,"href":"https:\/\/euapp01.newsmemory.com\/lamarseillaise\/news\/wp-json\/wp\/v2\/comments?post=39211"}],"version-history":[{"count":1,"href":"https:\/\/euapp01.newsmemory.com\/lamarseillaise\/news\/wp-json\/wp\/v2\/posts\/39211\/revisions"}],"predecessor-version":[{"id":39213,"href":"https:\/\/euapp01.newsmemory.com\/lamarseillaise\/news\/wp-json\/wp\/v2\/posts\/39211\/revisions\/39213"}],"wp:featuredmedia":[{"embeddable":true,"href":"https:\/\/euapp01.newsmemory.com\/lamarseillaise\/news\/wp-json\/wp\/v2\/media\/39212"}],"wp:attachment":[{"href":"https:\/\/euapp01.newsmemory.com\/lamarseillaise\/news\/wp-json\/wp\/v2\/media?parent=39211"}],"wp:term":[{"taxonomy":"category","embeddable":true,"href":"https:\/\/euapp01.newsmemory.com\/lamarseillaise\/news\/wp-json\/wp\/v2\/categories?post=39211"},{"taxonomy":"post_tag","embeddable":true,"href":"https:\/\/euapp01.newsmemory.com\/lamarseillaise\/news\/wp-json\/wp\/v2\/tags?post=39211"},{"taxonomy":"news-destination","embeddable":true,"href":"https:\/\/euapp01.newsmemory.com\/lamarseillaise\/news\/wp-json\/wp\/v2\/news-destination?post=39211"},{"taxonomy":"news-source","embeddable":true,"href":"https:\/\/euapp01.newsmemory.com\/lamarseillaise\/news\/wp-json\/wp\/v2\/news-source?post=39211"},{"taxonomy":"is_homepage","embeddable":true,"href":"https:\/\/euapp01.newsmemory.com\/lamarseillaise\/news\/wp-json\/wp\/v2\/is_homepage?post=39211"},{"taxonomy":"ta_other","embeddable":true,"href":"https:\/\/euapp01.newsmemory.com\/lamarseillaise\/news\/wp-json\/wp\/v2\/ta_other?post=39211"}],"curies":[{"name":"wp","href":"https:\/\/api.w.org\/{rel}","templated":true}]}}