{"id":39208,"date":"2026-08-13T06:51:00","date_gmt":"2026-08-13T04:51:00","guid":{"rendered":"https:\/\/euapp01.newsmemory.com\/lamarseillaise\/news\/?p=39208"},"modified":"2026-08-20T07:55:57","modified_gmt":"2026-08-20T05:55:57","slug":"en-mer-les-forces-de-police-veillent-a-la-securite-de-tous","status":"publish","type":"post","link":"https:\/\/euapp01.newsmemory.com\/lamarseillaise\/news\/2026\/08\/13\/en-mer-les-forces-de-police-veillent-a-la-securite-de-tous\/","title":{"rendered":"En mer, les forces de police veillent \u00e0 la s\u00e9curit\u00e9 de tous"},"content":{"rendered":"<div class=\"paragraph\">\n<p>Police nationale et municipale, gendarmerie, affaires maritimes, parc national des calanques&#8230; Tout le monde s\u2019est mobilis\u00e9 ce mercredi 12\u00a0ao\u00fbt sous la houlette de l\u2019\u00c9tat pour une vaste op\u00e9ration de s\u00e9curit\u00e9 en mer. La 3<sup>e<\/sup>\u00a0depuis le d\u00e9but de la saison estivale. Le but\u00a0: sensibiliser les usagers aux comportements ad\u00e9quats. Dans le viseur notamment, les exc\u00e8s de vitesse des plaisanciers mais pas que&#8230;<\/p>\n<p>Au d\u00e9part du Fort Saint-Jean, sur un des deux bateaux arm\u00e9s par la brigade maritime de la police municipale, Guillaume, Anis et Carine font dans la pr\u00e9vention et la p\u00e9dagogie. \u00ab\u00a0<i>Au remous que les navires laissent dans leur sillage, on est capable d\u2019\u00e9valuer la vitesse&#8230;<\/i><i>\u00a0<\/i>\u00bb explique Anis. Vitesse limit\u00e9e \u00e0 5\u00a0n\u0153uds \u00e0 300\u00a0m\u00e8tres des c\u00f4tes.<\/p>\n<p>Aux abords du Frioul, ce couple un poil trop v\u00e9loce et qui le reconna\u00eet volontiers. \u00ab\u00a0<i>Je suis pass\u00e9 rapide, il y avait la navette<\/i>\u00a0\u00bb, argumente le pilote pas franchement soutenu par son \u00e9pouse. \u00ab\u00a0<i>Je lui ai dit qu\u2019il allait trop vite, il y a des gens l\u00e0 sous l\u2019eau<\/i><i>\u00a0<\/i>\u00bb, indique-t-elle. Gilets de sauvetages, deuxi\u00e8me coupe-circuit, fus\u00e9es de d\u00e9tresse, extincteur, les policiers lui demandent de tout sortir. Il s\u2019en tirera avec des recommandations. \u00ab\u00a0<i>J\u2019ai \u00e9t\u00e9 n\u00e9gligent<\/i><i>\u00a0<\/i>\u00bb, convient-il, \u00ab\u00a0<i>\u00e7a lui fera une piq\u00fbre de rappel<\/i>\u00a0\u00bb, poursuit sa femme.<\/p>\n<\/p><\/div>\n<div class=\"intext\"> Les paddlers pr\u00e9sument de leurs forces\n              <\/div>\n<div class=\"paragraph\">\n<p>Direction la petite plage du Morgiret. \u00ab\u00a0<i>On v\u00e9rifie que les navires mouillent dans les zones d\u00e9limit\u00e9es par les bou\u00e9es, cela \u00e9vite d\u2019arracher les posidonies<\/i>\u00a0\u00bb, pr\u00e9cise Guillaume. Et en cas de manquement, \u00ab\u00a0<i>cela peut co\u00fbter plusieurs milliers d\u2019euros<\/i><i>\u00a0<\/i>\u00bb, ajoute Anis. Entre deux baigneurs, un paddler se fraie un chemin. Une vraie probl\u00e9matique cet \u00e9t\u00e9 pour les garants de la s\u00e9curit\u00e9 en mer. \u00ab\u00a0<i>Depuis le d\u00e9but de la saison, nous avons aid\u00e9 30<\/i><i>\u00a0<\/i><i>personnes<\/i>\u00a0\u00bb se d\u00e9sole Carine, \u00ab\u00a0<i>les gens partent et ne regardent pas la m\u00e9t\u00e9o, le vent tourne, ils n\u2019arrivent pas \u00e0 revenir et s\u2019\u00e9puisent<\/i><i>\u00a0<\/i>\u00bb.<\/p>\n<p>Il y a aussi ce p\u00e8re de famille qui saute avec son fiston et sa gamine depuis les rochers. \u00ab\u00a0<i>Monsieur, vous \u00eates champions de saut<\/i><i>\u00a0<\/i><i>? Non hein c\u2019est bien ce qu\u2019il me semblait<\/i><i>\u00a0<\/i>\u00bb, l\u2019interpelle Anis qui rappelle que se jeter des rochers est interdit par arr\u00eat\u00e9 municipal sur tout le littoral marseillais. Quelques jours auparavant, deux jeunes Grenoblois qui ont pass\u00e9 outre sur la digue des Catalans, ont \u00e9t\u00e9 hospitalis\u00e9s. \u00ab\u00a0<i>L\u2019un d\u2019entre eux saignait \u00e0 la t\u00eate et ne sentait plus ses jambes<\/i>\u00a0\u00bb, raconte Carine.<\/p>\n<p>\u00c0 quelques encablures, un navire arrive \u00e0 fond. Il faudra que la brigade le prenne en chasse pour qu\u2019il coupe les gaz. Sur les genoux d\u2019un des passagers, une petite fille sans gilet de sauvetage. La mauvaise gr\u00e2ce du pilote, pourtant cadre dans les chantiers navals, finit d\u2019agacer les policiers qui ne laissent pas passer. Il sera convoqu\u00e9 \u00e0 la DDTM (Direction d\u00e9partementale des territoires et de la mer). Pris \u00e0 18\u00a0n\u0153uds pour\u00a05, soit environ 33\u00a0km\/h pour\u00a010, il risque une amende voire un retrait de permis&#8230;<\/p>\n<\/p><\/div>\n","protected":false},"excerpt":{"rendered":"Police nationale et municipale, gendarmerie, affaires maritimes, parc national des calanques&#8230; Tout le monde s&rsquo;est mobilis&eacute; ce mercredi 12&nbsp;ao&ucirc;t sous la houlette de l&rsquo;&Eacute;tat pour une vaste op&eacute;ration de &#8230;","protected":false},"author":1,"featured_media":39209,"comment_status":"open","ping_status":"open","sticky":false,"template":"","format":"standard","meta":{"footnotes":""},"categories":[3926,3925,20],"tags":[1222,659,10,3137,1436,3136,660,58,1798,59,109,2800,16,1202,1460,1404,3694,658,734,1977,1699,3135,111,2396,2674],"news-destination":[3944],"news-source":[475],"is_homepage":[],"ta_other":[],"class_list":["post-39208","post","type-post","status-publish","format-standard","has-post-thumbnail","hentry","category-accueil-merge","category-accueil-third","category-societe","tag-bateau","tag-bateaux","tag-bouches-du-rhone","tag-brigade-maritime","tag-calanques","tag-catalans","tag-cote","tag-famille","tag-gendarmerie","tag-jeunes","tag-littoral","tag-loi","tag-marseille","tag-meteo","tag-navires","tag-parc-national","tag-plage","tag-plaisanciers","tag-police-municipale","tag-police-nationale","tag-policiers","tag-sauvetage","tag-securite","tag-usagers","tag-vent","news-destination-homepage","news-source-website"],"_links":{"self":[{"href":"https:\/\/euapp01.newsmemory.com\/lamarseillaise\/news\/wp-json\/wp\/v2\/posts\/39208","targetHints":{"allow":["GET"]}}],"collection":[{"href":"https:\/\/euapp01.newsmemory.com\/lamarseillaise\/news\/wp-json\/wp\/v2\/posts"}],"about":[{"href":"https:\/\/euapp01.newsmemory.com\/lamarseillaise\/news\/wp-json\/wp\/v2\/types\/post"}],"author":[{"embeddable":true,"href":"https:\/\/euapp01.newsmemory.com\/lamarseillaise\/news\/wp-json\/wp\/v2\/users\/1"}],"replies":[{"embeddable":true,"href":"https:\/\/euapp01.newsmemory.com\/lamarseillaise\/news\/wp-json\/wp\/v2\/comments?post=39208"}],"version-history":[{"count":1,"href":"https:\/\/euapp01.newsmemory.com\/lamarseillaise\/news\/wp-json\/wp\/v2\/posts\/39208\/revisions"}],"predecessor-version":[{"id":39210,"href":"https:\/\/euapp01.newsmemory.com\/lamarseillaise\/news\/wp-json\/wp\/v2\/posts\/39208\/revisions\/39210"}],"wp:featuredmedia":[{"embeddable":true,"href":"https:\/\/euapp01.newsmemory.com\/lamarseillaise\/news\/wp-json\/wp\/v2\/media\/39209"}],"wp:attachment":[{"href":"https:\/\/euapp01.newsmemory.com\/lamarseillaise\/news\/wp-json\/wp\/v2\/media?parent=39208"}],"wp:term":[{"taxonomy":"category","embeddable":true,"href":"https:\/\/euapp01.newsmemory.com\/lamarseillaise\/news\/wp-json\/wp\/v2\/categories?post=39208"},{"taxonomy":"post_tag","embeddable":true,"href":"https:\/\/euapp01.newsmemory.com\/lamarseillaise\/news\/wp-json\/wp\/v2\/tags?post=39208"},{"taxonomy":"news-destination","embeddable":true,"href":"https:\/\/euapp01.newsmemory.com\/lamarseillaise\/news\/wp-json\/wp\/v2\/news-destination?post=39208"},{"taxonomy":"news-source","embeddable":true,"href":"https:\/\/euapp01.newsmemory.com\/lamarseillaise\/news\/wp-json\/wp\/v2\/news-source?post=39208"},{"taxonomy":"is_homepage","embeddable":true,"href":"https:\/\/euapp01.newsmemory.com\/lamarseillaise\/news\/wp-json\/wp\/v2\/is_homepage?post=39208"},{"taxonomy":"ta_other","embeddable":true,"href":"https:\/\/euapp01.newsmemory.com\/lamarseillaise\/news\/wp-json\/wp\/v2\/ta_other?post=39208"}],"curies":[{"name":"wp","href":"https:\/\/api.w.org\/{rel}","templated":true}]}}