{"id":39205,"date":"2026-08-13T06:53:00","date_gmt":"2026-08-13T04:53:00","guid":{"rendered":"https:\/\/euapp01.newsmemory.com\/lamarseillaise\/news\/?p=39205"},"modified":"2026-08-20T07:55:57","modified_gmt":"2026-08-20T05:55:57","slug":"a-lestaque-les-familles-sinistrees-de-chateau-bovis-dans-limpasse","status":"publish","type":"post","link":"https:\/\/euapp01.newsmemory.com\/lamarseillaise\/news\/2026\/08\/13\/a-lestaque-les-familles-sinistrees-de-chateau-bovis-dans-limpasse\/","title":{"rendered":"\u00c0 L\u2019Estaque, les familles sinistr\u00e9es de Ch\u00e2teau Bovis dans l\u2019impasse"},"content":{"rendered":"<div class=\"paragraph\">\n<p>Du petit immeuble \u00e0 coursi\u00e8res construit en\u00a01880 par le n\u00e9gociant en bois P\u00e9pin Bovis et class\u00e9 \u00e0 l\u2019inventaire g\u00e9n\u00e9ral du patrimoine culturel il ne reste plus grand-chose. Locataires depuis des lustres de ces logements \u00e0 loyers sociaux, les familles sinistr\u00e9es se sont relog\u00e9es dans des mobil-homes sur un terrain en contrebas mis \u00e0 disposition par la Ville.<\/p>\n<p>La solidarit\u00e9 a jou\u00e9 dans le quartier, puis les familles ont rapidement investi dans des mobil-homes et les ont am\u00e9nag\u00e9s, essuyant encore les inondations de septembre. En un an, la vie s\u2019est r\u00e9organis\u00e9e dans ce mini-village provisoire. Mais les traumatismes restent vifs et l\u2019avenir incertain. \u00ab\u00a0<i>J\u2019en r\u00eave encore la nuit<\/i>\u00a0\u00bb, explique Anne-Marie Lacroix, 64\u00a0ans. Pourtant, venue habiter Ch\u00e2teau Bovis \u00ab\u00a0<i>\u00e0 l\u2019\u00e2ge de 10 ans<\/i>\u00a0\u00bb, elle souhaite comme les autres locataires \u00ab\u00a0<i>retourner vivre l\u00e0 o\u00f9 on a fait notre vie<\/i>\u00a0\u00bb. Une ombre s\u00e9rieuse se dresse encore devant l\u2019espoir de ces familles. Anne-Marie d\u00e9plie une assignation dat\u00e9e du 1<sup>er<\/sup>\u00a0juin \u00e0 compara\u00eetre devant le tribunal judiciaire de Marseille le 4\u00a0mai 2027. Une requ\u00eate de la SCI en vue d\u2019une expulsion du logement sinistr\u00e9 d\u2019o\u00f9 elle a \u00e9t\u00e9 \u00e9vacu\u00e9e. Chaque locataire a re\u00e7u la m\u00eame notification.<\/p>\n<p>\u00ab\u00a0<i>Les locataires ont d\u00e9j\u00e0 un contentieux judiciaire avec ce propri\u00e9taire. Nous avons contest\u00e9 des factures d\u2019eau faramineuses<\/i>\u00a0\u00bb pr\u00e9cise Jennifer, sa fille, \u00e9galement locataire. Propri\u00e9taire depuis\u00a02018, via la SCI Terrasse Bourguignon, Bruno Junes \u00e9voque un passif h\u00e9rit\u00e9 de l\u2019ancienne gestion. Il se dit \u00ab\u00a0<i>touch\u00e9 par la situation des sinistr\u00e9s<\/i><i>\u00a0<\/i>\u00bb. Mais l\u2019entrepreneur cannois d\u00e9plore \u00ab\u00a0<i>80<\/i><i>\u00a0<\/i><i>000<\/i><i>\u00a0<\/i><i>euros d\u2019impay\u00e9s de charges et loyers<\/i><i>\u00a0<\/i>\u00bb.<\/p>\n<\/p><\/div>\n<div class=\"intext\"> Restitution des cl\u00e9s\n              <\/div>\n<div class=\"paragraph\">\n<p>Il n\u2019a pas cherch\u00e9 \u00e0 organiser leur relogement retranch\u00e9 derri\u00e8re l\u2019article\u00a01722 du Code civil qui stipule \u00ab\u00a0<i>Si, pendant la dur\u00e9e du bail, la chose lou\u00e9e est d\u00e9truite en totalit\u00e9 par cas fortuit, le bail est r\u00e9sili\u00e9 de plein droit<\/i><i>\u00a0<\/i>\u00bb. Et il r\u00e9clame aujourd\u2019hui \u00e0 tous ses locataires \u00ab\u00a0<i>de restituer les cl\u00e9s<\/i><i>\u00a0<\/i>\u00bb.<\/p>\n<p>Les familles craignent que le propri\u00e9taire tire du sinistre un effet d\u2019aubaine pour \u00ab\u00a0<i>se d\u00e9barrasser de nous<\/i>\u00a0\u00bb, l\u00e2che un des sinistr\u00e9s. La tension est mont\u00e9e entre \u00ab<i>\u00a0<\/i><i>certaines familles<\/i><i>\u00a0<\/i>\u00bb et Bruno Junes, qui a d\u00e9pos\u00e9 une plainte<i> <\/i>\u00ab<i>\u00a0<\/i><i>pour menaces verbales et physiques<\/i><i>\u00a0<\/i>\u00bb. Quant \u00e0 l\u2019avenir du b\u00e2ti sur ce terrain \u00e0 la vue splendide, \u00ab\u00a0<i>je n\u2019ai aucune visibilit\u00e9<\/i><i>\u00a0<\/i>\u00bb, explique-t-il, d\u00e9plorant \u00ab\u00a0<i>la lenteur abjecte des assureurs et de l\u2019administration<\/i><i>\u00a0<\/i>\u00bb. Dans l\u2019attente d\u2019une solution p\u00e9renne, la Ville doit prolonger la convention d\u2019occupation. \u00ab\u00a0<i>Pas question de les laisser tomber<\/i>\u00a0\u00bb assure Jean-Marc Coppola, maire PCF du secteur.<\/p>\n<\/p><\/div>\n","protected":false},"excerpt":{"rendered":"Du petit immeuble &agrave; coursi&egrave;res construit en&nbsp;1880 par le n&eacute;gociant en bois P&eacute;pin Bovis et class&eacute; &agrave; l&rsquo;inventaire g&eacute;n&eacute;ral du patrimoine culturel il ne reste plus grand-chose. Locataires &#8230;","protected":false},"author":1,"featured_media":39206,"comment_status":"open","ping_status":"open","sticky":false,"template":"","format":"standard","meta":{"footnotes":""},"categories":[3926,3925,20],"tags":[2203,10,754,319,1306,1597,596,506,16,1406,2003,1743,99],"news-destination":[3944],"news-source":[475],"is_homepage":[],"ta_other":[],"class_list":["post-39205","post","type-post","status-publish","format-standard","has-post-thumbnail","hentry","category-accueil-merge","category-accueil-third","category-societe","tag-assurances","tag-bouches-du-rhone","tag-familles","tag-incendie","tag-jean-marc-coppola","tag-locataires","tag-logement","tag-logements-sociaux","tag-marseille","tag-relogement","tag-sinistres","tag-tribunal-judiciaire","tag-ville-de-marseille","news-destination-homepage","news-source-website"],"_links":{"self":[{"href":"https:\/\/euapp01.newsmemory.com\/lamarseillaise\/news\/wp-json\/wp\/v2\/posts\/39205","targetHints":{"allow":["GET"]}}],"collection":[{"href":"https:\/\/euapp01.newsmemory.com\/lamarseillaise\/news\/wp-json\/wp\/v2\/posts"}],"about":[{"href":"https:\/\/euapp01.newsmemory.com\/lamarseillaise\/news\/wp-json\/wp\/v2\/types\/post"}],"author":[{"embeddable":true,"href":"https:\/\/euapp01.newsmemory.com\/lamarseillaise\/news\/wp-json\/wp\/v2\/users\/1"}],"replies":[{"embeddable":true,"href":"https:\/\/euapp01.newsmemory.com\/lamarseillaise\/news\/wp-json\/wp\/v2\/comments?post=39205"}],"version-history":[{"count":1,"href":"https:\/\/euapp01.newsmemory.com\/lamarseillaise\/news\/wp-json\/wp\/v2\/posts\/39205\/revisions"}],"predecessor-version":[{"id":39207,"href":"https:\/\/euapp01.newsmemory.com\/lamarseillaise\/news\/wp-json\/wp\/v2\/posts\/39205\/revisions\/39207"}],"wp:featuredmedia":[{"embeddable":true,"href":"https:\/\/euapp01.newsmemory.com\/lamarseillaise\/news\/wp-json\/wp\/v2\/media\/39206"}],"wp:attachment":[{"href":"https:\/\/euapp01.newsmemory.com\/lamarseillaise\/news\/wp-json\/wp\/v2\/media?parent=39205"}],"wp:term":[{"taxonomy":"category","embeddable":true,"href":"https:\/\/euapp01.newsmemory.com\/lamarseillaise\/news\/wp-json\/wp\/v2\/categories?post=39205"},{"taxonomy":"post_tag","embeddable":true,"href":"https:\/\/euapp01.newsmemory.com\/lamarseillaise\/news\/wp-json\/wp\/v2\/tags?post=39205"},{"taxonomy":"news-destination","embeddable":true,"href":"https:\/\/euapp01.newsmemory.com\/lamarseillaise\/news\/wp-json\/wp\/v2\/news-destination?post=39205"},{"taxonomy":"news-source","embeddable":true,"href":"https:\/\/euapp01.newsmemory.com\/lamarseillaise\/news\/wp-json\/wp\/v2\/news-source?post=39205"},{"taxonomy":"is_homepage","embeddable":true,"href":"https:\/\/euapp01.newsmemory.com\/lamarseillaise\/news\/wp-json\/wp\/v2\/is_homepage?post=39205"},{"taxonomy":"ta_other","embeddable":true,"href":"https:\/\/euapp01.newsmemory.com\/lamarseillaise\/news\/wp-json\/wp\/v2\/ta_other?post=39205"}],"curies":[{"name":"wp","href":"https:\/\/api.w.org\/{rel}","templated":true}]}}