{"id":39202,"date":"2026-08-13T06:55:00","date_gmt":"2026-08-13T04:55:00","guid":{"rendered":"https:\/\/euapp01.newsmemory.com\/lamarseillaise\/news\/?p=39202"},"modified":"2026-08-20T07:55:57","modified_gmt":"2026-08-20T05:55:57","slug":"quand-lextreme-droite-cogne-a-poing-ferme-sur-la-culture","status":"publish","type":"post","link":"https:\/\/euapp01.newsmemory.com\/lamarseillaise\/news\/2026\/08\/13\/quand-lextreme-droite-cogne-a-poing-ferme-sur-la-culture\/","title":{"rendered":"Quand l\u2019extr\u00eame droite cogne \u00e0 poing ferm\u00e9 sur la culture"},"content":{"rendered":"<div class=\"paragraph\">\n<p>Lorsque l\u2019actualit\u00e9 se bouscule, il arrive qu\u2019on passe \u00e0 c\u00f4t\u00e9 d\u2019un des tr\u00e8s nombreux d\u00e9rapages des \u00e9lus d\u2019extr\u00eame droite du d\u00e9partement. Des loup\u00e9s que l\u2019\u00e9t\u00e9 nous permet de r\u00e9parer afin de ne pas laisser se ramollir la bataille des id\u00e9es. Et d\u00e9crypter ce qui se cache sous les anath\u00e8mes et les prises de position flattant les plus bas instincts.<\/p>\n<p>Ainsi lorsque le d\u00e9put\u00e9 RN de la circonscription de Draguignan Philippe Schreck, candidat heureusement battu aux municipales, \u00e9pingle le budget de fonctionnement du Mus\u00e9e des Beaux-Arts de Draguignan, il faut plus y voir un exercice de pure d\u00e9magogie plut\u00f4t qu\u2019un r\u00e9el souci pour les deniers publics. En brandissant des chiffres, ici 1,2\u00a0million d\u2019euros, pour, en vrai populiste, brandir le spectre d\u2019une culture \u00e9litiste devant les yeux de ceux qui pensent ne pas y avoir acc\u00e8s et que le Rassemblement national n\u2019a aucunement pour projet d\u2019\u00e9manciper. L\u2019objectif, met en garde l\u2019ancien maire PS de la ville, Christian Martin est de \u00ab\u00a0<i>choquer tel un triste \u00e9pouvantail ceux qui ne conna\u00eetraient pas encore ce mus\u00e9e ou penseraient \u00e0 tort qu\u2019il ne leur est pas destin\u00e9<\/i>\u00a0\u00bb.<\/p>\n<p>Alors m\u00eame si on conna\u00eet \u00ab\u00a0la finesse\u00a0\u00bb de ce parlementaire du parti \u00e0 la flamme qui a qualifi\u00e9 les juges qui ont condamn\u00e9 Marine Le\u00a0Pen de \u00ab\u00a0mollahs\u00a0\u00bb et appel\u00e9 avec toute la retenue qu\u2019on lui conna\u00eet, \u00e0 l\u2019insurrection, mieux vaut ne pas prendre \u00e0 l\u00e9g\u00e8re ses incantations, m\u00eame si cette fois il n\u2019appelle pas \u00e0 se soulever face \u00e0 \u00ab\u00a0<i>la dictature des<\/i> <i>juges<\/i><i>\u00a0<\/i>\u00bb. N\u2019emp\u00eache qu\u2019en disant \u00ab\u00a0tout le bien\u00a0\u00bb qu\u2019il pense du Mus\u00e9e des Beaux-Arts de Draguignan, un \u00e9quipement public dont la qualit\u00e9 est salu\u00e9e par la presse nationale, il exprime ses pr\u00e9f\u00e9rences pour une culture rance et sans aucune ambition, comme ses coreligionnaires, d\u2019ailleurs.<\/p>\n<\/p><\/div>\n<div class=\"intext\"> En pure d\u00e9magogie\n              <\/div>\n<div class=\"paragraph\">\n<p>On se souvient par exemple des violentes attaques en conseil municipal de Toulon par la d\u00e9put\u00e9e RN Laure Lavalette \u00e0 l\u2019encontre de la programmation du Th\u00e9\u00e2tre Libert\u00e9 et de son directeur d\u2019alors, l\u2019acteur et metteur en sc\u00e8ne Charles Berling. L\u00e0 aussi il \u00e9tait question de budget. \u00ab\u00a0<i>Non, nous ne sommes pas tous concern\u00e9s par ces th\u00e9ories naus\u00e9abondes&#8230; [par la] propagande LGBTQI [dispens\u00e9e] avec l\u2019argent du contribuable<\/i>\u00a0\u00bb, s\u2019immis\u00e7ait-elle.<\/p>\n<p>On sait que le Rassemblement national a une vision assez tr\u00e8s \u00e9triqu\u00e9e de la culture.<\/p>\n<p>Ici, ce qui est attaqu\u00e9 c\u2019est le co\u00fbt pour la collectivit\u00e9 d\u2019un mus\u00e9e qui collabore avec les plus grands \u00e9tablissements en France et \u00e0 l\u2019\u00e9tranger, qui lui pr\u00eatent des \u0153uvres majeures.<\/p>\n<p>Plut\u00f4t une aubaine, donc pour les habitants de ce territoire qui ont la possibilit\u00e9 de mieux conna\u00eetre leur patrimoine et de d\u00e9couvrir de nouvelles sensibilit\u00e9s artistiques, \u00e0 l\u2019instar de l\u2019exposition pr\u00e9sent\u00e9e actuellement (<i>Les Roches rouges<\/i>) qui magnifie la beaut\u00e9 de l\u2019Est\u00e9rel, insiste Christian Martin.<\/p>\n<p>Et puis si la critique porte sur son financement public, la billetterie ne couvrant que partiellement la vie de l\u2019\u00e9tablissement, il faut rappeler que \u00ab\u00a0<i>c\u2019est le cas des mus\u00e9es mais aussi des \u00e9coles, depuis que l\u2019enseignement est obligatoire, la\u00efc et gratuit<\/i>\u00a0\u00bb. Et on comprend comment l\u2019extr\u00eame droite entend \u00ab\u00a0investir\u00a0\u00bb dans l\u2019avenir.<\/p>\n<p>Une politique du sabre ultralib\u00e9raliste aux antipodes des int\u00e9r\u00eats des classes populaires, dans notre d\u00e9partement comme partout en France. Une imposture qu\u2019il est donc important de continuer \u00e0 d\u00e9noncer m\u00eame en plein c\u0153ur de l\u2019\u00e9t\u00e9.<\/p>\n<p>\u00c0 m\u00e9diter.<\/p>\n<\/p><\/div>\n","protected":false},"excerpt":{"rendered":"Lorsque l&rsquo;actualit&eacute; se bouscule, il arrive qu&rsquo;on passe &agrave; c&ocirc;t&eacute; d&rsquo;un des tr&egrave;s nombreux d&eacute;rapages des &eacute;lus d&rsquo;extr&ecirc;me droite du d&eacute;partement. Des loup&eacute;s que &#8230;","protected":false},"author":1,"featured_media":39203,"comment_status":"open","ping_status":"open","sticky":false,"template":"","format":"standard","meta":{"footnotes":""},"categories":[3926,3925,32,330,20],"tags":[685,1059,2458,453,395,441,163,153,439,137,1241,597,31],"news-destination":[3944],"news-source":[475],"is_homepage":[],"ta_other":[],"class_list":["post-39202","post","type-post","status-publish","format-standard","has-post-thumbnail","hentry","category-accueil-merge","category-accueil-third","category-culture","category-politique","category-societe","tag-argent-public","tag-arts","tag-beaux-arts","tag-deputes","tag-draguignan","tag-extreme-droite","tag-financement","tag-musee","tag-rn","tag-territoire","tag-theatre","tag-toulon","tag-var","news-destination-homepage","news-source-website"],"_links":{"self":[{"href":"https:\/\/euapp01.newsmemory.com\/lamarseillaise\/news\/wp-json\/wp\/v2\/posts\/39202","targetHints":{"allow":["GET"]}}],"collection":[{"href":"https:\/\/euapp01.newsmemory.com\/lamarseillaise\/news\/wp-json\/wp\/v2\/posts"}],"about":[{"href":"https:\/\/euapp01.newsmemory.com\/lamarseillaise\/news\/wp-json\/wp\/v2\/types\/post"}],"author":[{"embeddable":true,"href":"https:\/\/euapp01.newsmemory.com\/lamarseillaise\/news\/wp-json\/wp\/v2\/users\/1"}],"replies":[{"embeddable":true,"href":"https:\/\/euapp01.newsmemory.com\/lamarseillaise\/news\/wp-json\/wp\/v2\/comments?post=39202"}],"version-history":[{"count":1,"href":"https:\/\/euapp01.newsmemory.com\/lamarseillaise\/news\/wp-json\/wp\/v2\/posts\/39202\/revisions"}],"predecessor-version":[{"id":39204,"href":"https:\/\/euapp01.newsmemory.com\/lamarseillaise\/news\/wp-json\/wp\/v2\/posts\/39202\/revisions\/39204"}],"wp:featuredmedia":[{"embeddable":true,"href":"https:\/\/euapp01.newsmemory.com\/lamarseillaise\/news\/wp-json\/wp\/v2\/media\/39203"}],"wp:attachment":[{"href":"https:\/\/euapp01.newsmemory.com\/lamarseillaise\/news\/wp-json\/wp\/v2\/media?parent=39202"}],"wp:term":[{"taxonomy":"category","embeddable":true,"href":"https:\/\/euapp01.newsmemory.com\/lamarseillaise\/news\/wp-json\/wp\/v2\/categories?post=39202"},{"taxonomy":"post_tag","embeddable":true,"href":"https:\/\/euapp01.newsmemory.com\/lamarseillaise\/news\/wp-json\/wp\/v2\/tags?post=39202"},{"taxonomy":"news-destination","embeddable":true,"href":"https:\/\/euapp01.newsmemory.com\/lamarseillaise\/news\/wp-json\/wp\/v2\/news-destination?post=39202"},{"taxonomy":"news-source","embeddable":true,"href":"https:\/\/euapp01.newsmemory.com\/lamarseillaise\/news\/wp-json\/wp\/v2\/news-source?post=39202"},{"taxonomy":"is_homepage","embeddable":true,"href":"https:\/\/euapp01.newsmemory.com\/lamarseillaise\/news\/wp-json\/wp\/v2\/is_homepage?post=39202"},{"taxonomy":"ta_other","embeddable":true,"href":"https:\/\/euapp01.newsmemory.com\/lamarseillaise\/news\/wp-json\/wp\/v2\/ta_other?post=39202"}],"curies":[{"name":"wp","href":"https:\/\/api.w.org\/{rel}","templated":true}]}}