{"id":39199,"date":"2026-08-13T06:56:00","date_gmt":"2026-08-13T04:56:00","guid":{"rendered":"https:\/\/euapp01.newsmemory.com\/lamarseillaise\/news\/?p=39199"},"modified":"2026-08-20T07:55:57","modified_gmt":"2026-08-20T05:55:57","slug":"entretien-sofia-calabria-cgt-lattitude-de-la-direction-dharibo-est-scandaleuse","status":"publish","type":"post","link":"https:\/\/euapp01.newsmemory.com\/lamarseillaise\/news\/2026\/08\/13\/entretien-sofia-calabria-cgt-lattitude-de-la-direction-dharibo-est-scandaleuse\/","title":{"rendered":"[Entretien] Sofia Calabria, CGT : \u00ab&nbsp;L\u2019attitude de la direction d\u2019Haribo est scandaleuse&nbsp;\u00bb"},"content":{"rendered":"<div class=\"paragraph\">\n<p><b>La Marseillaise :<\/b> <b>O\u00f9 en \u00eates-vous dans le mouvement ?<\/b><\/p>\n<p>Sofia Calabria : FO a suspendu le mouvement. Nous, la CGT, nous continuons la gr\u00e8ve pour l\u2019heure et nous attaquons notre huiti\u00e8me semaine ce jeudi. Nous attendons la fin de semaine pour sonder les salari\u00e9s et les gr\u00e9vistes afin de savoir si on continue le mouvement la semaine prochaine. Nous verrons la tendance, et l\u2019on suivra l\u2019avis de la majorit\u00e9 \u00e9videmment. L\u2019objectif est de poursuivre la pression sur la direction mais de ne pas envoyer les gens dans le mur non plus. Le probl\u00e8me c\u2019est que l\u2019on ne sait m\u00eame plus si la r\u00e9union de n\u00e9gociations, pr\u00e9vue le 28\u00a0septembre prochain, est maintenue.<\/p>\n<p><b>Pourquoi ce flou sur <br \/>les n\u00e9gociations ?<\/b><\/p>\n<p>S.C : En fin de semaine derni\u00e8re, la direction a formul\u00e9 une nouvelle proposition par mail\u00a0: une augmentation de 1,8%. Commun\u00e9ment, l\u2019intersyndicale a formul\u00e9, ce lundi, une contre-proposition\u00a0: 2,5% pour les plus bas salaires, c\u2019est-\u00e0-dire entre 2\u00a0000\u00a0et 2\u00a0500\u00a0euros et cela correspond \u00e0 la majorit\u00e9 des ouvriers du site, avec une d\u00e9gressivit\u00e9 selon les tranches de salaire. Pour la tranche de salaire des ouvriers, cela correspondrait \u00e0 une cinquantaine d\u2019euros. Ce ne sont pas les 100\u00a0euros que nous souhaitions au d\u00e9part mais nous nous sommes dit que nous coupions la poire en deux. Malheureusement, la direction a coup\u00e9 court \u00e0 toute n\u00e9gociation avec nous au motif que nous avions continu\u00e9 la gr\u00e8ve lundi et mardi&#8230; Et ce, sans plus d\u2019explications, ni de date ult\u00e9rieure ou encore de confirmation que la date du 28\u00a0septembre \u00e9tait toujours d\u2019actualit\u00e9. On pensait que leur proposition \u00e9tait une avanc\u00e9e, mais c\u2019\u00e9tait de la poudre de perlimpinpin.<\/p>\n<p><b>Quel est l\u2019\u00e9tat moral des gr\u00e9vistes ? <\/b><b><\/b><\/p>\n<p>S.C : La r\u00e9ponse de la direction a mis un coup de massue \u00e0 beaucoup de monde. Nous ne comprenons pas qu\u2019elle soit autant ferm\u00e9e. Nous n\u2019avons pas fait de gr\u00e8ve par plaisir, nous l\u2019avons fait car c\u2019\u00e9tait l\u00e9gitime. Nous n\u2019avons pas demand\u00e9 des primes importantes, nous demandions le strict minimum\u00a0! Regardez\u00a0: nous avons propos\u00e9 la moiti\u00e9 de ce que nous demandions au d\u00e9part, c\u2019\u00e9tait une mani\u00e8re de prouver que nous sommes raisonnables&#8230; Malgr\u00e9 \u00e7a, ils restent ferm\u00e9s. Cette attitude est scandaleuse, il n\u2019y a pas de dialogue social ! Quoi qu\u2019il arrive, ce ne sont pas des semaines de gr\u00e8ve perdues. On a lutt\u00e9, on a gagn\u00e9 en solidarit\u00e9, en honneur, on a gagn\u00e9 collectivement et ce, quel que soit le syndicat ou le service. Huit semaines de gr\u00e8ve, on a la t\u00eate haute\u00a0!<\/p>\n<\/p><\/div>\n","protected":false},"excerpt":{"rendered":"La Marseillaise : O&ugrave; en &ecirc;tes-vous dans le mouvement ?","protected":false},"author":1,"featured_media":39200,"comment_status":"open","ping_status":"open","sticky":false,"template":"","format":"standard","meta":{"footnotes":""},"categories":[3926,3925,331],"tags":[1703,10,113,343,1017,876,2965,16,852,2352,260],"news-destination":[3944],"news-source":[475],"is_homepage":[],"ta_other":[],"class_list":["post-39199","post","type-post","status-publish","format-standard","has-post-thumbnail","hentry","category-accueil-merge","category-accueil-third","category-social","tag-augmentation","tag-bouches-du-rhone","tag-cgt","tag-entretien","tag-fo","tag-greve","tag-grevistes","tag-marseille","tag-mouvement-social","tag-ouvriers","tag-solidarite","news-destination-homepage","news-source-website"],"_links":{"self":[{"href":"https:\/\/euapp01.newsmemory.com\/lamarseillaise\/news\/wp-json\/wp\/v2\/posts\/39199","targetHints":{"allow":["GET"]}}],"collection":[{"href":"https:\/\/euapp01.newsmemory.com\/lamarseillaise\/news\/wp-json\/wp\/v2\/posts"}],"about":[{"href":"https:\/\/euapp01.newsmemory.com\/lamarseillaise\/news\/wp-json\/wp\/v2\/types\/post"}],"author":[{"embeddable":true,"href":"https:\/\/euapp01.newsmemory.com\/lamarseillaise\/news\/wp-json\/wp\/v2\/users\/1"}],"replies":[{"embeddable":true,"href":"https:\/\/euapp01.newsmemory.com\/lamarseillaise\/news\/wp-json\/wp\/v2\/comments?post=39199"}],"version-history":[{"count":1,"href":"https:\/\/euapp01.newsmemory.com\/lamarseillaise\/news\/wp-json\/wp\/v2\/posts\/39199\/revisions"}],"predecessor-version":[{"id":39201,"href":"https:\/\/euapp01.newsmemory.com\/lamarseillaise\/news\/wp-json\/wp\/v2\/posts\/39199\/revisions\/39201"}],"wp:featuredmedia":[{"embeddable":true,"href":"https:\/\/euapp01.newsmemory.com\/lamarseillaise\/news\/wp-json\/wp\/v2\/media\/39200"}],"wp:attachment":[{"href":"https:\/\/euapp01.newsmemory.com\/lamarseillaise\/news\/wp-json\/wp\/v2\/media?parent=39199"}],"wp:term":[{"taxonomy":"category","embeddable":true,"href":"https:\/\/euapp01.newsmemory.com\/lamarseillaise\/news\/wp-json\/wp\/v2\/categories?post=39199"},{"taxonomy":"post_tag","embeddable":true,"href":"https:\/\/euapp01.newsmemory.com\/lamarseillaise\/news\/wp-json\/wp\/v2\/tags?post=39199"},{"taxonomy":"news-destination","embeddable":true,"href":"https:\/\/euapp01.newsmemory.com\/lamarseillaise\/news\/wp-json\/wp\/v2\/news-destination?post=39199"},{"taxonomy":"news-source","embeddable":true,"href":"https:\/\/euapp01.newsmemory.com\/lamarseillaise\/news\/wp-json\/wp\/v2\/news-source?post=39199"},{"taxonomy":"is_homepage","embeddable":true,"href":"https:\/\/euapp01.newsmemory.com\/lamarseillaise\/news\/wp-json\/wp\/v2\/is_homepage?post=39199"},{"taxonomy":"ta_other","embeddable":true,"href":"https:\/\/euapp01.newsmemory.com\/lamarseillaise\/news\/wp-json\/wp\/v2\/ta_other?post=39199"}],"curies":[{"name":"wp","href":"https:\/\/api.w.org\/{rel}","templated":true}]}}