{"id":39196,"date":"2026-08-13T06:44:00","date_gmt":"2026-08-13T04:44:00","guid":{"rendered":"https:\/\/euapp01.newsmemory.com\/lamarseillaise\/news\/?p=39196"},"modified":"2026-08-20T07:55:57","modified_gmt":"2026-08-20T05:55:57","slug":"entretien-ulisses-garcia-porter-le-maillot-de-lom-cest-une-grande-responsabilite","status":"publish","type":"post","link":"https:\/\/euapp01.newsmemory.com\/lamarseillaise\/news\/2026\/08\/13\/entretien-ulisses-garcia-porter-le-maillot-de-lom-cest-une-grande-responsabilite\/","title":{"rendered":"[Entretien] Ulisses Garcia : \u00ab&nbsp;Porter le maillot de l\u2019OM, c\u2019est une grande responsabilit\u00e9&nbsp;\u00bb"},"content":{"rendered":"<div class=\"paragraph\">\n<p>La\u00a0Marseillaise : <b>Comment vous sentez-vous aujourd\u2019hui, apr\u00e8s cette reprise et cette pr\u00e9paration<\/b><b>\u00a0<\/b><b>?<\/b><\/p>\n<p>Ulisses\u00a0Garcia\u00a0: Je suis content d\u2019\u00eatre de retour \u00e0 Marseille, je me sens bien physiquement et mentalement. On a eu de bons matches. Le plus important, c\u2019est de bien se pr\u00e9parer physiquement. On travaille tr\u00e8s bien avec le coach et avec tout le monde.<\/p>\n<p><b>Vous avez d\u00e9j\u00e0 pu \u00e9changer <br \/>avec Bruno Genesio sur la saison \u00e0 venir. Que vous demande-t-il aujourd\u2019hui<\/b><b>\u00a0<\/b><b>?<\/b><\/p>\n<p>U.G.\u00a0: C\u2019est difficile de se projeter. Ce que le coach attend de moi, c\u2019est simplement que je me donne \u00e0 100% \u00e0 l\u2019entra\u00eenement et que je sois impliqu\u00e9 mentalement et physiquement \u00e0 100%. C\u2019est ce qui compte en ce moment. Il a une m\u00e9thode de travail assez tranquille. On travaille bien, tout le monde pousse et \u00e7a se passe bien avec lui.<\/p>\n<p><b>La saison pass\u00e9e, vous \u00e9tiez pr\u00eat\u00e9 \u00e0 Sassuolo. Quel bilan tirez-vous de cette exp\u00e9rience en Italie<\/b><b>\u00a0<\/b><b>?<\/b><\/p>\n<p>U.G.\u00a0: Personnellement, j\u2019ai tr\u00e8s bien v\u00e9cu mon pr\u00eat \u00e0 Sassuolo. J\u2019ai eu beaucoup de temps de jeu, j\u2019ai fait de bons matches et c\u2019\u00e9tait une belle exp\u00e9rience. En parall\u00e8le, c\u2019\u00e9tait difficile de suivre Marseille avec les r\u00e9sultats et tout ce qui s\u2019est pass\u00e9. J\u2019ai pu garder contact avec deux ou trois joueurs, mais ce n\u2019\u00e9tait pas facile. L\u2019\u00e9quipe a toutefois r\u00e9ussi \u00e0 se qualifier pour une comp\u00e9tition europ\u00e9enne. J\u2019ai donc suivi tout \u00e7a de loin et j\u2019ai aussi \u00e9t\u00e9 touch\u00e9 par ce qui se passait avec mes potes.<\/p>\n<p><b>Quel regard portez-vous sur <br \/>la Serie<\/b><b>\u00a0<\/b><b>A<\/b><b>\u00a0<\/b><b>?<\/b><\/p>\n<p>U.G.\u00a0: J\u2019ai trouv\u00e9 que c\u2019\u00e9tait un tr\u00e8s bon championnat, mais surtout un championnat tr\u00e8s tactique. Il y a moins de transitions et le jeu est vraiment bas\u00e9 sur la tactique.<\/p>\n<p><b>Comment d\u00e9crirez-vous votre style de jeu ?<\/b><\/p>\n<p>U.G.\u00a0: Ce que j\u2019aime, c\u2019est \u00eatre un lat\u00e9ral gauche dans une position offensive, d\u00e9doubler et pouvoir centrer. J\u2019aime aussi lire le jeu et anticiper. Ce sont mes principales qualit\u00e9s.<\/p>\n<p><b>Arriv\u00e9 en janvier 2024, vous \u00eates d\u00e9sormaisun des joueurs les plus anciens de l\u2019effectif. Quel est votre avis sur le parcours de l\u2019OM ?<\/b><b><\/b><\/p>\n<p>U.G.\u00a0: C\u2019est vrai que \u00e7a ne fait que deux ans que je suis \u00e0 l\u2019OM, mais j\u2019ai d\u00e9j\u00e0 vu pas mal de choses. \u00c0 l\u2019OM, tout va un peu plus vite. C\u2019est aussi difficile de pouvoir construire quelque chose avec autant de va-et-vient, mais c\u2019est comme \u00e7a. On s\u2019adapte et on essaye de donner le maximum. Pour l\u2019instant, je prends beaucoup de plaisir \u00e0 \u00eatre ici \u00e0 Marseille. C\u2019est une tr\u00e8s bonne exp\u00e9rience.<\/p>\n<p><b>Qu\u2019est-ce qui est le plus difficile quand on porte le maillot de l\u2019OM<\/b><b>\u00a0<\/b><b>?<\/b><\/p>\n<p>U.G.\u00a0: Il y a une tr\u00e8s grande pression. On sait ce que repr\u00e9sente l\u2019OM en France. C\u2019est une grande pression, mais aussi un grand devoir et une grande responsabilit\u00e9. Je pense que tous les joueurs aiment cette pression et veulent cette pression. Ce qui peut \u00eatre difficile, ce sont les grandes attentes. Mais on est tous des joueurs qui veulent \u00e9voluer au plus haut niveau. Il faut donc relever les d\u00e9fis qu\u2019il y a \u00e0 l\u2019OM.<\/p>\n<p><b>Quel est votre meilleur souvenir depuis votre arriv\u00e9e \u00e0 Marseille<\/b><b>\u00a0<\/b><b>?<\/b><\/p>\n<p>U.G.\u00a0: C\u2019est s\u00fbr que c\u2019est le match \u00e0 Lyon. La victoire, c\u2019\u00e9tait un truc de fou\u00a0! \u00c0 chaque fois que j\u2019y pense, j\u2019ai des frissons. On commence vraiment mal le match, avec beaucoup d\u2019obstacles, mais on revient. Et quand je pense au dernier but de Johnny (Rowe), c\u2019est vraiment un sentiment tr\u00e8s, tr\u00e8s fort. Je pense que toutes les personnes qui \u00e9taient l\u00e0 n\u2019oublieront jamais ce qui s\u2019est pass\u00e9. Ce match restera vraiment une r\u00e9f\u00e9rence.<\/p>\n<p><b>Avec quels joueurs avez-vous le plus d\u2019affinit\u00e9s<\/b><b>\u00a0<\/b><b>?<\/b><\/p>\n<p>U.G.\u00a0: Je m\u2019entends tr\u00e8s bien avec Geoffrey Kondogbia, Amine Harit, Faris Moumbagna et Pierre-Emile H\u00f8jbjerg. Mais je dirais que je m\u2019entends bien avec tout le monde. C\u2019est vrai qu\u2019avec certains, on passe un peu plus de temps ensemble. Et l\u00e0, j\u2019ai aussi d\u00e9couvert Himad Abdelli, c\u2019est une belle personne.<\/p>\n<p><b>Vous avez connu cinq entra\u00eeneurs diff\u00e9rents \u00e0 l\u2019OM. Lequel vous <br \/>a le plus marqu\u00e9<\/b><b>\u00a0<\/b><b>?<\/b><\/p>\n<p>U.G.\u00a0: Je pense que tous les coaches que j\u2019ai eus m\u2019ont laiss\u00e9 une bonne impression. J\u2019ai notamment beaucoup appr\u00e9ci\u00e9 Jean-Louis Gasset, sa fa\u00e7on d\u2019\u00eatre serein et calme. Mais vraiment, tous les coaches que j\u2019ai eus \u00e0 l\u2019OM &#8211; Gattuso, De Zerbi, Gasset et aujourd\u2019hui Genesio &#8211; je ne peux que dire du bien d\u2019eux. Apr\u00e8s, je ne sais pas toujours ce qui s\u2019est pass\u00e9, il y a eu des d\u00e9fis&#8230; C\u2019est comme \u00e7a, c\u2019est le football. Mais j\u2019ai aim\u00e9 travailler avec tous ces coaches.<\/p>\n<p><b>Vous parlez justement de \u00ab<\/b><b>\u00a0<\/b><b>d\u00e9fis<\/b><b>\u00a0<\/b><b>\u00bb. Il y en a un qui se pr\u00e9sente \u00e0 votre poste, avec la concurrence d\u2019Emerson Palmieri et d\u2019Alexis Koum. Comment l\u2019abordez-vous<\/b><b>\u00a0<\/b><b>?<\/b><\/p>\n<p>U.G.\u00a0: On est habitu\u00e9s, il y a de la concurrence partout. Avec Emerson, on est aussi de bons potes, donc c\u2019est une concurrence saine. S\u2019il joue, je suis content. C\u2019est normal. \u00c7a va bien.<\/p>\n<p><b>Vos deux parents sont n\u00e9s <br \/>au Cap-Vert, pays qui a fait sensation lors du Mondial.<\/b><\/p>\n<p>U.G.\u00a0: Je suis vraiment impressionn\u00e9 par ce qu\u2019ils ont fait, sur le terrain comme en dehors. Il y a eu une grande euphorie au pays par rapport \u00e0 ce qu\u2019ils ont r\u00e9alis\u00e9. C\u2019est quelque chose d\u2019historique pour eux. Je suis vraiment fier de ce qu\u2019ils ont fait.<\/p>\n<p><b>Le mercato bat aussi son plein. Votre agent a-t-il re\u00e7u <br \/>des sollicitations<\/b><b>\u00a0<\/b><b>?<\/b><\/p>\n<p>U.G.\u00a0: Mon agent est en contact avec des clubs. Il y a toujours des demandes et des questions. Mais pour l\u2019instant, je me concentre vraiment sur cette pr\u00e9paration. On verra comment \u00e7a va se passer ensuite. On sait que c\u2019est le mercato, c\u2019est pareil pour tous les clubs. Il y a des d\u00e9parts, des arriv\u00e9es. Comme je l\u2019ai dit, nous, on est tous concentr\u00e9s ici et maintenant\u00a0: qu\u2019est-ce qu\u2019on peut faire pour l\u2019OM\u00a0? Et on verra la suite.<\/p>\n<p><b>Que ressentez-vous quand vous voyez un V\u00e9lodrome en fusion<\/b><b>\u00a0<\/b><b>?<\/b><\/p>\n<p>U.G.\u00a0: \u00c0 Marseille, on est tous conscients de la chance qu\u2019on a d\u2019avoir un stade comme le V\u00e9lodrome et des supporters comme les n\u00f4tres. La seule chose que j\u2019ai \u00e0 dire, c\u2019est qu\u2019on est fiers de porter le maillot de l\u2019OM. On sait ce que \u00e7a repr\u00e9sente et quel prestige c\u2019est. Tous les joueurs sont conscients de ce que signifie porter le maillot de l\u2019OM, \u00e7a, c\u2019est s\u00fbr.<\/p>\n<p><b>Comment fait-on pour g\u00e9rer la pression ici ? <\/b><\/p>\n<p>U.G.\u00a0: C\u2019est vrai qu\u2019il y a une certaine pression. Mais je pense que dans les autres clubs aussi, il y a une pression, simplement diff\u00e9rente. Elle ne vient pas forc\u00e9ment des supporters, elle peut venir d\u2019autres choses. Chacun doit pouvoir g\u00e9rer sa pression et se concentrer pleinement sur son travail, sur le terrain. Tout ce qui est autour vient apr\u00e8s. Je pense qu\u2019il faut vraiment se concentrer sur ce qu\u2019on peut faire sur le terrain.<\/p>\n<p><b>Est-ce qu\u2019il faut justement r\u00e9ussir \u00e0 cr\u00e9er sa propre bulle pour <br \/>se d\u00e9tacher du football ? <\/b><\/p>\n<p>U.G.\u00a0: Personnellement, ma fa\u00e7on de me d\u00e9tacher, c\u2019est de passer du temps avec ma famille, avec mes enfants et avec ma femme. C\u2019est ce qui me permet de penser \u00e0 autre chose qu\u2019au football. C\u2019est vrai que Pierre-Emile (H\u00f8jbjerg) a raison\u00a0: apr\u00e8s les matches, l\u2019adr\u00e9naline est encore haute et on pense encore beaucoup au match. Pour moi, ma fa\u00e7on de me d\u00e9tacher, c\u2019est ma femme et mes enfants. Cr\u00e9er cette bulle est tr\u00e8s important pour l\u2019\u00e9quilibre d\u2019un footballeur. Pour moi, c\u2019est ce qui me permet de souffler.<\/p>\n<\/p><\/div>\n","protected":false},"excerpt":{"rendered":"La&nbsp;Marseillaise : Comment vous sentez-vous aujourd&rsquo;hui, apr&egrave;s cette reprise et cette pr&eacute;paration&nbsp;?","protected":false},"author":1,"featured_media":39197,"comment_status":"open","ping_status":"open","sticky":false,"template":"","format":"standard","meta":{"footnotes":""},"categories":[3926,3925,7],"tags":[10,343,13,1153,16,14],"news-destination":[3944],"news-source":[475],"is_homepage":[],"ta_other":[],"class_list":["post-39196","post","type-post","status-publish","format-standard","has-post-thumbnail","hentry","category-accueil-merge","category-accueil-third","category-sports","tag-bouches-du-rhone","tag-entretien","tag-football","tag-ligue-1","tag-marseille","tag-om","news-destination-homepage","news-source-website"],"_links":{"self":[{"href":"https:\/\/euapp01.newsmemory.com\/lamarseillaise\/news\/wp-json\/wp\/v2\/posts\/39196","targetHints":{"allow":["GET"]}}],"collection":[{"href":"https:\/\/euapp01.newsmemory.com\/lamarseillaise\/news\/wp-json\/wp\/v2\/posts"}],"about":[{"href":"https:\/\/euapp01.newsmemory.com\/lamarseillaise\/news\/wp-json\/wp\/v2\/types\/post"}],"author":[{"embeddable":true,"href":"https:\/\/euapp01.newsmemory.com\/lamarseillaise\/news\/wp-json\/wp\/v2\/users\/1"}],"replies":[{"embeddable":true,"href":"https:\/\/euapp01.newsmemory.com\/lamarseillaise\/news\/wp-json\/wp\/v2\/comments?post=39196"}],"version-history":[{"count":1,"href":"https:\/\/euapp01.newsmemory.com\/lamarseillaise\/news\/wp-json\/wp\/v2\/posts\/39196\/revisions"}],"predecessor-version":[{"id":39198,"href":"https:\/\/euapp01.newsmemory.com\/lamarseillaise\/news\/wp-json\/wp\/v2\/posts\/39196\/revisions\/39198"}],"wp:featuredmedia":[{"embeddable":true,"href":"https:\/\/euapp01.newsmemory.com\/lamarseillaise\/news\/wp-json\/wp\/v2\/media\/39197"}],"wp:attachment":[{"href":"https:\/\/euapp01.newsmemory.com\/lamarseillaise\/news\/wp-json\/wp\/v2\/media?parent=39196"}],"wp:term":[{"taxonomy":"category","embeddable":true,"href":"https:\/\/euapp01.newsmemory.com\/lamarseillaise\/news\/wp-json\/wp\/v2\/categories?post=39196"},{"taxonomy":"post_tag","embeddable":true,"href":"https:\/\/euapp01.newsmemory.com\/lamarseillaise\/news\/wp-json\/wp\/v2\/tags?post=39196"},{"taxonomy":"news-destination","embeddable":true,"href":"https:\/\/euapp01.newsmemory.com\/lamarseillaise\/news\/wp-json\/wp\/v2\/news-destination?post=39196"},{"taxonomy":"news-source","embeddable":true,"href":"https:\/\/euapp01.newsmemory.com\/lamarseillaise\/news\/wp-json\/wp\/v2\/news-source?post=39196"},{"taxonomy":"is_homepage","embeddable":true,"href":"https:\/\/euapp01.newsmemory.com\/lamarseillaise\/news\/wp-json\/wp\/v2\/is_homepage?post=39196"},{"taxonomy":"ta_other","embeddable":true,"href":"https:\/\/euapp01.newsmemory.com\/lamarseillaise\/news\/wp-json\/wp\/v2\/ta_other?post=39196"}],"curies":[{"name":"wp","href":"https:\/\/api.w.org\/{rel}","templated":true}]}}