{"id":39193,"date":"2026-08-13T06:46:00","date_gmt":"2026-08-13T04:46:00","guid":{"rendered":"https:\/\/euapp01.newsmemory.com\/lamarseillaise\/news\/?p=39193"},"modified":"2026-08-20T07:55:57","modified_gmt":"2026-08-20T05:55:57","slug":"des-milliers-de-regards-tournes-vers-le-ciel-pour-admirer-leclipse","status":"publish","type":"post","link":"https:\/\/euapp01.newsmemory.com\/lamarseillaise\/news\/2026\/08\/13\/des-milliers-de-regards-tournes-vers-le-ciel-pour-admirer-leclipse\/","title":{"rendered":"Des milliers de regards tourn\u00e9s vers le ciel pour admirer l\u2019\u00e9clipse"},"content":{"rendered":"<div class=\"paragraph\">\n<p>\u00ab<i> \u00c7<\/i><i>a commence<\/i><i>\u00a0<\/i><i>!<\/i><i>\u00a0<\/i>\u00bb<b> <\/b>Il est 19h30 au stade nautique Florence-Arthaud quand les milliers de spectateurs se munissent de leurs lunettes sp\u00e9ciales \u00e9clipse. Un rendez-vous astronomique rare qu\u2019Emmanuelle et Maxence attendaient depuis tr\u00e8s longtemps. M\u00e8re et fils ont achet\u00e9 leurs lunettes il y a d\u00e9j\u00e0 deux mois\u00a0: \u00ab<b>\u00a0<\/b><i>On se dit qu\u2019on a rendez-vous avec l\u2019histoire<\/i><i>\u00a0<\/i>\u00bb, s\u2019\u00e9merveille Emmanuelle. \u00ab<b>\u00a0<\/b><i>J\u2019avais h\u00e2te. Je n\u2019ai pas l\u2019habitude de voir \u00e7a<\/i><i>\u00a0<\/i><i>!<\/i>\u00a0<i><b>\u00bb<\/b><\/i>, sourit le jeune gar\u00e7on, subjugu\u00e9 par l\u2019\u00e9v\u00e8nement.<\/p>\n<p>Il est 20h25 quand l\u2019\u00e9clipse atteint son maximum, sous les applaudissements du public.<br \/>\u00ab\u00a0<i>C\u2019\u00e9tait mon moment pr\u00e9f\u00e9r\u00e9<\/i><i>\u00a0<\/i><i>!<\/i><i>\u00a0<\/i>\u00bb, s\u2019exclame Lina, 10\u00a0ans, en vacances \u00e0 Marseille avec ses parents. Sa m\u00e8re Djanane se r\u00e9jouit d\u2019avoir pass\u00e9 \u00ab<i>\u00a0<\/i><i>un beau moment en famille<\/i>\u00a0\u00bb, m\u00eame si elle regrette que \u00ab\u00a0<i>l\u2019\u00e9clipse ne soit que partielle<\/i><i>\u00a0<\/i>\u00bb.<\/p>\n<\/p><\/div>\n<div class=\"intext\"> Partage entre novices<br \/>\n               <br \/>et passionn\u00e9s\n              <\/div>\n<div class=\"paragraph\">\n<p>Cette soir\u00e9e est aussi l\u2019occasion pour les astronomes amateurs de transmettre leurs connaissances. \u00ab\u00a0<i>Je donne quelques explications sur la vraie couleur du soleil, \u00e0 savoir plut\u00f4t blanc que jaune<\/i>\u00a0\u00bb, pr\u00e9cise Pascal Benalloul, membre de l\u2019association marseillaise Androm\u00e8de. Il nous donne rendez-vous l\u2019ann\u00e9e prochaine pour une nouvelle \u00e9clipse\u00a0: \u00ab\u00a0Il faudra qu\u2019on se retrouve au Maghreb\u00a0!\u00a0\u00bb Car le soleil n\u2019a pas de fronti\u00e8re.<\/p>\n<p><b>Andr\u00e9a Goyard-de Castro et Clara Gazel<\/b><\/p>\n<\/p><\/div>\n","protected":false},"excerpt":{"rendered":"&laquo; &Ccedil;a commence&nbsp;!&nbsp;&raquo; Il est 19h30 au stade nautique Florence-Arthaud quand les milliers de spectateurs se munissent de leurs lunettes sp&eacute;ciales &eacute;clipse. Un rendez-vous astronomique rare qu&rsquo;Emmanuelle et &#8230;","protected":false},"author":1,"featured_media":39194,"comment_status":"open","ping_status":"open","sticky":false,"template":"","format":"standard","meta":{"footnotes":""},"categories":[3926,3925,20],"tags":[224,3444,10,225,6236,16,4823,1226,1444],"news-destination":[3944],"news-source":[475],"is_homepage":[],"ta_other":[],"class_list":["post-39193","post","type-post","status-publish","format-standard","has-post-thumbnail","hentry","category-accueil-merge","category-accueil-third","category-societe","tag-astronomie","tag-astrophysique","tag-bouches-du-rhone","tag-ciel","tag-eclipse","tag-marseille","tag-solaire","tag-soleil","tag-stade-nautique","news-destination-homepage","news-source-website"],"_links":{"self":[{"href":"https:\/\/euapp01.newsmemory.com\/lamarseillaise\/news\/wp-json\/wp\/v2\/posts\/39193","targetHints":{"allow":["GET"]}}],"collection":[{"href":"https:\/\/euapp01.newsmemory.com\/lamarseillaise\/news\/wp-json\/wp\/v2\/posts"}],"about":[{"href":"https:\/\/euapp01.newsmemory.com\/lamarseillaise\/news\/wp-json\/wp\/v2\/types\/post"}],"author":[{"embeddable":true,"href":"https:\/\/euapp01.newsmemory.com\/lamarseillaise\/news\/wp-json\/wp\/v2\/users\/1"}],"replies":[{"embeddable":true,"href":"https:\/\/euapp01.newsmemory.com\/lamarseillaise\/news\/wp-json\/wp\/v2\/comments?post=39193"}],"version-history":[{"count":1,"href":"https:\/\/euapp01.newsmemory.com\/lamarseillaise\/news\/wp-json\/wp\/v2\/posts\/39193\/revisions"}],"predecessor-version":[{"id":39195,"href":"https:\/\/euapp01.newsmemory.com\/lamarseillaise\/news\/wp-json\/wp\/v2\/posts\/39193\/revisions\/39195"}],"wp:featuredmedia":[{"embeddable":true,"href":"https:\/\/euapp01.newsmemory.com\/lamarseillaise\/news\/wp-json\/wp\/v2\/media\/39194"}],"wp:attachment":[{"href":"https:\/\/euapp01.newsmemory.com\/lamarseillaise\/news\/wp-json\/wp\/v2\/media?parent=39193"}],"wp:term":[{"taxonomy":"category","embeddable":true,"href":"https:\/\/euapp01.newsmemory.com\/lamarseillaise\/news\/wp-json\/wp\/v2\/categories?post=39193"},{"taxonomy":"post_tag","embeddable":true,"href":"https:\/\/euapp01.newsmemory.com\/lamarseillaise\/news\/wp-json\/wp\/v2\/tags?post=39193"},{"taxonomy":"news-destination","embeddable":true,"href":"https:\/\/euapp01.newsmemory.com\/lamarseillaise\/news\/wp-json\/wp\/v2\/news-destination?post=39193"},{"taxonomy":"news-source","embeddable":true,"href":"https:\/\/euapp01.newsmemory.com\/lamarseillaise\/news\/wp-json\/wp\/v2\/news-source?post=39193"},{"taxonomy":"is_homepage","embeddable":true,"href":"https:\/\/euapp01.newsmemory.com\/lamarseillaise\/news\/wp-json\/wp\/v2\/is_homepage?post=39193"},{"taxonomy":"ta_other","embeddable":true,"href":"https:\/\/euapp01.newsmemory.com\/lamarseillaise\/news\/wp-json\/wp\/v2\/ta_other?post=39193"}],"curies":[{"name":"wp","href":"https:\/\/api.w.org\/{rel}","templated":true}]}}