{"id":39190,"date":"2026-08-13T06:43:00","date_gmt":"2026-08-13T04:43:00","guid":{"rendered":"https:\/\/euapp01.newsmemory.com\/lamarseillaise\/news\/?p=39190"},"modified":"2026-08-19T18:33:20","modified_gmt":"2026-08-19T16:33:20","slug":"fibre-excellence-la-cgt-appelle-les-elus-a-reagir","status":"publish","type":"post","link":"https:\/\/euapp01.newsmemory.com\/lamarseillaise\/news\/2026\/08\/13\/fibre-excellence-la-cgt-appelle-les-elus-a-reagir\/","title":{"rendered":"Fibre Excellence&nbsp;: la CGT appelle les \u00e9lus \u00e0 r\u00e9agir"},"content":{"rendered":"<div class=\"paragraph\">\n<p>\u00ab<i> O<\/i><i>n est persuad\u00e9s qu\u2019il y a une possibilit\u00e9 de continuer l\u2019activit\u00e9 industrielle sur ce site<\/i>\u00a0\u00bb, lance en ouverture d\u2019une conf\u00e9rence de presse le secr\u00e9taire g\u00e9n\u00e9ral de la CGT des Bouches-du-Rh\u00f4ne Marc Pi\u00e9trosino. Mais pour ce faire, il faut que les personnalit\u00e9s politiques continuent de s\u2019y employer.<\/p>\n<p>\u00ab\u00a0<i>Il faut qu\u2019ils prennent leurs responsabilit\u00e9s<\/i>\u00a0\u00bb, insiste ainsi le responsable syndical, qui rappelle que \u00ab<i>\u00a0<\/i><i>tout le monde s\u2019accorde \u00e0 dire que c\u2019est un enjeu pour la souverainet\u00e9 nationale<\/i><i>\u00a0<\/i>\u00bb. <a rel=\"noopener noreferrer\" href=\"https:\/\/www.lamarseillaise.fr\/economie\/fibre-excellence-l-usine-de-tarascon-liquidee-ED20549287\" target=\"_blank\">Si cette usine, dont la liquidation judiciaire a \u00e9t\u00e9 prononc\u00e9e par le tribunal de commerce de Toulouse fin\u00a0<\/a><a rel=\"noopener noreferrer\" href=\"https:\/\/www.lamarseillaise.fr\/economie\/fibre-excellence-l-usine-de-tarascon-liquidee-ED20549287\" target=\"_blank\">juillet<\/a>, ainsi que celle en sursis de Saint-Gaudens, s\u2019arr\u00eatent d\u00e9finitivement, \u00ab<i>\u00a0<\/i><i>il y aura une d\u00e9pendance aux march\u00e9s asiatiques et am\u00e9ricains<\/i><i>\u00a0<\/i>\u00bb, insiste le syndicaliste. D\u2019apr\u00e8s la CGT, 80% des salari\u00e9s auraient re\u00e7u une lettre de licenciement.<\/p>\n<p>Et de demander notamment une r\u00e9union avec la R\u00e9gion Sud, afin \u00ab\u00a0<i>d\u2019expliquer les projets de diversification<\/i><i>\u00a0<\/i>\u00bb, indique Jean-Michel Bulinge, secr\u00e9taire g\u00e9n\u00e9ral Fibre Excellence Tarascon. Quelques minutes plus tard, devant une quarantaine de salari\u00e9s qui attendaient dans un camp de fortune install\u00e9 sur le parking de l\u2019usine depuis bient\u00f4t un mois, ils rappellent que ce sont les collectivit\u00e9s \u00ab<i>\u00a0<\/i><i>qui ont le carnet d\u2019adresses pour trouver des investisseurs. On a besoin de leur aide pour trouver des industriels<\/i>\u00a0\u00bb. Et ils \u00e9num\u00e8rent les nombreux avantages que poss\u00e8de le site. \u00c0 commencer par sa position g\u00e9ographique \u00ab\u00a0<i>dans un triangle d\u2019or<\/i>\u00a0\u00bb, insiste Jean-Michel Bulinge. Et ce de diff\u00e9rentes mani\u00e8res. Notamment par le fluvial \u00ab\u00a0<i>avec un quai refait \u00e0 neuf par la Compagnie Nationale du Rh\u00f4ne<\/i>\u00a0\u00bb et des digues refaites r\u00e9cemment \u00e9galement. Mais aussi par le ferroviaire. Alors que le territoire est d\u00e9j\u00e0 durement touch\u00e9 par les fermetures ces derni\u00e8res ann\u00e9es, l\u2019arr\u00eat de Fibre Excellence mettrait \u00e0 nouveau un gros coup. \u00ab\u00a0<i>L\u2019usine repr\u00e9sentait 20% de l\u2019activit\u00e9 du port d\u2019Arles. Mais il y a aussi tout un \u00e9cosyst\u00e8me autour<\/i><i>\u00a0<\/i>\u00bb, ajoute Nicolas Bourcy, secr\u00e9taire g\u00e9n\u00e9ral de l\u2019union locale CGT d\u2019Arles. En plein mois d\u2019ao\u00fbt, \u00ab\u00a0<i>ce n\u2019est pas la meilleure p\u00e9riode pour obtenir des r\u00e9ponses<\/i>\u00a0\u00bb, regrettent les syndicalistes. \u00ab\u00a0<i>Mais s\u2019il faut, on ira toquer \u00e0 la porte des d\u00e9cideurs<\/i><i>\u00a0<\/i>\u00bb, ajoutent-ils.<\/p>\n<\/p><\/div>\n<div class=\"intext\"> Pollution\n              <\/div>\n<div class=\"paragraph\">\n<p>Sans oublier le savoir-faire des salari\u00e9s. \u00ab\u00a0<i>Plus on attend, plus il va dispara\u00eetre. Pour red\u00e9marrer le site demain, il n\u2019y a pas de solutions rapides, il y a des postes strat\u00e9giques. Et l\u00e0 aussi, il y a une notion d\u2019urgence dont nos \u00e9lus locaux et la R\u00e9gion doivent reprendre la mesure<\/i><i>\u00a0<\/i>\u00bb, confie Jean-Michel Bulinge.<\/p>\n<p>Contact\u00e9e par <i>La<\/i><i>\u00a0<\/i><i>Marseillaise<\/i> sur sa position, la R\u00e9gion Sud n\u2019a pas pu r\u00e9pondre dans les temps \u00e0 nos sollicitations. Une table ronde avec la pr\u00e9fecture a \u00e9galement \u00e9t\u00e9 demand\u00e9e.<\/p>\n<p>Autre aspect sur lequel les responsables syndicaux ont souhait\u00e9 appuyer\u00a0: <a rel=\"noopener noreferrer\" href=\"https:\/\/www.lamarseillaise.fr\/social\/des-actions-pour-securiser-le-site-de-fibre-excellence-PB20564784\" target=\"_blank\">la s\u00e9curit\u00e9 du site et ses environs.<\/a> \u00ab\u00a0<i>N\u2019importe quelle soci\u00e9t\u00e9 aura beau venir demain, elle ne sera pas en mesure de piloter certaines installations sans les employ\u00e9s. Mais ils ne seront plus l\u00e0. Les mandataires judiciaires ne se rendent pas compte de l\u2019ampleur du travail<\/i>\u00a0\u00bb, glisse Laurent Quinto, ex-secr\u00e9taire g\u00e9n\u00e9ral CGT Fibre Excellence Provence et retrait\u00e9 depuis peu. Qui illustre son propos avec le risque incendie. \u00ab\u00a0S<i>i vous arr\u00eatez les pompes de puisage du Rh\u00f4ne, cette s\u00e9curit\u00e9 n\u2019est pas garantie<\/i><i>\u00a0<\/i>\u00bb, assure-t-il. Et si rien n\u2019est fait, le site, fortement amiant\u00e9, risque de se d\u00e9grader. Et donc de contaminer les alentours. \u00ab <i>Il y a une \u00e9cole \u00e0 800<\/i><i>\u00a0<\/i><i>m\u00e8tres, mais aussi des entreprises tout autour. Sans oublier le centre-ville de Tarascon et Arles s\u2019il y a du vent, ce qui est souvent le cas. C\u2019est un gros risque<\/i><i>\u00a0<\/i>\u00bb, poursuit Laurent Quinto.<\/p>\n<\/p><\/div>\n","protected":false},"excerpt":{"rendered":"&laquo; On est persuad&eacute;s qu&rsquo;il y a une possibilit&eacute; de continuer l&rsquo;activit&eacute; industrielle sur ce site&nbsp;&raquo;, lance en ouverture d&rsquo;une conf&eacute;rence de presse le secr&eacute;taire g&eacute;n&eacute;ral &#8230;","protected":false},"author":1,"featured_media":39191,"comment_status":"open","ping_status":"open","sticky":false,"template":"","format":"standard","meta":{"footnotes":""},"categories":[3926,3925,331],"tags":[10,208,5820,2190,4279,488,126,1486,1574,3021,714,2191,1740,244],"news-destination":[3944],"news-source":[475],"is_homepage":[],"ta_other":[],"class_list":["post-39190","post","type-post","status-publish","format-standard","has-post-thumbnail","hentry","category-accueil-merge","category-accueil-third","category-social","tag-bouches-du-rhone","tag-collectivites","tag-conference-de-presse","tag-ferroviaire","tag-fibre-excellence","tag-industriels","tag-la-marseillaise","tag-licenciement","tag-liquidation-judiciaire","tag-marc-pietrosino","tag-region-sud","tag-table-ronde","tag-tarascon","tag-tribunal-de-commerce","news-destination-homepage","news-source-website"],"_links":{"self":[{"href":"https:\/\/euapp01.newsmemory.com\/lamarseillaise\/news\/wp-json\/wp\/v2\/posts\/39190","targetHints":{"allow":["GET"]}}],"collection":[{"href":"https:\/\/euapp01.newsmemory.com\/lamarseillaise\/news\/wp-json\/wp\/v2\/posts"}],"about":[{"href":"https:\/\/euapp01.newsmemory.com\/lamarseillaise\/news\/wp-json\/wp\/v2\/types\/post"}],"author":[{"embeddable":true,"href":"https:\/\/euapp01.newsmemory.com\/lamarseillaise\/news\/wp-json\/wp\/v2\/users\/1"}],"replies":[{"embeddable":true,"href":"https:\/\/euapp01.newsmemory.com\/lamarseillaise\/news\/wp-json\/wp\/v2\/comments?post=39190"}],"version-history":[{"count":2,"href":"https:\/\/euapp01.newsmemory.com\/lamarseillaise\/news\/wp-json\/wp\/v2\/posts\/39190\/revisions"}],"predecessor-version":[{"id":39274,"href":"https:\/\/euapp01.newsmemory.com\/lamarseillaise\/news\/wp-json\/wp\/v2\/posts\/39190\/revisions\/39274"}],"wp:featuredmedia":[{"embeddable":true,"href":"https:\/\/euapp01.newsmemory.com\/lamarseillaise\/news\/wp-json\/wp\/v2\/media\/39191"}],"wp:attachment":[{"href":"https:\/\/euapp01.newsmemory.com\/lamarseillaise\/news\/wp-json\/wp\/v2\/media?parent=39190"}],"wp:term":[{"taxonomy":"category","embeddable":true,"href":"https:\/\/euapp01.newsmemory.com\/lamarseillaise\/news\/wp-json\/wp\/v2\/categories?post=39190"},{"taxonomy":"post_tag","embeddable":true,"href":"https:\/\/euapp01.newsmemory.com\/lamarseillaise\/news\/wp-json\/wp\/v2\/tags?post=39190"},{"taxonomy":"news-destination","embeddable":true,"href":"https:\/\/euapp01.newsmemory.com\/lamarseillaise\/news\/wp-json\/wp\/v2\/news-destination?post=39190"},{"taxonomy":"news-source","embeddable":true,"href":"https:\/\/euapp01.newsmemory.com\/lamarseillaise\/news\/wp-json\/wp\/v2\/news-source?post=39190"},{"taxonomy":"is_homepage","embeddable":true,"href":"https:\/\/euapp01.newsmemory.com\/lamarseillaise\/news\/wp-json\/wp\/v2\/is_homepage?post=39190"},{"taxonomy":"ta_other","embeddable":true,"href":"https:\/\/euapp01.newsmemory.com\/lamarseillaise\/news\/wp-json\/wp\/v2\/ta_other?post=39190"}],"curies":[{"name":"wp","href":"https:\/\/api.w.org\/{rel}","templated":true}]}}