{"id":39187,"date":"2026-08-13T06:38:00","date_gmt":"2026-08-13T04:38:00","guid":{"rendered":"https:\/\/euapp01.newsmemory.com\/lamarseillaise\/news\/?p=39187"},"modified":"2026-08-19T12:28:14","modified_gmt":"2026-08-19T10:28:14","slug":"la-france-brule-et-letat-regarde-ailleurs","status":"publish","type":"post","link":"https:\/\/euapp01.newsmemory.com\/lamarseillaise\/news\/2026\/08\/13\/la-france-brule-et-letat-regarde-ailleurs\/","title":{"rendered":"La France br\u00fble et l\u2019\u00c9tat regarde ailleurs"},"content":{"rendered":"<div class=\"paragraph\">\n<p>Au moins 120\u00a0000\u00a0hectares partis en fum\u00e9e et la France br\u00fble toujours. Une douzaine d\u2019incendies est encore en cours, entre ceux qui n\u2019ont pas \u00e9t\u00e9 \u00e9teints et ceux qui ont d\u00e9marr\u00e9, au c\u0153ur d\u2019un \u00e9t\u00e9 bouillant o\u00f9 se succ\u00e8dent les vagues de canicule \u00e0 un rythme effr\u00e9n\u00e9. Alors que les pompiers s\u2019\u00e9puisent \u00e0 venir \u00e0 bout de \u00ab\u00a0feux extr\u00eames\u00a0\u00bb, ils d\u00e9noncent en bloc le manque de moyens, d\u2019organisation et d\u2019anticipation d\u2019une situation pourtant pr\u00e9visible. Au point de se demander si des le\u00e7ons pourront enfin v\u00e9ritablement en \u00eatre tir\u00e9es.<\/p>\n<p>D\u2019abord parce que de rapports en rapports, depuis le d\u00e9but des ann\u00e9es\u00a02000, les scientifiques, comme le Groupe d\u2019experts intergouvernemental sur l\u2019\u00e9volution du climat (Giec), n\u2019ont cess\u00e9 d\u2019alerter sur la mont\u00e9e des temp\u00e9ratures fort probable. Les donn\u00e9es de l\u2019observatoire europ\u00e9en Copernicus publi\u00e9es ce lundi 10\u00a0ao\u00fbt attestent encore, si besoin \u00e9tait, que les choses ne vont pas s\u2019arranger, la s\u00e9cheresse alimentant la s\u00e9cheresse, la chaleur affectant aussi la surface de la mer avec \u00ab\u00a0<i>le d\u00e9veloppement rapide de conditions de type El Ni\u00f1o dans le Pacifique \u00e9quatorial<\/i>\u00a0\u00bb note l\u2019observatoire. Les sommets pour le climat se sont encha\u00een\u00e9s mais les \u00e9missions mondiales de gaz \u00e0 effet de serre continuent de progresser, faute d\u2019ambition commune des \u00c9tats.<\/p>\n<p>Au niveau national et local, plusieurs questions fondamentales \u00e9mergent. Apr\u00e8s le feu d\u00e9vastateur en Gironde, Didier Chautard (SE), le maire de Saumos, commune largement impact\u00e9e par le m\u00e9ga feu girondin, a adress\u00e9 une lettre ouverte aux dirigeants r\u00e9gionaux et nationaux, dont Emmanuel Macron, les appelant \u00e0 s\u2019attaquer aux \u00ab\u00a0<i>causes profondes<\/i>\u00a0\u00bb des feux. \u00ab\u00a0<i>La Nature nous rappelle \u00e0 l\u2019ordre<\/i>\u00a0\u00bb \u00e9crit-il. \u00ab\u00a0<i>\u00c0 nous de l\u2019entendre<\/i>, estime-t-il, avec <i>une v\u00e9ritable strat\u00e9gie, construite avec celles et ceux qui vivent, travaillent et administrent ces territoires au quotidien.<\/i>\u00a0\u00bb Il appelle \u00e0 un \u00ab\u00a0<i>point de d\u00e9part d\u2019une r\u00e9flexion collective<\/i><i>\u00a0<\/i>\u00bb et non \u00e0 \u00ab\u00a0<i>un laboratoire de d\u00e9cisions prises dans l\u2019urgence<\/i>\u00a0\u00bb.<\/p>\n<\/p><\/div>\n<div class=\"intext\"> Les D\u00e9partements financeurs essentiels\n              <\/div>\n<div class=\"paragraph\">\n<p>\u00ab\u00a0<i>Le soutien de la nation<\/i>\u00a0\u00bb et \u00ab\u00a0<i>l\u2019unit\u00e9<\/i>\u00a0\u00bb, pr\u00f4n\u00e9s par le pr\u00e9sident de la R\u00e9publique lors de sa visite \u00e0 Bordeaux le 27\u00a0juillet, ont fait&#8230; long feu. Emmanuel Macron a beau arguer que le budget de la s\u00e9curit\u00e9 civile est pass\u00e9 de 450\u00a0millions d\u2019euros en\u00a02017 \u00e0 plus 800\u00a0millions d\u2019euros aujourd\u2019hui, l\u2019opposition notamment de gauche (PCF, LFI, PS, EELV) lui a vertement rappel\u00e9, que la loi promise \u00e0 l\u2019issue du Beauvau de la s\u00e9curit\u00e9 civile, engag\u00e9 entre\u00a02024 et\u00a02025, n\u2019\u00e9tait toujours pas \u00e0 l\u2019ordre du jour. Factuellement, \u00e0 la relecture des votes au sein de l\u2019h\u00e9micycle du Palais Bourbon, sur les textes concernant la lutte contre les incendies, droite, macronistes et RN s\u2019illustrent particuli\u00e8rement par leur refus du recrutement de pompiers professionnels, de la hausse et l\u2019attribution d\u2019une partie de la taxe de s\u00e9jour aux Sdis ou de la cr\u00e9ation de pare-feux de feuillus.<\/p>\n<p>Pire, en f\u00e9vrier\u00a02024, le gouvernement de Gabriel Attal avait act\u00e9 par d\u00e9cret une coupe budg\u00e9taire de 52,8\u00a0millions d\u2019euros dans les cr\u00e9dits de cette derni\u00e8re. De quoi remettre en cause la commande de deux Canadairs suppl\u00e9mentaires. Des avions souvent clou\u00e9s au sol pour maintenance, qui auront mis par exemple plus de quatre heures \u00e0 survoler le feu de Gironde rappellent nos confr\u00e8res de <i>Sud<\/i><i>\u00a0<\/i><i>Ouest<\/i>.<\/p>\n<p>Les premiers financeurs des services d\u2019incendie et de secours restent donc les D\u00e9partements, ces collectivit\u00e9s assurant 60% des 5,6\u00a0milliards de budget des Sdis. Une contribution qui a doubl\u00e9 en 20\u00a0ans, dans un contexte d\u2019aust\u00e9rit\u00e9 budg\u00e9taire accrue.<\/p>\n<p>Attendu le 17\u00a0ao\u00fbt en Gironde, le Premier ministre, S\u00e9bastien Lecornu s\u2019est, pour le moment, content\u00e9 de cr\u00e9er une (\u00e9ni\u00e8me) mission, sur la \u00ab\u00a0reconstruction et adaptation des territoires\u00a0\u00bb, d\u00e9di\u00e9e aux zones touch\u00e9es par les feux cet \u00e9t\u00e9. Compos\u00e9e de \u00ab<i>\u00a0<\/i><i>cinq personnalit\u00e9s qualifi\u00e9es, expertes des sujets d\u2019am\u00e9nagement du territoire, d\u2019\u00c9conomie, de finances publiques, de d\u00e9veloppement durable, de for\u00eat et de logement<\/i>\u00a0\u00bb, elle entend sans surprise \u00ab\u00a0<i>acc\u00e9l\u00e9rer et faciliter la reconstruction, le soutien \u00e9conomique et l\u2019appui \u00e0 la population<\/i>\u00a0\u00bb touch\u00e9e par les incendies.<\/p>\n<p>Pendant ce temps, au niveau europ\u00e9en, on cause strat\u00e9gie. La Commission a pr\u00e9sent\u00e9 en mars son plan, ax\u00e9 sur quatre piliers\u00a0: pr\u00e9vention, pr\u00e9paration, r\u00e9ponse et r\u00e9habilitation. On promet aussi du mat\u00e9riel, h\u00e9licopt\u00e8res et Canadairs d\u2019ici\u00a02030.<\/p>\n<\/p><\/div>\n<div class=\"intext\"> L\u2019exemple australien\n              <\/div>\n<div class=\"paragraph\">\n<p>Et puis il y a l\u2019exemple australien o\u00f9 on a pris le taureau par les cornes. Sur l\u2019\u00eele continent, on a mis en place un suivi de la pr\u00e9vention bien avant la saison des feux et remis au go\u00fbt du jour le br\u00fblage ma\u00eetris\u00e9 par les Aborig\u00e8nes pour \u00e9liminer les feuilles mortes et herbes s\u00e8ches, du combustible pour les flammes. Des plans de survie pr\u00e9cis ont \u00e9t\u00e9 \u00e9labor\u00e9s pour les habitants et trois niveaux d\u2019alerte d\u00e9cr\u00e9t\u00e9s.<\/p>\n<p>O\u00f9 les feux extr\u00eames peuvent finalement \u00eatre un d\u00e9clic pour, enfin, passer \u00e0 l\u2019action.<\/p>\n<\/p><\/div>\n","protected":false},"excerpt":{"rendered":"Au moins 120&nbsp;000&nbsp;hectares partis en fum&eacute;e et la France br&ucirc;le toujours. Une douzaine d&rsquo;incendies est encore en cours, entre ceux qui n&rsquo;ont pas &eacute;t&eacute; &eacute;teints et ceux qui ont d&eacute;marr&eacute;, &#8230;","protected":false},"author":1,"featured_media":39188,"comment_status":"open","ping_status":"open","sticky":false,"template":"","format":"standard","meta":{"footnotes":""},"categories":[3926,3925,330,20],"tags":[373,207,208,503,796,642,90,575,1046,6036,418,572,851,6111,106,1396,784,541,378,250,2666,431,543,3516,439,2872,833,1397,381,1613,1395],"news-destination":[3944],"news-source":[475],"is_homepage":[],"ta_other":[],"class_list":["post-39187","post","type-post","status-publish","format-standard","has-post-thumbnail","hentry","category-accueil-merge","category-accueil-third","category-politique","category-societe","tag-chaleur","tag-changement-climatique","tag-collectivites","tag-departements","tag-developpement-durable","tag-droite","tag-eelv","tag-emmanuel-macron","tag-finances-publiques","tag-flammes","tag-foret","tag-france","tag-gabriel-attal","tag-giec","tag-habitants","tag-incendies","tag-intersyndicale","tag-lfi","tag-local","tag-pcf","tag-president-de-la-republique","tag-prevention","tag-ps","tag-reconstruction","tag-rn","tag-scientifiques","tag-sebastien-lecornu","tag-secheresse","tag-secours","tag-securite-civile","tag-temperatures","news-destination-homepage","news-source-website"],"_links":{"self":[{"href":"https:\/\/euapp01.newsmemory.com\/lamarseillaise\/news\/wp-json\/wp\/v2\/posts\/39187","targetHints":{"allow":["GET"]}}],"collection":[{"href":"https:\/\/euapp01.newsmemory.com\/lamarseillaise\/news\/wp-json\/wp\/v2\/posts"}],"about":[{"href":"https:\/\/euapp01.newsmemory.com\/lamarseillaise\/news\/wp-json\/wp\/v2\/types\/post"}],"author":[{"embeddable":true,"href":"https:\/\/euapp01.newsmemory.com\/lamarseillaise\/news\/wp-json\/wp\/v2\/users\/1"}],"replies":[{"embeddable":true,"href":"https:\/\/euapp01.newsmemory.com\/lamarseillaise\/news\/wp-json\/wp\/v2\/comments?post=39187"}],"version-history":[{"count":1,"href":"https:\/\/euapp01.newsmemory.com\/lamarseillaise\/news\/wp-json\/wp\/v2\/posts\/39187\/revisions"}],"predecessor-version":[{"id":39189,"href":"https:\/\/euapp01.newsmemory.com\/lamarseillaise\/news\/wp-json\/wp\/v2\/posts\/39187\/revisions\/39189"}],"wp:featuredmedia":[{"embeddable":true,"href":"https:\/\/euapp01.newsmemory.com\/lamarseillaise\/news\/wp-json\/wp\/v2\/media\/39188"}],"wp:attachment":[{"href":"https:\/\/euapp01.newsmemory.com\/lamarseillaise\/news\/wp-json\/wp\/v2\/media?parent=39187"}],"wp:term":[{"taxonomy":"category","embeddable":true,"href":"https:\/\/euapp01.newsmemory.com\/lamarseillaise\/news\/wp-json\/wp\/v2\/categories?post=39187"},{"taxonomy":"post_tag","embeddable":true,"href":"https:\/\/euapp01.newsmemory.com\/lamarseillaise\/news\/wp-json\/wp\/v2\/tags?post=39187"},{"taxonomy":"news-destination","embeddable":true,"href":"https:\/\/euapp01.newsmemory.com\/lamarseillaise\/news\/wp-json\/wp\/v2\/news-destination?post=39187"},{"taxonomy":"news-source","embeddable":true,"href":"https:\/\/euapp01.newsmemory.com\/lamarseillaise\/news\/wp-json\/wp\/v2\/news-source?post=39187"},{"taxonomy":"is_homepage","embeddable":true,"href":"https:\/\/euapp01.newsmemory.com\/lamarseillaise\/news\/wp-json\/wp\/v2\/is_homepage?post=39187"},{"taxonomy":"ta_other","embeddable":true,"href":"https:\/\/euapp01.newsmemory.com\/lamarseillaise\/news\/wp-json\/wp\/v2\/ta_other?post=39187"}],"curies":[{"name":"wp","href":"https:\/\/api.w.org\/{rel}","templated":true}]}}