{"id":39184,"date":"2026-08-13T06:31:00","date_gmt":"2026-08-13T04:31:00","guid":{"rendered":"https:\/\/euapp01.newsmemory.com\/lamarseillaise\/news\/?p=39184"},"modified":"2026-08-13T10:10:51","modified_gmt":"2026-08-13T08:10:51","slug":"consumes-les-pompiers-exigent-des-moyens","status":"publish","type":"post","link":"https:\/\/euapp01.newsmemory.com\/lamarseillaise\/news\/2026\/08\/13\/consumes-les-pompiers-exigent-des-moyens\/","title":{"rendered":"Consum\u00e9s, les pompiers exigent des moyens"},"content":{"rendered":"<div class=\"paragraph\">\n<p>\u00ab\u00a0<i>La S\u00e9curit\u00e9 civile est-elle dans les priorit\u00e9s du gouvernement<\/i><i>\u00a0<\/i><i>?<\/i>\u00a0\u00bb interrogent d\u2019une m\u00eame voix l\u2019ensemble des organisations syndicales des Services d\u00e9partementaux d\u2019incendie et de secours (Sdis). La r\u00e9ponse est \u00ab\u00a0<i>non<\/i>\u00a0\u00bb pour les repr\u00e9sentants des pompiers mobilis\u00e9s ce jeudi pour exiger des moyens \u00e0 la hauteur des enjeux. Gr\u00e8ves dans les casernes et rassemblement devant le minist\u00e8re de l\u2019Int\u00e9rieur sont organis\u00e9s pour interpeller le gouvernement dans la perspective du budget\u00a02027.<\/p>\n<p><b>Assez de paroles, des actes<\/b><b>\u00a0<\/b><b>!<\/b><\/p>\n<p>Car s\u2019ils sont applaudis et salu\u00e9s pour leur courage et leur abn\u00e9gation, les pompiers professionnels et volontaires en ont assez de ces paroles et veulent des actes et des engagements. Pour qu\u2019elle puisse r\u00e9pondre aux nouveaux d\u00e9fis du r\u00e9chauffement climatique, la S\u00e9curit\u00e9 civile doit changer d\u2019\u00e9chelle. Comment admettre que faute de budget, des pompiers professionnels re\u00e7us au concours en\u00a02023 ne soient toujours pas recrut\u00e9s\u00a0? Est-ce d\u00e9cent d\u2019\u00e9puiser les pompiers volontaires qui n\u2019ont pas de statut d\u00e9cent\u00a0?<\/p>\n<p>Pour les neuf syndicats de pompiers \u00ab\u00a0<i>on a loup\u00e9 le coche<\/i>\u00a0\u00bb apr\u00e8s les feux de\u00a02022. La faute au choix politique fondateur du pr\u00e9sident Macron\u00a0: absoudre les riches de l\u2019imp\u00f4t en coupant dans les budgets des services publics. La pr\u00e9paration du budget\u00a02027 ne devrait pas d\u00e9roger \u00e0 cette r\u00e8gle d\u2019airain de la macronie. Autant dire que l\u2019annonce du Premier ministre, mercredi, sur la cr\u00e9ation d\u2019une mission confi\u00e9e \u00e0 quatre d\u00e9put\u00e9s et trois s\u00e9nateurs pour proposer de nouvelles mesures contre les feux de for\u00eat a tout d\u2019un coup de communication. Insupportable.<\/p>\n<\/p><\/div>\n","protected":false},"excerpt":{"rendered":"&laquo;&nbsp;La S&eacute;curit&eacute; civile est-elle dans les priorit&eacute;s du gouvernement&nbsp;?&nbsp;&raquo; interrogent d&rsquo;une m&ecirc;me voix l&rsquo;ensemble des organisations syndicales des Services d&eacute;partementaux &#8230;","protected":false},"author":1,"featured_media":39185,"comment_status":"open","ping_status":"open","sticky":false,"template":"","format":"standard","meta":{"footnotes":""},"categories":[332],"tags":[430,822,1372,572,528,320,419,1613],"news-destination":[],"news-source":[475],"is_homepage":[],"ta_other":[],"class_list":["post-39184","post","type-post","status-publish","format-standard","has-post-thumbnail","hentry","category-edito","tag-budget","tag-coupes-budgetaires","tag-editoriaux","tag-france","tag-gouvernement","tag-pompiers","tag-rechauffement-climatique","tag-securite-civile","news-source-website"],"_links":{"self":[{"href":"https:\/\/euapp01.newsmemory.com\/lamarseillaise\/news\/wp-json\/wp\/v2\/posts\/39184","targetHints":{"allow":["GET"]}}],"collection":[{"href":"https:\/\/euapp01.newsmemory.com\/lamarseillaise\/news\/wp-json\/wp\/v2\/posts"}],"about":[{"href":"https:\/\/euapp01.newsmemory.com\/lamarseillaise\/news\/wp-json\/wp\/v2\/types\/post"}],"author":[{"embeddable":true,"href":"https:\/\/euapp01.newsmemory.com\/lamarseillaise\/news\/wp-json\/wp\/v2\/users\/1"}],"replies":[{"embeddable":true,"href":"https:\/\/euapp01.newsmemory.com\/lamarseillaise\/news\/wp-json\/wp\/v2\/comments?post=39184"}],"version-history":[{"count":1,"href":"https:\/\/euapp01.newsmemory.com\/lamarseillaise\/news\/wp-json\/wp\/v2\/posts\/39184\/revisions"}],"predecessor-version":[{"id":39186,"href":"https:\/\/euapp01.newsmemory.com\/lamarseillaise\/news\/wp-json\/wp\/v2\/posts\/39184\/revisions\/39186"}],"wp:featuredmedia":[{"embeddable":true,"href":"https:\/\/euapp01.newsmemory.com\/lamarseillaise\/news\/wp-json\/wp\/v2\/media\/39185"}],"wp:attachment":[{"href":"https:\/\/euapp01.newsmemory.com\/lamarseillaise\/news\/wp-json\/wp\/v2\/media?parent=39184"}],"wp:term":[{"taxonomy":"category","embeddable":true,"href":"https:\/\/euapp01.newsmemory.com\/lamarseillaise\/news\/wp-json\/wp\/v2\/categories?post=39184"},{"taxonomy":"post_tag","embeddable":true,"href":"https:\/\/euapp01.newsmemory.com\/lamarseillaise\/news\/wp-json\/wp\/v2\/tags?post=39184"},{"taxonomy":"news-destination","embeddable":true,"href":"https:\/\/euapp01.newsmemory.com\/lamarseillaise\/news\/wp-json\/wp\/v2\/news-destination?post=39184"},{"taxonomy":"news-source","embeddable":true,"href":"https:\/\/euapp01.newsmemory.com\/lamarseillaise\/news\/wp-json\/wp\/v2\/news-source?post=39184"},{"taxonomy":"is_homepage","embeddable":true,"href":"https:\/\/euapp01.newsmemory.com\/lamarseillaise\/news\/wp-json\/wp\/v2\/is_homepage?post=39184"},{"taxonomy":"ta_other","embeddable":true,"href":"https:\/\/euapp01.newsmemory.com\/lamarseillaise\/news\/wp-json\/wp\/v2\/ta_other?post=39184"}],"curies":[{"name":"wp","href":"https:\/\/api.w.org\/{rel}","templated":true}]}}