{"id":39178,"date":"2026-08-12T10:38:00","date_gmt":"2026-08-12T08:38:00","guid":{"rendered":"https:\/\/euapp01.newsmemory.com\/lamarseillaise\/news\/?p=39178"},"modified":"2026-08-19T10:23:47","modified_gmt":"2026-08-19T08:23:47","slug":"les-remparts-daigues-mortes-aux-premieres-loges-dun-festival","status":"publish","type":"post","link":"https:\/\/euapp01.newsmemory.com\/lamarseillaise\/news\/2026\/08\/12\/les-remparts-daigues-mortes-aux-premieres-loges-dun-festival\/","title":{"rendered":"Les remparts d\u2019Aigues-Mortes aux premi\u00e8res loges d\u2019un festival"},"content":{"rendered":"<div class=\"paragraph\">\n<p><i>\u00ab Ouverture et m\u00e9tissage<\/i>\u00a0\u00bb. Ce sont les mots qui, selon Nadim Garfi, directeur artistique, caract\u00e9risent au mieux le festival Les Nuits des remparts, qui va se tenir les 13, 14\u00a0et 15\u00a0ao\u00fbt, \u00e0 Aigues-Mortes. Des textes tr\u00e8s po\u00e9tiques, chant\u00e9s en arabe litt\u00e9ral par l\u2019artiste ENEL, aux classiques r\u00e9interpr\u00e9t\u00e9s par le quintette du Hot club de France, le tout en passant par les sonorit\u00e9s propos\u00e9es par le Mario Calonge Trio, la programmation se veut \u00e9clectique. Musique du monde et jazz seront donc \u00e0 l\u2019honneur, au sein d\u2019un morceau du patrimoine camarguais.<\/p>\n<p>Interrog\u00e9 sur le choix de ce lieu, Nadim Garfi r\u00e9pond\u00a0: \u00ab\u00a0<i>C\u2019est un lieu tellement magnifique<\/i>\u00a0\u00bb<i>.<\/i> Violoniste de formation, le directeur artistique se souvient d\u2019ailleurs de ses propres repr\u00e9sentations dans la ville fortifi\u00e9e, entre vestiges m\u00e9di\u00e9vaux et patrimoine local.<\/p>\n<p>\u00ab\u00a0<i>Je garde un tr\u00e8s bon souvenir de l\u2019acoustique et de l\u2019ambiance g\u00e9n\u00e9rale, qui se pr\u00eate vraiment \u00e0 ce type d\u2019\u00e9v\u00e9nements<\/i>\u00a0\u00bb<i>, <\/i>sourit le directeur artistique, \u00e0 l\u2019\u00e9vocation d\u2019un concert qu\u2019il a lui-m\u00eame donn\u00e9 \u00e0 la lumi\u00e8re des bougies dans le cadre des repr\u00e9sentations Candlelight.<\/p>\n<p><b>\u00ab<\/b><b>\u00a0<\/b><b>Un cadre tr\u00e8s stimulant<\/b><b>\u00a0<\/b><b>\u00bb<\/b><\/p>\n<p>Dans un souci d\u2019adaptation au lieu embl\u00e9matique que constituent les remparts et la tour de Constance, l\u2019organisation du festival a tenu \u00e0 coop\u00e9rer avec le Centre des monuments nationaux, leur permettant d\u2019aller \u00ab\u00a0<i>chercher des lieux originaux, plut\u00f4t que d\u2019aller dans un th\u00e9\u00e2tre<\/i>\u00a0\u00bb<i>. <\/i>Une d\u00e9cision qui casse volontairement les codes.<\/p>\n<p>\u00c0 l\u2019occasion de cette premi\u00e8re \u00e9dition du festival, pr\u00e8s de 550\u00a0places ont \u00e9t\u00e9 mises en vente pour chacune des soir\u00e9es. \u00ab\u00a0<i>On a imagin\u00e9 un public assis<\/i>\u00a0\u00bb<i>,<\/i> d\u00e9crit le directeur artistique, cr\u00e9ant une r\u00e9elle proximit\u00e9 entre les artistes et leur auditoire. \u00ab\u00a0<i>C\u2019est un cadre tr\u00e8s stimulant<\/i>\u00a0\u00bb<i>, <\/i>ajoute Nadim Garfi.<\/p>\n<p>Avec une programmation issue de divers horizons, l\u2019organisation esp\u00e8re que le public le sera tout autant. \u00ab\u00a0<i>L\u2019objectif, c\u2019est d\u2019attirer Monsieur Tout-le-monde<\/i>\u00a0\u00bb<i>, <\/i>lance le directeur artistique du festival, comptant \u00e9galement sur la pr\u00e9sence de nombreux m\u00e9lomanes. \u00ab\u00a0<i>J\u2019esp\u00e8re, par le choix des spectacles, r\u00e9ussir cette \u00e9dition<\/i>\u00a0\u00bb<i>,<\/i> conclut-il.<\/p>\n<\/p><\/div>\n<div class=\"paragraph\">\n<p><b><span class=\"mln_small-caps_mln\"><\/span><\/b><\/p>\n<p><i>Les Nuits des remparts, place Anatole-France, \u00e0 Aigues-Mortes. Du 13<\/i><i>\u00a0<\/i><i>au 15<\/i><i>\u00a0<\/i><i>ao\u00fbt 2026. Tarifs entre 25<\/i><i>\u00a0<\/i><i>\u20ac et 37<\/i><i>\u00a0<\/i><i>\u20ac.<\/i><\/p>\n<\/p><\/div>\n","protected":false},"excerpt":{"rendered":"&laquo; Ouverture et m&eacute;tissage&nbsp;&raquo;. Ce sont les mots qui, selon Nadim Garfi, directeur artistique, caract&eacute;risent au mieux le festival Les Nuits des remparts, qui va se tenir les 13, 14&nbsp;et 15&nbsp;ao&ucirc;t, &agrave; &#8230;","protected":false},"author":1,"featured_media":39179,"comment_status":"open","ping_status":"open","sticky":false,"template":"","format":"standard","meta":{"footnotes":""},"categories":[3926,3925,32],"tags":[4660,1236,400,329,238,40,325,284,97,1251,6119],"news-destination":[3944],"news-source":[475],"is_homepage":[],"ta_other":[],"class_list":["post-39178","post","type-post","status-publish","format-standard","has-post-thumbnail","hentry","category-accueil-merge","category-accueil-third","category-culture","tag-aigues-mortes","tag-artistes","tag-concerts","tag-festival","tag-gard","tag-jazz","tag-musique","tag-occitanie","tag-patrimoine","tag-pop","tag-remparts","news-destination-homepage","news-source-website"],"_links":{"self":[{"href":"https:\/\/euapp01.newsmemory.com\/lamarseillaise\/news\/wp-json\/wp\/v2\/posts\/39178","targetHints":{"allow":["GET"]}}],"collection":[{"href":"https:\/\/euapp01.newsmemory.com\/lamarseillaise\/news\/wp-json\/wp\/v2\/posts"}],"about":[{"href":"https:\/\/euapp01.newsmemory.com\/lamarseillaise\/news\/wp-json\/wp\/v2\/types\/post"}],"author":[{"embeddable":true,"href":"https:\/\/euapp01.newsmemory.com\/lamarseillaise\/news\/wp-json\/wp\/v2\/users\/1"}],"replies":[{"embeddable":true,"href":"https:\/\/euapp01.newsmemory.com\/lamarseillaise\/news\/wp-json\/wp\/v2\/comments?post=39178"}],"version-history":[{"count":1,"href":"https:\/\/euapp01.newsmemory.com\/lamarseillaise\/news\/wp-json\/wp\/v2\/posts\/39178\/revisions"}],"predecessor-version":[{"id":39180,"href":"https:\/\/euapp01.newsmemory.com\/lamarseillaise\/news\/wp-json\/wp\/v2\/posts\/39178\/revisions\/39180"}],"wp:featuredmedia":[{"embeddable":true,"href":"https:\/\/euapp01.newsmemory.com\/lamarseillaise\/news\/wp-json\/wp\/v2\/media\/39179"}],"wp:attachment":[{"href":"https:\/\/euapp01.newsmemory.com\/lamarseillaise\/news\/wp-json\/wp\/v2\/media?parent=39178"}],"wp:term":[{"taxonomy":"category","embeddable":true,"href":"https:\/\/euapp01.newsmemory.com\/lamarseillaise\/news\/wp-json\/wp\/v2\/categories?post=39178"},{"taxonomy":"post_tag","embeddable":true,"href":"https:\/\/euapp01.newsmemory.com\/lamarseillaise\/news\/wp-json\/wp\/v2\/tags?post=39178"},{"taxonomy":"news-destination","embeddable":true,"href":"https:\/\/euapp01.newsmemory.com\/lamarseillaise\/news\/wp-json\/wp\/v2\/news-destination?post=39178"},{"taxonomy":"news-source","embeddable":true,"href":"https:\/\/euapp01.newsmemory.com\/lamarseillaise\/news\/wp-json\/wp\/v2\/news-source?post=39178"},{"taxonomy":"is_homepage","embeddable":true,"href":"https:\/\/euapp01.newsmemory.com\/lamarseillaise\/news\/wp-json\/wp\/v2\/is_homepage?post=39178"},{"taxonomy":"ta_other","embeddable":true,"href":"https:\/\/euapp01.newsmemory.com\/lamarseillaise\/news\/wp-json\/wp\/v2\/ta_other?post=39178"}],"curies":[{"name":"wp","href":"https:\/\/api.w.org\/{rel}","templated":true}]}}