{"id":39175,"date":"2026-08-12T10:13:00","date_gmt":"2026-08-12T08:13:00","guid":{"rendered":"https:\/\/euapp01.newsmemory.com\/lamarseillaise\/news\/?p=39175"},"modified":"2026-08-12T10:38:31","modified_gmt":"2026-08-12T08:38:31","slug":"lartisanat-a-lhonneur-sur-le-marche-des-createurs-a-marseille","status":"publish","type":"post","link":"https:\/\/euapp01.newsmemory.com\/lamarseillaise\/news\/2026\/08\/12\/lartisanat-a-lhonneur-sur-le-marche-des-createurs-a-marseille\/","title":{"rendered":"L\u2019artisanat \u00e0 l\u2019honneur sur le march\u00e9 des cr\u00e9ateurs \u00e0 Marseille"},"content":{"rendered":"<div class=\"paragraph\">\n<p>La place G\u00e9n\u00e9ral de Gaulle (1<sup>er<\/sup>) devient une vitrine de la cr\u00e9ation ce week-end. Samedi\u00a015 et dimanche 16\u00a0ao\u00fbt, de\u00a010h \u00e0\u00a019h, 45\u00a0exposants sont attendus pour le march\u00e9 de cr\u00e9ateurs organis\u00e9 par l\u2019association Marquage.<\/p>\n<p>Cr\u00e9\u00e9e en 1994, l\u2019association organise depuis plusieurs d\u00e9cennies de tels march\u00e9s \u00e0 Marseille. Un rendez-vous important pour les artisans. \u00ab\u00a0<i>\u00c7a leur permet de rencontrer leur client\u00e8le donc de p\u00e9renniser leur activit\u00e9. C\u2019est aussi l\u2019occasion de rencontrer leurs pairs et de cr\u00e9er une bonne \u00e9mulation<\/i>\u00a0\u00bb, explique Age, artiste et fondateur de Marquage.<\/p>\n<\/p><\/div>\n<div class=\"intext\"> Du textile \u00e0 la c\u00e9ramique\n              <\/div>\n<div class=\"paragraph\">\n<p>C\u00f4t\u00e9 stands, l\u2019offre est pl\u00e9thorique\u00a0: \u00ab\u00a0<i>Il y a aussi bien des cr\u00e9ations contemporaines autour du textile, des bijoux que des cr\u00e9ations plus traditionnelles avec des savons, des bougies et de la c\u00e9ramique<\/i>\u00a0\u00bb, souligne Age. Les mat\u00e9riaux travaill\u00e9s sont, eux aussi, vari\u00e9s, \u00ab\u00a0<i>du bois au verre, en passant le m\u00e9tal<\/i>\u00a0\u00bb.<\/p>\n<p>Les cr\u00e9ateurs viennent de Marseille et de la r\u00e9gion, mais aussi de plus loin\u00a0: un artiste italien et un allemand seront pr\u00e9sents. L\u2019association s\u00e9lectionne les exposants en privil\u00e9giant \u00ab\u00a0<i>la direction personnelle et l\u2019originalit\u00e9<\/i>\u00a0\u00bb des cr\u00e9ations.<\/p>\n<p>Les prix se veulent, eux aussi, accessibles.<i> <\/i>\u00ab\u00a0<i>On choisit volontairement les artistes expos\u00e9s pour que toutes les bourses y trouvent leur compte<\/i>\u00a0\u00bb, pr\u00e9cise Age.<\/p>\n<\/p><\/div>\n<div class=\"paragraph\">\n<p><i>De 10h \u00e0 19h, place G\u00e9n\u00e9ral de<\/i><i>\u00a0<\/i><i>Gaulle (Marseille 1<\/i><i><sup>er<\/sup><\/i><i>)<\/i><\/p>\n<\/p><\/div>\n","protected":false},"excerpt":{"rendered":"La place G&eacute;n&eacute;ral de Gaulle (1er) devient une vitrine de la cr&eacute;ation ce week-end. Samedi&nbsp;15 et dimanche 16&nbsp;ao&ucirc;t, de&nbsp;10h &agrave;&nbsp;19h, 45&nbsp;exposants sont attendus pour le march&eacute; de &#8230;","protected":false},"author":1,"featured_media":39176,"comment_status":"open","ping_status":"open","sticky":false,"template":"","format":"standard","meta":{"footnotes":""},"categories":[20],"tags":[1337,992,1236,168,4299,3585,10,1143,1122,5587,1134,1583,16,1418,3802],"news-destination":[],"news-source":[475],"is_homepage":[],"ta_other":[],"class_list":["post-39175","post","type-post","status-publish","format-standard","has-post-thumbnail","hentry","category-societe","tag-artisans","tag-artiste","tag-artistes","tag-association","tag-bijoux","tag-bois","tag-bouches-du-rhone","tag-createurs","tag-creation","tag-exposants","tag-marche","tag-marches","tag-marseille","tag-metal","tag-textile","news-source-website"],"_links":{"self":[{"href":"https:\/\/euapp01.newsmemory.com\/lamarseillaise\/news\/wp-json\/wp\/v2\/posts\/39175","targetHints":{"allow":["GET"]}}],"collection":[{"href":"https:\/\/euapp01.newsmemory.com\/lamarseillaise\/news\/wp-json\/wp\/v2\/posts"}],"about":[{"href":"https:\/\/euapp01.newsmemory.com\/lamarseillaise\/news\/wp-json\/wp\/v2\/types\/post"}],"author":[{"embeddable":true,"href":"https:\/\/euapp01.newsmemory.com\/lamarseillaise\/news\/wp-json\/wp\/v2\/users\/1"}],"replies":[{"embeddable":true,"href":"https:\/\/euapp01.newsmemory.com\/lamarseillaise\/news\/wp-json\/wp\/v2\/comments?post=39175"}],"version-history":[{"count":1,"href":"https:\/\/euapp01.newsmemory.com\/lamarseillaise\/news\/wp-json\/wp\/v2\/posts\/39175\/revisions"}],"predecessor-version":[{"id":39177,"href":"https:\/\/euapp01.newsmemory.com\/lamarseillaise\/news\/wp-json\/wp\/v2\/posts\/39175\/revisions\/39177"}],"wp:featuredmedia":[{"embeddable":true,"href":"https:\/\/euapp01.newsmemory.com\/lamarseillaise\/news\/wp-json\/wp\/v2\/media\/39176"}],"wp:attachment":[{"href":"https:\/\/euapp01.newsmemory.com\/lamarseillaise\/news\/wp-json\/wp\/v2\/media?parent=39175"}],"wp:term":[{"taxonomy":"category","embeddable":true,"href":"https:\/\/euapp01.newsmemory.com\/lamarseillaise\/news\/wp-json\/wp\/v2\/categories?post=39175"},{"taxonomy":"post_tag","embeddable":true,"href":"https:\/\/euapp01.newsmemory.com\/lamarseillaise\/news\/wp-json\/wp\/v2\/tags?post=39175"},{"taxonomy":"news-destination","embeddable":true,"href":"https:\/\/euapp01.newsmemory.com\/lamarseillaise\/news\/wp-json\/wp\/v2\/news-destination?post=39175"},{"taxonomy":"news-source","embeddable":true,"href":"https:\/\/euapp01.newsmemory.com\/lamarseillaise\/news\/wp-json\/wp\/v2\/news-source?post=39175"},{"taxonomy":"is_homepage","embeddable":true,"href":"https:\/\/euapp01.newsmemory.com\/lamarseillaise\/news\/wp-json\/wp\/v2\/is_homepage?post=39175"},{"taxonomy":"ta_other","embeddable":true,"href":"https:\/\/euapp01.newsmemory.com\/lamarseillaise\/news\/wp-json\/wp\/v2\/ta_other?post=39175"}],"curies":[{"name":"wp","href":"https:\/\/api.w.org\/{rel}","templated":true}]}}