{"id":39172,"date":"2026-08-12T10:13:01","date_gmt":"2026-08-12T08:13:01","guid":{"rendered":"https:\/\/euapp01.newsmemory.com\/lamarseillaise\/news\/?p=39172"},"modified":"2026-08-19T10:23:47","modified_gmt":"2026-08-19T08:23:47","slug":"a-barjac-cinq-jours-pour-chiner-le-temps","status":"publish","type":"post","link":"https:\/\/euapp01.newsmemory.com\/lamarseillaise\/news\/2026\/08\/12\/a-barjac-cinq-jours-pour-chiner-le-temps\/","title":{"rendered":"\u00c0 Barjac, cinq jours pour chiner le temps"},"content":{"rendered":"<div class=\"paragraph\">\n<p>Du 12 au 16 ao\u00fbt, Barjac remettra les pendules \u00e0 l\u2019heure ancienne. Pendant cinq jours, le village gardois accueillera la 105<sup>e<\/sup>\u00a0\u00e9dition de sa Foire aux antiquit\u00e9s et \u00e0 la brocante, l\u2019un des grands rendez-vous estivaux des chineurs. Sous les platanes centenaires, pr\u00e8s de 300\u00a0exposants professionnels venus de toute la France et parfois d\u2019ailleurs d\u00e9plieront meubles patin\u00e9s, vaisselle, tableaux, bijoux, livres, jouets et objets insolites.<\/p>\n<p>D\u00e8s l\u2019ouverture, mercredi \u00e0 9 heures, les plus aguerris avanceront d\u2019un pas vif entre les camions et les tr\u00e9teaux, l\u2019\u0153il d\u00e9j\u00e0 accroch\u00e9 \u00e0 une commode, une affiche ancienne, une poign\u00e9e de cartes postales, et parfois m\u00eame des bustes antiques\u00a0! \u00c0 Barjac, le premier d\u00e9ballage conserve des allures de coup d\u2019envoi\u00a0: on fouille, on jauge, on marchande. Quelques euros pour une curiosit\u00e9, plusieurs milliers pour une pi\u00e8ce rare\u00a0: la foire m\u00eale les fortunes et les \u00e9poques dans un m\u00eame joyeux d\u00e9sordre.<\/p>\n<\/p><\/div>\n<div class=\"intext\"> \u00ab\u00a0Ce c\u00f4t\u00e9 bric-\u00e0-brac\u00a0\u00bb\n              <\/div>\n<div class=\"paragraph\">\n<p>Du champ de foire au ch\u00e2teau, les places et ruelles du village Renaissance se transformeront en vaste brocante \u00e0 ciel ouvert. On y vient pour acheter, bien s\u00fbr, mais aussi pour fl\u00e2ner, \u00e9couter les r\u00e9cits des marchands et retrouver cette atmosph\u00e8re o\u00f9 le temps semble s\u2019\u00eatre d\u00e9pos\u00e9 sur le bois, le m\u00e9tal ou la porcelaine. Un \u00ab\u00a0<i>c\u00f4t\u00e9 un peu bric-\u00e0-brac qui convient bien \u00e0 l\u2019esprit de la foire<\/i><i>\u00a0<\/i>\u00bb, r\u00e9sume Michel Raoux, membre de l\u2019association organisatrice.<\/p>\n<p>Cr\u00e9\u00e9e au d\u00e9but des ann\u00e9es 1970 pour donner un nouvel \u00e9lan au village, la manifestation est devenue une institution, organis\u00e9e deux fois par an, \u00e0 P\u00e2ques et autour du 15\u00a0ao\u00fbt. Plus d\u2019un demi-si\u00e8cle apr\u00e8s ses premiers \u00e9tals, elle demeure un moteur pour les caf\u00e9s, restaurants, h\u00e9bergements et commerces de C\u00e8ze-C\u00e9vennes. Mais elle doit aussi composer avec des co\u00fbts en hausse, un march\u00e9 de l\u2019ancien bouscul\u00e9 par les plateformes en ligne et le vieillissement d\u2019une partie des professionnels. L\u2019enjeu est d\u00e9sormais d\u2019attirer une nouvelle g\u00e9n\u00e9ration sans perdre le go\u00fbt du face-\u00e0-face et de la n\u00e9gociation.<\/p>\n<\/p><\/div>\n<div class=\"paragraph\">\n<p><i><\/i><\/p>\n<p><i>* La foire sera ouverte chaque jour de 9h \u00e0 17h, en acc\u00e8s libre. Le march\u00e9 du vendredi sera exceptionnellement d\u00e9plac\u00e9 \u00e0 Vagnas.<\/i><\/p>\n<\/p><\/div>\n","protected":false},"excerpt":{"rendered":"Du 12 au 16 ao&ucirc;t, Barjac remettra les pendules &agrave; l&rsquo;heure ancienne. Pendant cinq jours, le village gardois accueillera la 105e&nbsp;&eacute;dition de sa Foire aux antiquit&eacute;s et &agrave; la brocante, l&rsquo;un des grands &#8230;","protected":false},"author":1,"featured_media":39173,"comment_status":"open","ping_status":"open","sticky":false,"template":"","format":"standard","meta":{"footnotes":""},"categories":[3926,3925,20],"tags":[324,6245,4196,131,5225,238,284,97],"news-destination":[3944],"news-source":[475],"is_homepage":[],"ta_other":[],"class_list":["post-39172","post","type-post","status-publish","format-standard","has-post-thumbnail","hentry","category-accueil-merge","category-accueil-third","category-societe","tag-barjac","tag-brocante","tag-collectionneur","tag-collections","tag-foires","tag-gard","tag-occitanie","tag-patrimoine","news-destination-homepage","news-source-website"],"_links":{"self":[{"href":"https:\/\/euapp01.newsmemory.com\/lamarseillaise\/news\/wp-json\/wp\/v2\/posts\/39172","targetHints":{"allow":["GET"]}}],"collection":[{"href":"https:\/\/euapp01.newsmemory.com\/lamarseillaise\/news\/wp-json\/wp\/v2\/posts"}],"about":[{"href":"https:\/\/euapp01.newsmemory.com\/lamarseillaise\/news\/wp-json\/wp\/v2\/types\/post"}],"author":[{"embeddable":true,"href":"https:\/\/euapp01.newsmemory.com\/lamarseillaise\/news\/wp-json\/wp\/v2\/users\/1"}],"replies":[{"embeddable":true,"href":"https:\/\/euapp01.newsmemory.com\/lamarseillaise\/news\/wp-json\/wp\/v2\/comments?post=39172"}],"version-history":[{"count":1,"href":"https:\/\/euapp01.newsmemory.com\/lamarseillaise\/news\/wp-json\/wp\/v2\/posts\/39172\/revisions"}],"predecessor-version":[{"id":39174,"href":"https:\/\/euapp01.newsmemory.com\/lamarseillaise\/news\/wp-json\/wp\/v2\/posts\/39172\/revisions\/39174"}],"wp:featuredmedia":[{"embeddable":true,"href":"https:\/\/euapp01.newsmemory.com\/lamarseillaise\/news\/wp-json\/wp\/v2\/media\/39173"}],"wp:attachment":[{"href":"https:\/\/euapp01.newsmemory.com\/lamarseillaise\/news\/wp-json\/wp\/v2\/media?parent=39172"}],"wp:term":[{"taxonomy":"category","embeddable":true,"href":"https:\/\/euapp01.newsmemory.com\/lamarseillaise\/news\/wp-json\/wp\/v2\/categories?post=39172"},{"taxonomy":"post_tag","embeddable":true,"href":"https:\/\/euapp01.newsmemory.com\/lamarseillaise\/news\/wp-json\/wp\/v2\/tags?post=39172"},{"taxonomy":"news-destination","embeddable":true,"href":"https:\/\/euapp01.newsmemory.com\/lamarseillaise\/news\/wp-json\/wp\/v2\/news-destination?post=39172"},{"taxonomy":"news-source","embeddable":true,"href":"https:\/\/euapp01.newsmemory.com\/lamarseillaise\/news\/wp-json\/wp\/v2\/news-source?post=39172"},{"taxonomy":"is_homepage","embeddable":true,"href":"https:\/\/euapp01.newsmemory.com\/lamarseillaise\/news\/wp-json\/wp\/v2\/is_homepage?post=39172"},{"taxonomy":"ta_other","embeddable":true,"href":"https:\/\/euapp01.newsmemory.com\/lamarseillaise\/news\/wp-json\/wp\/v2\/ta_other?post=39172"}],"curies":[{"name":"wp","href":"https:\/\/api.w.org\/{rel}","templated":true}]}}