{"id":39169,"date":"2026-08-12T10:16:00","date_gmt":"2026-08-12T08:16:00","guid":{"rendered":"https:\/\/euapp01.newsmemory.com\/lamarseillaise\/news\/?p=39169"},"modified":"2026-08-12T10:38:31","modified_gmt":"2026-08-12T08:38:31","slug":"cest-lete-les-petits-debrouillards-au-stade-nautique-a-marseille","status":"publish","type":"post","link":"https:\/\/euapp01.newsmemory.com\/lamarseillaise\/news\/2026\/08\/12\/cest-lete-les-petits-debrouillards-au-stade-nautique-a-marseille\/","title":{"rendered":"[C\u2019est l\u2019\u00e9t\u00e9] Les petits d\u00e9brouillards au stade nautique \u00e0 Marseille"},"content":{"rendered":"<div class=\"paragraph\">\n<p>Les exp\u00e9riences scientifiques permettent d\u2019aborder des questions concr\u00e8tes comme le changement climatique, l\u2019\u00e9nergie, l\u2019alimentation, la sant\u00e9 ou la biodiversit\u00e9. Les Petits D\u00e9brouillards montrent que la science aide \u00e0 comprendre les grands d\u00e9fis contemporains.<\/p>\n<p>L\u2019objectif n\u2019est pas seulement d\u2019acqu\u00e9rir des connaissances, mais aussi de permettre aux habitants de participer aux d\u00e9bats de soci\u00e9t\u00e9 en disposant d\u2019informations solides et d\u2019outils de r\u00e9flexion.<\/p>\n<p>Le temps d\u2019une semaine, Les Petits D\u00e9brouillards ont pos\u00e9 leur moduloth\u00e8que \u00ab\u00a0Notre mer M\u00e9diterran\u00e9e\u00a0\u00bb au Stade nautique Florence Arthaud \u00e0 Marseille avec Nina pour animer tout cela. L\u2019exposition p\u00e9dagogique interactive invitait le public \u00e0 participer \u00e0 des activit\u00e9s scientifiques ludiques pour explorer l\u2019histoire, la biodiversit\u00e9, les grands fonds, d\u00e9construire les id\u00e9es re\u00e7ues autour des mobilit\u00e9s, mieux conna\u00eetre les usages partag\u00e9s.<\/p>\n<\/p><\/div>\n","protected":false},"excerpt":{"rendered":"Les exp&eacute;riences scientifiques permettent d&rsquo;aborder des questions concr&egrave;tes comme le changement climatique, l&rsquo;&eacute;nergie, l&rsquo;alimentation, la sant&eacute; ou la biodiversit&eacute;. Les Petits D&eacute;brouillards &#8230;","protected":false},"author":1,"featured_media":39170,"comment_status":"open","ping_status":"open","sticky":false,"template":"","format":"standard","meta":{"footnotes":""},"categories":[20],"tags":[1414,5975,84,10,6085,207,1022,279,172,16,1126,419,1058,353],"news-destination":[],"news-source":[475],"is_homepage":[],"ta_other":[],"class_list":["post-39169","post","type-post","status-publish","format-standard","has-post-thumbnail","hentry","category-societe","tag-alimentation","tag-base-nautique","tag-biodiversite","tag-bouches-du-rhone","tag-cest-lete","tag-changement-climatique","tag-energie","tag-exposition","tag-les-petits-debrouillards","tag-marseille","tag-pedagogique","tag-rechauffement-climatique","tag-science","tag-sciences","news-source-website"],"_links":{"self":[{"href":"https:\/\/euapp01.newsmemory.com\/lamarseillaise\/news\/wp-json\/wp\/v2\/posts\/39169","targetHints":{"allow":["GET"]}}],"collection":[{"href":"https:\/\/euapp01.newsmemory.com\/lamarseillaise\/news\/wp-json\/wp\/v2\/posts"}],"about":[{"href":"https:\/\/euapp01.newsmemory.com\/lamarseillaise\/news\/wp-json\/wp\/v2\/types\/post"}],"author":[{"embeddable":true,"href":"https:\/\/euapp01.newsmemory.com\/lamarseillaise\/news\/wp-json\/wp\/v2\/users\/1"}],"replies":[{"embeddable":true,"href":"https:\/\/euapp01.newsmemory.com\/lamarseillaise\/news\/wp-json\/wp\/v2\/comments?post=39169"}],"version-history":[{"count":1,"href":"https:\/\/euapp01.newsmemory.com\/lamarseillaise\/news\/wp-json\/wp\/v2\/posts\/39169\/revisions"}],"predecessor-version":[{"id":39171,"href":"https:\/\/euapp01.newsmemory.com\/lamarseillaise\/news\/wp-json\/wp\/v2\/posts\/39169\/revisions\/39171"}],"wp:featuredmedia":[{"embeddable":true,"href":"https:\/\/euapp01.newsmemory.com\/lamarseillaise\/news\/wp-json\/wp\/v2\/media\/39170"}],"wp:attachment":[{"href":"https:\/\/euapp01.newsmemory.com\/lamarseillaise\/news\/wp-json\/wp\/v2\/media?parent=39169"}],"wp:term":[{"taxonomy":"category","embeddable":true,"href":"https:\/\/euapp01.newsmemory.com\/lamarseillaise\/news\/wp-json\/wp\/v2\/categories?post=39169"},{"taxonomy":"post_tag","embeddable":true,"href":"https:\/\/euapp01.newsmemory.com\/lamarseillaise\/news\/wp-json\/wp\/v2\/tags?post=39169"},{"taxonomy":"news-destination","embeddable":true,"href":"https:\/\/euapp01.newsmemory.com\/lamarseillaise\/news\/wp-json\/wp\/v2\/news-destination?post=39169"},{"taxonomy":"news-source","embeddable":true,"href":"https:\/\/euapp01.newsmemory.com\/lamarseillaise\/news\/wp-json\/wp\/v2\/news-source?post=39169"},{"taxonomy":"is_homepage","embeddable":true,"href":"https:\/\/euapp01.newsmemory.com\/lamarseillaise\/news\/wp-json\/wp\/v2\/is_homepage?post=39169"},{"taxonomy":"ta_other","embeddable":true,"href":"https:\/\/euapp01.newsmemory.com\/lamarseillaise\/news\/wp-json\/wp\/v2\/ta_other?post=39169"}],"curies":[{"name":"wp","href":"https:\/\/api.w.org\/{rel}","templated":true}]}}