{"id":39166,"date":"2026-08-12T10:00:00","date_gmt":"2026-08-12T08:00:00","guid":{"rendered":"https:\/\/euapp01.newsmemory.com\/lamarseillaise\/news\/?p=39166"},"modified":"2026-08-19T09:56:03","modified_gmt":"2026-08-19T07:56:03","slug":"cest-lete-a-manosque-le-centre-social-offre-des-vacances","status":"publish","type":"post","link":"https:\/\/euapp01.newsmemory.com\/lamarseillaise\/news\/2026\/08\/12\/cest-lete-a-manosque-le-centre-social-offre-des-vacances\/","title":{"rendered":"[C\u2019est l\u2019\u00e9t\u00e9] \u00c0 Manosque, le centre social offre des vacances"},"content":{"rendered":"<div class=\"paragraph\">\n<p>Sorties baignade \u00e0 Marseille, s\u00e9jours au camping, vir\u00e9es organis\u00e9es par les jeunes du centre&#8230; Cet \u00e9t\u00e9, le centre social de Manosque est \u00ab\u00a0<i>pris d\u2019assaut<\/i>\u00a0\u00bb par des familles pr\u00e9caires, qui n\u2019ont pas les moyens de partir en vacances. \u00ab\u00a0<i>On a de longues listes d\u2019attente. Cette ann\u00e9e, il y a beaucoup plus de familles qui ne peuvent pas partir en vacances, de mamans qui ne sont pas v\u00e9hicul\u00e9es, qui ont des probl\u00e8mes financiers avec l\u2019explosion des prix, qui s\u2019inscrivent \u00e0 nos sorties<\/i>\u00a0\u00bb, constate Emmanuelle Evin, directrice du centre social municipal. La structure a organis\u00e9 par exemple deux sorties en mer pendant l\u2019\u00e9t\u00e9\u00a0: une en juillet, et une en ao\u00fbt, avec un grand bus de 50\u00a0places. \u00ab\u00a0<i>Pour certaines familles, c\u2019est leur seule sortie de tout l\u2019\u00e9t\u00e9. Les participants sont ravis, ils ne veulent plus repartir<\/i>\u00a0\u00bb, regrette la directrice.<\/p>\n<p>En plus de ces sorties, le centre social municipal propose des permanences France Travail en pied d\u2019immeuble, pour aider les habitants des quartiers prioritaires de la ville \u00e0 trouver du travail. \u00ab\u00a0<i>On travaille beaucoup avec les entreprises Proman et La Pizza Manosque pour qu\u2019ils puissent embaucher des personnes des quartiers<\/i>\u00a0\u00bb, explique Nesrine Rahou Guerfi, adjointe d\u00e9l\u00e9gu\u00e9e au centre social. La structure est \u00e9galement financ\u00e9e par le Conseil d\u00e9partemental pour accompagner les b\u00e9n\u00e9ficiaires du RSA. \u00ab\u00a0<i>Nous, assistantes sociales, manquons de moyens. Que le centre social puisse accompagner certaines personnes, c\u2019est un vrai plus, une vraie aide pour les assistantes sociales<\/i>\u00a0\u00bb, avance l\u2019adjointe, qui exerce elle-m\u00eame cette profession \u00e0 Forcalquier.<\/p>\n<\/p><\/div>\n<div class=\"intext\"> Un fonds de participation des habitants\n              <\/div>\n<div class=\"paragraph\">\n<p>Le centre social organise \u00e9galement des \u00ab\u00a0<i>week-ends famille<\/i>\u00a0\u00bb cibl\u00e9s pour les familles non francophones, les parents d\u2019adolescents ou encore \u00ab\u00a0<i>les familles en grande pr\u00e9carit\u00e9<\/i>\u00a0\u00bb, explique Emmanuelle Evin. \u00ab\u00a0<i>Si on voit que les familles ont envie de passer le pas et d\u2019essayer d\u2019aller passer un week-end ou une semaine seules avec leurs enfants, on enclenche un dispositif avec la fondation &#8220;<\/i><i>Je pars, Tu pars, Il part<\/i><i>&#8220;, qui offre des s\u00e9jours pour des familles vraiment d\u00e9favoris\u00e9es \u00e0 60<\/i><i>\u00a0<\/i><i>euros la semaine l\u2019h\u00e9bergement<\/i>\u00a0\u00bb, d\u00e9taille la directrice du centre.<\/p>\n<p>Le centre encourage aussi les habitants \u00e0 monter des projets, avec son \u00ab\u00a0<i>fonds de participation des habitants<\/i>\u00a0\u00bb. Des participantes ont par exemple mont\u00e9 \u00ab\u00a0<i>un atelier sortie r\u00e9pit parental maternel<\/i>\u00a0\u00bb, raconte Emmanuelle Evin. \u00ab\u00a0<i>Ce sont des mamans qui ont envie de prendre du temps pour elles, sans les maris, sans les enfants, pour souffler. Elles ont fait un programme avec diff\u00e9rentes sorties, comme le spa, le karaok\u00e9 ou le laser game<\/i>\u00a0\u00bb, explique-t-elle. D\u2019autres habitantes ont d\u00e9cid\u00e9 d\u2019organiser des ateliers loto, quiz musical ou encore plantation \u00e0 la maison de retraite Saint-Andr\u00e9. Une subvention de 2\u00a0000\u00a0euros est r\u00e9partie entre quatre projets des habitants, soit 500\u00a0euros par projet.<\/p>\n<p>Le centre a \u00e9galement un espace jeunes, agr\u00e9\u00e9 par la CAF, qui leur permet de monter eux aussi des projets. L\u2019ann\u00e9e derni\u00e8re, ils ont mont\u00e9 le projet \u00ab\u00a0<i>Paca 360<\/i>\u00a0\u00bb, qui leur permettait de d\u00e9couvrir chaque mois une nouvelle ville de l\u2019un des d\u00e9partements de la r\u00e9gion.<\/p>\n<\/p><\/div>\n","protected":false},"excerpt":{"rendered":"Sorties baignade &agrave; Marseille, s&eacute;jours au camping, vir&eacute;es organis&eacute;es par les jeunes du centre&#8230; Cet &eacute;t&eacute;, le centre social de Manosque est &laquo;&nbsp;pris d&rsquo;assaut&nbsp;&raquo; par des familles &#8230;","protected":false},"author":1,"featured_media":39167,"comment_status":"open","ping_status":"open","sticky":false,"template":"","format":"standard","meta":{"footnotes":""},"categories":[3926,3925,20],"tags":[100,4768,4467,6085,501,1774,35,336,59,271,1526,1361],"news-destination":[3944],"news-source":[475],"is_homepage":[],"ta_other":[],"class_list":["post-39166","post","type-post","status-publish","format-standard","has-post-thumbnail","hentry","category-accueil-merge","category-accueil-third","category-societe","tag-activites","tag-alpes","tag-alpes-de-haute-provence","tag-cest-lete","tag-centre-social","tag-centres-sociaux","tag-culture","tag-ete","tag-jeunes","tag-precarite","tag-quartier-prioritaire","tag-vacances","news-destination-homepage","news-source-website"],"_links":{"self":[{"href":"https:\/\/euapp01.newsmemory.com\/lamarseillaise\/news\/wp-json\/wp\/v2\/posts\/39166","targetHints":{"allow":["GET"]}}],"collection":[{"href":"https:\/\/euapp01.newsmemory.com\/lamarseillaise\/news\/wp-json\/wp\/v2\/posts"}],"about":[{"href":"https:\/\/euapp01.newsmemory.com\/lamarseillaise\/news\/wp-json\/wp\/v2\/types\/post"}],"author":[{"embeddable":true,"href":"https:\/\/euapp01.newsmemory.com\/lamarseillaise\/news\/wp-json\/wp\/v2\/users\/1"}],"replies":[{"embeddable":true,"href":"https:\/\/euapp01.newsmemory.com\/lamarseillaise\/news\/wp-json\/wp\/v2\/comments?post=39166"}],"version-history":[{"count":1,"href":"https:\/\/euapp01.newsmemory.com\/lamarseillaise\/news\/wp-json\/wp\/v2\/posts\/39166\/revisions"}],"predecessor-version":[{"id":39168,"href":"https:\/\/euapp01.newsmemory.com\/lamarseillaise\/news\/wp-json\/wp\/v2\/posts\/39166\/revisions\/39168"}],"wp:featuredmedia":[{"embeddable":true,"href":"https:\/\/euapp01.newsmemory.com\/lamarseillaise\/news\/wp-json\/wp\/v2\/media\/39167"}],"wp:attachment":[{"href":"https:\/\/euapp01.newsmemory.com\/lamarseillaise\/news\/wp-json\/wp\/v2\/media?parent=39166"}],"wp:term":[{"taxonomy":"category","embeddable":true,"href":"https:\/\/euapp01.newsmemory.com\/lamarseillaise\/news\/wp-json\/wp\/v2\/categories?post=39166"},{"taxonomy":"post_tag","embeddable":true,"href":"https:\/\/euapp01.newsmemory.com\/lamarseillaise\/news\/wp-json\/wp\/v2\/tags?post=39166"},{"taxonomy":"news-destination","embeddable":true,"href":"https:\/\/euapp01.newsmemory.com\/lamarseillaise\/news\/wp-json\/wp\/v2\/news-destination?post=39166"},{"taxonomy":"news-source","embeddable":true,"href":"https:\/\/euapp01.newsmemory.com\/lamarseillaise\/news\/wp-json\/wp\/v2\/news-source?post=39166"},{"taxonomy":"is_homepage","embeddable":true,"href":"https:\/\/euapp01.newsmemory.com\/lamarseillaise\/news\/wp-json\/wp\/v2\/is_homepage?post=39166"},{"taxonomy":"ta_other","embeddable":true,"href":"https:\/\/euapp01.newsmemory.com\/lamarseillaise\/news\/wp-json\/wp\/v2\/ta_other?post=39166"}],"curies":[{"name":"wp","href":"https:\/\/api.w.org\/{rel}","templated":true}]}}