{"id":39163,"date":"2026-08-12T09:49:00","date_gmt":"2026-08-12T07:49:00","guid":{"rendered":"https:\/\/euapp01.newsmemory.com\/lamarseillaise\/news\/?p=39163"},"modified":"2026-08-12T10:21:10","modified_gmt":"2026-08-12T08:21:10","slug":"cest-lete-lecture-la-vie-prodigieuse-dhelene-gordon-lazareff","status":"publish","type":"post","link":"https:\/\/euapp01.newsmemory.com\/lamarseillaise\/news\/2026\/08\/12\/cest-lete-lecture-la-vie-prodigieuse-dhelene-gordon-lazareff\/","title":{"rendered":"[C\u2019est l\u2019\u00e9t\u00e9] Lecture : \u00abLa vie prodigieuse d\u2019H\u00e9l\u00e8ne Gordon-Lazareff\u00bb"},"content":{"rendered":"<div class=\"paragraph\">\n<p>Mais si le pr\u00e9nom de son mari n\u2019a pas quitt\u00e9 les m\u00e9moires, le sien s\u2019est ensabl\u00e9 dans l\u2019oubli. Merci donc \u00e0 Yseult Williams de nous rappeler qu\u2019elle a d\u00e9couvert Bardot, pouss\u00e9 Pagnol \u00e0 \u00e9crire ses souvenirs d\u2019enfance, assist\u00e9 Saint-Ex dans l\u2019\u00e9criture du Petit Prince.<\/p>\n<p>Un livre remarquable, tant par ses qualit\u00e9s litt\u00e9raires que par son int\u00e9r\u00eat biographique.<\/p>\n<\/p><\/div>\n<div class=\"paragraph\">\n<p><i>\u00c9ditions Grasset.<\/i><\/p>\n<p><i>23<\/i><i>\u00a0<\/i><i>euros.<\/i><\/p>\n<\/p><\/div>\n","protected":false},"excerpt":{"rendered":"Mais si le pr&eacute;nom de son mari n&rsquo;a pas quitt&eacute; les m&eacute;moires, le sien s&rsquo;est ensabl&eacute; dans l&rsquo;oubli. Merci donc &agrave; Yseult Williams de nous rappeler qu&rsquo;elle a d&eacute;couvert Bardot, pouss&eacute; &#8230;","protected":false},"author":1,"featured_media":39164,"comment_status":"open","ping_status":"open","sticky":false,"template":"","format":"standard","meta":{"footnotes":""},"categories":[32],"tags":[1229,6244,6085,572,1293,1958,1248,1244,1660],"news-destination":[],"news-source":[475],"is_homepage":[],"ta_other":[],"class_list":["post-39163","post","type-post","status-publish","format-standard","has-post-thumbnail","hentry","category-culture","tag-biographie","tag-brigitte-bardot","tag-cest-lete","tag-france","tag-lecture","tag-litterature","tag-livre","tag-livres","tag-marcel-pagnol","news-source-website"],"_links":{"self":[{"href":"https:\/\/euapp01.newsmemory.com\/lamarseillaise\/news\/wp-json\/wp\/v2\/posts\/39163","targetHints":{"allow":["GET"]}}],"collection":[{"href":"https:\/\/euapp01.newsmemory.com\/lamarseillaise\/news\/wp-json\/wp\/v2\/posts"}],"about":[{"href":"https:\/\/euapp01.newsmemory.com\/lamarseillaise\/news\/wp-json\/wp\/v2\/types\/post"}],"author":[{"embeddable":true,"href":"https:\/\/euapp01.newsmemory.com\/lamarseillaise\/news\/wp-json\/wp\/v2\/users\/1"}],"replies":[{"embeddable":true,"href":"https:\/\/euapp01.newsmemory.com\/lamarseillaise\/news\/wp-json\/wp\/v2\/comments?post=39163"}],"version-history":[{"count":1,"href":"https:\/\/euapp01.newsmemory.com\/lamarseillaise\/news\/wp-json\/wp\/v2\/posts\/39163\/revisions"}],"predecessor-version":[{"id":39165,"href":"https:\/\/euapp01.newsmemory.com\/lamarseillaise\/news\/wp-json\/wp\/v2\/posts\/39163\/revisions\/39165"}],"wp:featuredmedia":[{"embeddable":true,"href":"https:\/\/euapp01.newsmemory.com\/lamarseillaise\/news\/wp-json\/wp\/v2\/media\/39164"}],"wp:attachment":[{"href":"https:\/\/euapp01.newsmemory.com\/lamarseillaise\/news\/wp-json\/wp\/v2\/media?parent=39163"}],"wp:term":[{"taxonomy":"category","embeddable":true,"href":"https:\/\/euapp01.newsmemory.com\/lamarseillaise\/news\/wp-json\/wp\/v2\/categories?post=39163"},{"taxonomy":"post_tag","embeddable":true,"href":"https:\/\/euapp01.newsmemory.com\/lamarseillaise\/news\/wp-json\/wp\/v2\/tags?post=39163"},{"taxonomy":"news-destination","embeddable":true,"href":"https:\/\/euapp01.newsmemory.com\/lamarseillaise\/news\/wp-json\/wp\/v2\/news-destination?post=39163"},{"taxonomy":"news-source","embeddable":true,"href":"https:\/\/euapp01.newsmemory.com\/lamarseillaise\/news\/wp-json\/wp\/v2\/news-source?post=39163"},{"taxonomy":"is_homepage","embeddable":true,"href":"https:\/\/euapp01.newsmemory.com\/lamarseillaise\/news\/wp-json\/wp\/v2\/is_homepage?post=39163"},{"taxonomy":"ta_other","embeddable":true,"href":"https:\/\/euapp01.newsmemory.com\/lamarseillaise\/news\/wp-json\/wp\/v2\/ta_other?post=39163"}],"curies":[{"name":"wp","href":"https:\/\/api.w.org\/{rel}","templated":true}]}}