{"id":39154,"date":"2026-08-12T09:26:00","date_gmt":"2026-08-12T07:26:00","guid":{"rendered":"https:\/\/euapp01.newsmemory.com\/lamarseillaise\/news\/?p=39154"},"modified":"2026-08-12T10:21:10","modified_gmt":"2026-08-12T08:21:10","slug":"cest-lete-cine-drive-in-a-seyne","status":"publish","type":"post","link":"https:\/\/euapp01.newsmemory.com\/lamarseillaise\/news\/2026\/08\/12\/cest-lete-cine-drive-in-a-seyne\/","title":{"rendered":"[C\u2019est l\u2019\u00e9t\u00e9] Cin\u00e9 drive-in \u00e0 Seyne"},"content":{"rendered":"<div class=\"paragraph\">\n<p>Confortablement install\u00e9s dans votre voiture, vous \u00eates invit\u00e9s \u00e0 d\u00e9couvrir sur \u00e9cran g\u00e9ant et en plein air au milieu de la nature le film familial Va\u00efana.<\/p>\n<\/p><\/div>\n<div class=\"paragraph\">\n<p><i>\u00c0 partir de 21h30.<\/i><\/p>\n<p><i>6<\/i><i>\u00a0<\/i><i>euros. <\/i><\/p>\n<\/p><\/div>\n","protected":false},"excerpt":{"rendered":"Confortablement install&eacute;s dans votre voiture, vous &ecirc;tes invit&eacute;s &agrave; d&eacute;couvrir sur &eacute;cran g&eacute;ant et en plein air au milieu de la nature le film familial Va&iuml;ana.&Agrave; partir de 21h30.6&nbsp;euros.","protected":false},"author":1,"featured_media":39155,"comment_status":"open","ping_status":"open","sticky":false,"template":"","format":"standard","meta":{"footnotes":""},"categories":[32],"tags":[4768,4467,6085,6138,57,754,2000,1175],"news-destination":[],"news-source":[475],"is_homepage":[],"ta_other":[],"class_list":["post-39154","post","type-post","status-publish","format-standard","has-post-thumbnail","hentry","category-culture","tag-alpes","tag-alpes-de-haute-provence","tag-cest-lete","tag-cine-plein-air","tag-enfants","tag-familles","tag-plein-air","tag-voitures","news-source-website"],"_links":{"self":[{"href":"https:\/\/euapp01.newsmemory.com\/lamarseillaise\/news\/wp-json\/wp\/v2\/posts\/39154","targetHints":{"allow":["GET"]}}],"collection":[{"href":"https:\/\/euapp01.newsmemory.com\/lamarseillaise\/news\/wp-json\/wp\/v2\/posts"}],"about":[{"href":"https:\/\/euapp01.newsmemory.com\/lamarseillaise\/news\/wp-json\/wp\/v2\/types\/post"}],"author":[{"embeddable":true,"href":"https:\/\/euapp01.newsmemory.com\/lamarseillaise\/news\/wp-json\/wp\/v2\/users\/1"}],"replies":[{"embeddable":true,"href":"https:\/\/euapp01.newsmemory.com\/lamarseillaise\/news\/wp-json\/wp\/v2\/comments?post=39154"}],"version-history":[{"count":1,"href":"https:\/\/euapp01.newsmemory.com\/lamarseillaise\/news\/wp-json\/wp\/v2\/posts\/39154\/revisions"}],"predecessor-version":[{"id":39156,"href":"https:\/\/euapp01.newsmemory.com\/lamarseillaise\/news\/wp-json\/wp\/v2\/posts\/39154\/revisions\/39156"}],"wp:featuredmedia":[{"embeddable":true,"href":"https:\/\/euapp01.newsmemory.com\/lamarseillaise\/news\/wp-json\/wp\/v2\/media\/39155"}],"wp:attachment":[{"href":"https:\/\/euapp01.newsmemory.com\/lamarseillaise\/news\/wp-json\/wp\/v2\/media?parent=39154"}],"wp:term":[{"taxonomy":"category","embeddable":true,"href":"https:\/\/euapp01.newsmemory.com\/lamarseillaise\/news\/wp-json\/wp\/v2\/categories?post=39154"},{"taxonomy":"post_tag","embeddable":true,"href":"https:\/\/euapp01.newsmemory.com\/lamarseillaise\/news\/wp-json\/wp\/v2\/tags?post=39154"},{"taxonomy":"news-destination","embeddable":true,"href":"https:\/\/euapp01.newsmemory.com\/lamarseillaise\/news\/wp-json\/wp\/v2\/news-destination?post=39154"},{"taxonomy":"news-source","embeddable":true,"href":"https:\/\/euapp01.newsmemory.com\/lamarseillaise\/news\/wp-json\/wp\/v2\/news-source?post=39154"},{"taxonomy":"is_homepage","embeddable":true,"href":"https:\/\/euapp01.newsmemory.com\/lamarseillaise\/news\/wp-json\/wp\/v2\/is_homepage?post=39154"},{"taxonomy":"ta_other","embeddable":true,"href":"https:\/\/euapp01.newsmemory.com\/lamarseillaise\/news\/wp-json\/wp\/v2\/ta_other?post=39154"}],"curies":[{"name":"wp","href":"https:\/\/api.w.org\/{rel}","templated":true}]}}