{"id":39148,"date":"2026-08-12T09:35:00","date_gmt":"2026-08-12T07:35:00","guid":{"rendered":"https:\/\/euapp01.newsmemory.com\/lamarseillaise\/news\/?p=39148"},"modified":"2026-08-12T10:21:10","modified_gmt":"2026-08-12T08:21:10","slug":"cest-lete-sous-les-etoiles-a-lourmarin","status":"publish","type":"post","link":"https:\/\/euapp01.newsmemory.com\/lamarseillaise\/news\/2026\/08\/12\/cest-lete-sous-les-etoiles-a-lourmarin\/","title":{"rendered":"[C\u2019est l\u2019\u00e9t\u00e9] Sous les \u00e9toiles \u00e0 Lourmarin"},"content":{"rendered":"<div class=\"paragraph\">\n<p>Accompagn\u00e9s par Fabrice, partez pour une immersion douce et conviviale dans l\u2019univers de la nuit. La soir\u00e9e commence par un temps d\u2019\u00e9coute et d\u2019observation de la faune nocturne, pour mieux percevoir l\u2019ambiance particuli\u00e8re du Luberon lorsque le jour laisse place \u00e0 la nuit au pied du ch\u00e2teau de Lourmarin.<\/p>\n<\/p><\/div>\n<div class=\"paragraph\">\n<p><i>De 20h30 \u00e0 22h. <\/i><\/p>\n<p><i>Entre 10<\/i><i>\u00a0<\/i><i>et 12<\/i><i>\u00a0<\/i><i>euros. <\/i><\/p>\n<p><i>Gratuit &#8211;<\/i><i>\u00a0<\/i><i>10<\/i><i>\u00a0<\/i><i>ans. <\/i><\/p>\n<p><i>R\u00e9servations<\/i><i>\u00a0<\/i><i>: 04.90.71.32.01<\/i><\/p>\n<\/p><\/div>\n","protected":false},"excerpt":{"rendered":"Accompagn&eacute;s par Fabrice, partez pour une immersion douce et conviviale dans l&rsquo;univers de la nuit. La soir&eacute;e commence par un temps d&rsquo;&eacute;coute et d&rsquo;observation de la faune nocturne, pour mieux percevoir &#8230;","protected":false},"author":1,"featured_media":39149,"comment_status":"open","ping_status":"open","sticky":false,"template":"","format":"standard","meta":{"footnotes":""},"categories":[20],"tags":[6085,225,41,58,376,6207,3391,171],"news-destination":[],"news-source":[475],"is_homepage":[],"ta_other":[],"class_list":["post-39148","post","type-post","status-publish","format-standard","has-post-thumbnail","hentry","category-societe","tag-cest-lete","tag-ciel","tag-etoiles","tag-famille","tag-faune-sauvage","tag-nocturne","tag-nuit","tag-vaucluse","news-source-website"],"_links":{"self":[{"href":"https:\/\/euapp01.newsmemory.com\/lamarseillaise\/news\/wp-json\/wp\/v2\/posts\/39148","targetHints":{"allow":["GET"]}}],"collection":[{"href":"https:\/\/euapp01.newsmemory.com\/lamarseillaise\/news\/wp-json\/wp\/v2\/posts"}],"about":[{"href":"https:\/\/euapp01.newsmemory.com\/lamarseillaise\/news\/wp-json\/wp\/v2\/types\/post"}],"author":[{"embeddable":true,"href":"https:\/\/euapp01.newsmemory.com\/lamarseillaise\/news\/wp-json\/wp\/v2\/users\/1"}],"replies":[{"embeddable":true,"href":"https:\/\/euapp01.newsmemory.com\/lamarseillaise\/news\/wp-json\/wp\/v2\/comments?post=39148"}],"version-history":[{"count":1,"href":"https:\/\/euapp01.newsmemory.com\/lamarseillaise\/news\/wp-json\/wp\/v2\/posts\/39148\/revisions"}],"predecessor-version":[{"id":39150,"href":"https:\/\/euapp01.newsmemory.com\/lamarseillaise\/news\/wp-json\/wp\/v2\/posts\/39148\/revisions\/39150"}],"wp:featuredmedia":[{"embeddable":true,"href":"https:\/\/euapp01.newsmemory.com\/lamarseillaise\/news\/wp-json\/wp\/v2\/media\/39149"}],"wp:attachment":[{"href":"https:\/\/euapp01.newsmemory.com\/lamarseillaise\/news\/wp-json\/wp\/v2\/media?parent=39148"}],"wp:term":[{"taxonomy":"category","embeddable":true,"href":"https:\/\/euapp01.newsmemory.com\/lamarseillaise\/news\/wp-json\/wp\/v2\/categories?post=39148"},{"taxonomy":"post_tag","embeddable":true,"href":"https:\/\/euapp01.newsmemory.com\/lamarseillaise\/news\/wp-json\/wp\/v2\/tags?post=39148"},{"taxonomy":"news-destination","embeddable":true,"href":"https:\/\/euapp01.newsmemory.com\/lamarseillaise\/news\/wp-json\/wp\/v2\/news-destination?post=39148"},{"taxonomy":"news-source","embeddable":true,"href":"https:\/\/euapp01.newsmemory.com\/lamarseillaise\/news\/wp-json\/wp\/v2\/news-source?post=39148"},{"taxonomy":"is_homepage","embeddable":true,"href":"https:\/\/euapp01.newsmemory.com\/lamarseillaise\/news\/wp-json\/wp\/v2\/is_homepage?post=39148"},{"taxonomy":"ta_other","embeddable":true,"href":"https:\/\/euapp01.newsmemory.com\/lamarseillaise\/news\/wp-json\/wp\/v2\/ta_other?post=39148"}],"curies":[{"name":"wp","href":"https:\/\/api.w.org\/{rel}","templated":true}]}}