{"id":39145,"date":"2026-08-12T09:22:00","date_gmt":"2026-08-12T07:22:00","guid":{"rendered":"https:\/\/euapp01.newsmemory.com\/lamarseillaise\/news\/?p=39145"},"modified":"2026-08-14T10:55:50","modified_gmt":"2026-08-14T08:55:50","slug":"cest-lete-une-serie-denigmes-sensibilise-les-enfants-a-lecologie-a-marseille","status":"publish","type":"post","link":"https:\/\/euapp01.newsmemory.com\/lamarseillaise\/news\/2026\/08\/12\/cest-lete-une-serie-denigmes-sensibilise-les-enfants-a-lecologie-a-marseille\/","title":{"rendered":"[C\u2019est l\u2019\u00e9t\u00e9] Une s\u00e9rie d\u2019\u00e9nigmes sensibilise les enfants \u00e0 l\u2019\u00e9cologie \u00e0 Marseille"},"content":{"rendered":"<div class=\"paragraph\">\n<p>\u00ab <i>J<\/i><i>e suis venue parce que c\u2019\u00e9tait \u00e0 c\u00f4t\u00e9 de chez nous, je pensais pas rester longtemps mais mon fils s\u2019\u00e9clate<\/i>\u00a0\u00bb, rigole Pauline, dont le fils de 7\u00a0ans participe \u00e0 un atelier. Les enfants, projet\u00e9s en\u00a02050, voient leur monde en danger, ils doivent lib\u00e9rer le gardien du parc en r\u00e9pondant \u00e0 des \u00e9nigmes. Cette activit\u00e9, propos\u00e9e par L\u2019\u00e9t\u00e9 marseillais dans diff\u00e9rents parcs de la ville, sensibilise les enfants aux enjeux \u00e9cologiques.<\/p>\n<p>\u00ab\u00a0<i>Le but \u00e9tait de reprendre les grands classiques de l\u2019enfance et de demander \u00e0 des collectifs d\u2019artistes locaux de s\u2019emparer du jeu de piste, et de le r\u00e9viser \u00e0 une sauce cr\u00e9ative et accessible pour le public<\/i><i>\u00a0<\/i>\u00bb, explique Manon Bernard, charg\u00e9e de production. Les enfants, r\u00e9partis en groupes, vont d\u2019ateliers en ateliers propos\u00e9s par quatre artistes de la collective Panthera, guid\u00e9s par un robot.<\/p>\n<p>Le premier atelier est tenu par Juliette, les enfants cherchent \u00e0 identifier des odeurs ou \u00e0 composer des formes avec du slime. Clara incarne un cafard qui a surv\u00e9cu \u00e0 la destruction de la plan\u00e8te et s\u2019amuse en tenant une kermesse avec ce qu\u2019il a pu r\u00e9cup\u00e9rer. Au bout du pont, Nicol, incarne \u00ab\u00a0<i>une fleur<\/i><i>\u00a0<\/i>\u00bb. \u00ab\u00a0<i>Il y a un jeu de m\u00e9moire sur les aliments et les plantes, et pour les petits, ils recomposent une fleur \u00e0 partir des couleurs<\/i><i>\u00a0<\/i>\u00bb. \u00ab\u00a0<i>Ces activit\u00e9s ludiques permettent aux enfants d\u2019avoir un rapport concret \u00e0 la nature<\/i><i>\u00a0<\/i>\u00bb, ajoute Nicol.<\/p>\n<\/p><\/div>\n<div class=\"intext\"> \u00c9quilibrer l\u2019\u00e9cosyst\u00e8me<br \/>\n               <br \/>du parc\n              <\/div>\n<div class=\"paragraph\">\n<p>Une fois les ateliers r\u00e9alis\u00e9s, les \u00e9quipes r\u00e9cup\u00e8rent une cl\u00e9 USB pour avoir le dernier indice donn\u00e9 par le robot. \u00ab\u00a0<i>Il faut r\u00e9cup\u00e9rer une carte au tr\u00e9sor<\/i><i>\u00a0<\/i>\u00bb, crie une petite fille en courant vers les buissons. Cette carte m\u00e8ne \u00e0 un coffre dans lequel se cachent les \u00e9l\u00e9ments pour reconstituer le gardien du parc. \u00ab\u00a0<i>\u00c0 quels \u00e9l\u00e9ments de la nature cela vous fait-il penser<\/i><i>\u00a0<\/i><i>?<\/i><i>\u00a0<\/i>\u00bb, demande le robot. \u00ab\u00a0<i>Au feu<\/i><i>\u00a0<\/i><i>!<\/i><i>\u00a0<\/i>\u00bb, \u00ab\u00a0<i>\u00c0 l\u2019eau<\/i><i>\u00a0<\/i><i>!<\/i><i>\u00a0<\/i>\u00bb, \u00ab\u00a0<i>\u00c0 l\u2019air<\/i><i>\u00a0<\/i><i>!<\/i><i>\u00a0<\/i>\u00bb, chaque enfant crie une r\u00e9ponse, ravi. Petit \u00e0 petit, chaque \u00e9quipe reconstitue le squelette du gardien. \u00ab\u00a0<i>Vous avez r\u00e9ussi<\/i><i>\u00a0<\/i><i>!<\/i><i>\u00a0<\/i>\u00bb, tonne le robot, la musique est lanc\u00e9e, les enfants hurlent de joie\u00a0: ils ont lib\u00e9r\u00e9 le gardien qui pourra \u00e9quilibrer l\u2019\u00e9cosyst\u00e8me du parc.<\/p>\n<p><b>Gabrielle Cartellier<\/b><\/p>\n<\/p><\/div>\n","protected":false},"excerpt":{"rendered":"&laquo; Je suis venue parce que c&rsquo;&eacute;tait &agrave; c&ocirc;t&eacute; de chez nous, je pensais pas rester longtemps mais mon fils s&rsquo;&eacute;clate&nbsp;&raquo;, rigole Pauline, dont le fils de 7&nbsp;ans participe &agrave; un atelier. &#8230;","protected":false},"author":1,"featured_media":39146,"comment_status":"open","ping_status":"open","sticky":false,"template":"","format":"standard","meta":{"footnotes":""},"categories":[3926,3925,333,20],"tags":[1236,130,10,6085,1434,2618,57,6243,2371,1308,16,938,1291,2502,720,99],"news-destination":[3944],"news-source":[475],"is_homepage":[],"ta_other":[],"class_list":["post-39145","post","type-post","status-publish","format-standard","has-post-thumbnail","hentry","category-accueil-merge","category-accueil-third","category-environnement","category-societe","tag-artistes","tag-ateliers","tag-bouches-du-rhone","tag-cest-lete","tag-ecologie","tag-ecosysteme","tag-enfants","tag-jeu-de-piste","tag-jeux","tag-lete-marseillais","tag-marseille","tag-nature","tag-parc","tag-parcs","tag-ville","tag-ville-de-marseille","news-destination-homepage","news-source-website"],"_links":{"self":[{"href":"https:\/\/euapp01.newsmemory.com\/lamarseillaise\/news\/wp-json\/wp\/v2\/posts\/39145","targetHints":{"allow":["GET"]}}],"collection":[{"href":"https:\/\/euapp01.newsmemory.com\/lamarseillaise\/news\/wp-json\/wp\/v2\/posts"}],"about":[{"href":"https:\/\/euapp01.newsmemory.com\/lamarseillaise\/news\/wp-json\/wp\/v2\/types\/post"}],"author":[{"embeddable":true,"href":"https:\/\/euapp01.newsmemory.com\/lamarseillaise\/news\/wp-json\/wp\/v2\/users\/1"}],"replies":[{"embeddable":true,"href":"https:\/\/euapp01.newsmemory.com\/lamarseillaise\/news\/wp-json\/wp\/v2\/comments?post=39145"}],"version-history":[{"count":1,"href":"https:\/\/euapp01.newsmemory.com\/lamarseillaise\/news\/wp-json\/wp\/v2\/posts\/39145\/revisions"}],"predecessor-version":[{"id":39147,"href":"https:\/\/euapp01.newsmemory.com\/lamarseillaise\/news\/wp-json\/wp\/v2\/posts\/39145\/revisions\/39147"}],"wp:featuredmedia":[{"embeddable":true,"href":"https:\/\/euapp01.newsmemory.com\/lamarseillaise\/news\/wp-json\/wp\/v2\/media\/39146"}],"wp:attachment":[{"href":"https:\/\/euapp01.newsmemory.com\/lamarseillaise\/news\/wp-json\/wp\/v2\/media?parent=39145"}],"wp:term":[{"taxonomy":"category","embeddable":true,"href":"https:\/\/euapp01.newsmemory.com\/lamarseillaise\/news\/wp-json\/wp\/v2\/categories?post=39145"},{"taxonomy":"post_tag","embeddable":true,"href":"https:\/\/euapp01.newsmemory.com\/lamarseillaise\/news\/wp-json\/wp\/v2\/tags?post=39145"},{"taxonomy":"news-destination","embeddable":true,"href":"https:\/\/euapp01.newsmemory.com\/lamarseillaise\/news\/wp-json\/wp\/v2\/news-destination?post=39145"},{"taxonomy":"news-source","embeddable":true,"href":"https:\/\/euapp01.newsmemory.com\/lamarseillaise\/news\/wp-json\/wp\/v2\/news-source?post=39145"},{"taxonomy":"is_homepage","embeddable":true,"href":"https:\/\/euapp01.newsmemory.com\/lamarseillaise\/news\/wp-json\/wp\/v2\/is_homepage?post=39145"},{"taxonomy":"ta_other","embeddable":true,"href":"https:\/\/euapp01.newsmemory.com\/lamarseillaise\/news\/wp-json\/wp\/v2\/ta_other?post=39145"}],"curies":[{"name":"wp","href":"https:\/\/api.w.org\/{rel}","templated":true}]}}